{"id":109653,"date":"2024-12-21T12:04:02","date_gmt":"2024-12-21T09:04:02","guid":{"rendered":"https:\/\/www.tgrthaber.com\/mavikadin\/?p=109653"},"modified":"2024-12-21T12:04:02","modified_gmt":"2024-12-21T09:04:02","slug":"kibariye-zombiye-donustu-kocasini-yedi","status":"publish","type":"post","link":"https:\/\/www.tgrthaber.com\/mavikadin\/kibariye-zombiye-donustu-kocasini-yedi\/","title":{"rendered":"Kibariye zombiye d\u00f6n\u00fc\u015ft\u00fc! Kocas\u0131n\u0131 yedi!"},"content":{"rendered":"<p>\u00dcnl\u00fc \u015fark\u0131c\u0131 Kibariye, g\u00fc\u00e7l\u00fc sesiyle kulaklar\u0131n pas\u0131n\u0131 sildi\u011fi kadar son g\u00f6r\u00fcnt\u00fcs\u00fcyle de sosyal medyada b\u00fcy\u00fck yank\u0131 uyand\u0131rd\u0131. 64 ya\u015f\u0131ndaki sanat\u00e7\u0131, &#8220;Kutsal Damacana 5-Zombi&#8221; filminde konuk oyuncu olarak yer alarak hayranlar\u0131n\u0131 \u015fa\u015f\u0131rtt\u0131. Kibariye&#8217;nin bu rol\u00fcnde Zombi&#8217;ye d\u00f6n\u00fc\u015ft\u00fcr\u00fclmesi, film tutkunlar\u0131 aras\u0131nda merak ve heyecan olu\u015fturdu. Sanat\u00e7\u0131n\u0131n sinema d\u00fcnyas\u0131ndaki yeni maceras\u0131 da geni\u015f kitleler taraf\u0131ndan verilecek tepki merak konusu oldu.<\/p>\n<h3>KONUK OYUNCU OLARAK YER ALDI<\/h3>\n<p>Ba\u015far\u0131l\u0131 komedyen \u015eafak Sezer&#8217;in efsane serisi &#8220;Kutsal Damacana&#8221;n\u0131n be\u015finci filmi olan &#8220;Kutsal Damacana 5-Zombi&#8217;de&#8221;, Papaz Fikret karakterini canland\u0131rd\u0131\u011f\u0131 filmde Kibariye konuk oyuncu olarak yer ald\u0131. Fikret&#8217;in kar\u015f\u0131s\u0131na \u00e7\u0131kan iblisin oyunlar\u0131 sonucunda Kibariye sil\u00fcetine b\u00fcr\u00fcnd\u00fc\u011f\u00fc anlarda, g\u00fc\u00e7l\u00fc yorumcu kimli\u011fi ve oyunculu\u011fuyla dikkat \u00e7eken sanat\u00e7\u0131, izleyicilerden tam not ald\u0131. Bu \u00f6zel role getirdi\u011fi katk\u0131larla filmin atmosferine ayr\u0131 bir renk katan Kibariye, seyirciler taraf\u0131ndan b\u00fcy\u00fck be\u011feni toplayabilecek mi?<\/p>\n<p><img loading=\"lazy\" decoding=\"async\" class=\"alignnone wp-image-109655\" src=\"https:\/\/www.tgrthaber.com\/mavikadin\/wp-content\/uploads\/kutsal-damacana-5--300x169.jpg\" alt=\"kutsal damacana 5\" width=\"1208\" height=\"680\" title=\"\" srcset=\"https:\/\/www.tgrthaber.com\/mavikadin\/wp-content\/uploads\/kutsal-damacana-5--300x169.jpg 300w, https:\/\/www.tgrthaber.com\/mavikadin\/wp-content\/uploads\/kutsal-damacana-5--1024x576.jpg 1024w, https:\/\/www.tgrthaber.com\/mavikadin\/wp-content\/uploads\/kutsal-damacana-5--768x432.jpg 768w, https:\/\/www.tgrthaber.com\/mavikadin\/wp-content\/uploads\/kutsal-damacana-5--1536x864.jpg 1536w, https:\/\/www.tgrthaber.com\/mavikadin\/wp-content\/uploads\/kutsal-damacana-5-.jpg 1920w\" sizes=\"(max-width: 1208px) 100vw, 1208px\" \/><\/p>\n<h3>OBJEKT\u0130FLERE E\u011eLENCEL\u0130 POZ VERD\u0130<\/h3>\n<p>Kibariye, makyajla Zombi&#8217;ye d\u00f6n\u00fc\u015ft\u00fcr\u00fcld\u00fc\u011f\u00fc film \u00e7ekimlerinde e\u015fi Ali K\u00fc\u00e7\u00fckbal\u00e7\u0131k ile birlikte objektiflere e\u011flenceli pozlar verdi. Bu \u00f6zel anlar\u0131n foto\u011fraflar\u0131 sosyal medyada payla\u015f\u0131l\u0131nca hayranlar\u0131 taraf\u0131ndan b\u00fcy\u00fck ilgi g\u00f6rd\u00fc.<\/p>\n<h3>OCAK AYINDA V\u0130ZYONDA!<\/h3>\n<p>17 Ocak 2025 tarihinde vizyona girecek olan filminde, Fikret, As\u0131m ve Artin, ezeli d\u00fc\u015fmanlar\u0131 \u0130blis\u2019in yeni oyunuyla kar\u015f\u0131 kar\u015f\u0131ya gelecekler. Bu kez, \u0130blis&#8217;in d\u00fcnyaya yayd\u0131\u011f\u0131 vir\u00fcsle olu\u015fturdu\u011fu zombi ordusuyla m\u00fccadele etmek zorunda kalacaklar. \u015eafak Sezer&#8217;in senaryosunu yazd\u0131\u011f\u0131, Polat Ya\u011fc\u0131&#8217;n\u0131n yap\u0131mc\u0131l\u0131\u011f\u0131n\u0131 \u00fcstlendi\u011fi ve Poll Films taraf\u0131ndan haz\u0131rlanan &#8220;Kutsal Damacana 5-Zombi&#8221; filminin y\u00f6netmen koltu\u011funda ise Kamil \u00c7etin bulunmaktad\u0131r.<\/p>\n","protected":false},"excerpt":{"rendered":"<p>Kutsal Damacana, T\u00fcrk sinemas\u0131nda en e\u011flenceli serilerden biri ve be\u015finci filmiyle seyircilerle bulu\u015fmaya haz\u0131rlan\u0131yor. \u015eafak Sezer\u2019in ba\u015frollerinde yer ald\u0131\u011f\u0131 filmde Kibariye zombiye d\u00f6n\u00fc\u015ft\u00fc. <\/p>\n","protected":false},"author":10,"featured_media":109654,"comment_status":"closed","ping_status":"closed","sticky":false,"template":"","format":"standard","meta":{"rank_math_lock_modified_date":false,"footnotes":""},"categories":[76],"tags":[3015,4270,5063],"class_list":["post-109653","post","type-post","status-publish","format-standard","has-post-thumbnail","hentry","category-magazin","tag-kibariye","tag-kutsal-damacana-5-zombi","tag-safak-sezer"],"_links":{"self":[{"href":"https:\/\/www.tgrthaber.com\/mavikadin\/wp-json\/wp\/v2\/posts\/109653"}],"collection":[{"href":"https:\/\/www.tgrthaber.com\/mavikadin\/wp-json\/wp\/v2\/posts"}],"about":[{"href":"https:\/\/www.tgrthaber.com\/mavikadin\/wp-json\/wp\/v2\/types\/post"}],"author":[{"embeddable":true,"href":"https:\/\/www.tgrthaber.com\/mavikadin\/wp-json\/wp\/v2\/users\/10"}],"replies":[{"embeddable":true,"href":"https:\/\/www.tgrthaber.com\/mavikadin\/wp-json\/wp\/v2\/comments?post=109653"}],"version-history":[{"count":1,"href":"https:\/\/www.tgrthaber.com\/mavikadin\/wp-json\/wp\/v2\/posts\/109653\/revisions"}],"predecessor-version":[{"id":109656,"href":"https:\/\/www.tgrthaber.com\/mavikadin\/wp-json\/wp\/v2\/posts\/109653\/revisions\/109656"}],"wp:featuredmedia":[{"embeddable":true,"href":"https:\/\/www.tgrthaber.com\/mavikadin\/wp-json\/wp\/v2\/media\/109654"}],"wp:attachment":[{"href":"https:\/\/www.tgrthaber.com\/mavikadin\/wp-json\/wp\/v2\/media?parent=109653"}],"wp:term":[{"taxonomy":"category","embeddable":true,"href":"https:\/\/www.tgrthaber.com\/mavikadin\/wp-json\/wp\/v2\/categories?post=109653"},{"taxonomy":"post_tag","embeddable":true,"href":"https:\/\/www.tgrthaber.com\/mavikadin\/wp-json\/wp\/v2\/tags?post=109653"}],"curies":[{"name":"wp","href":"https:\/\/api.w.org\/{rel}","templated":true}]}}