{"id":109658,"date":"2024-12-21T12:42:34","date_gmt":"2024-12-21T09:42:34","guid":{"rendered":"https:\/\/www.tgrthaber.com\/mavikadin\/?p=109658"},"modified":"2024-12-21T12:49:54","modified_gmt":"2024-12-21T09:49:54","slug":"nejat-isler-yere-yigildi-zor-anlarina-vatandas-yetisti","status":"publish","type":"post","link":"https:\/\/www.tgrthaber.com\/mavikadin\/nejat-isler-yere-yigildi-zor-anlarina-vatandas-yetisti\/","title":{"rendered":"Nejat \u0130\u015fler yere y\u0131\u011f\u0131ld\u0131! Zor anlar\u0131na vatanda\u015f yeti\u015fti"},"content":{"rendered":"<p>Sevilen oyuncu Nejat \u0130\u015fler \u00f6nceki gece Asmal\u0131mescit&#8217;te bir mekan \u00e7\u0131k\u0131\u015f\u0131nda g\u00f6r\u00fcnt\u00fclendi. \u0130\u015fler\u2019in ya\u015fad\u0131\u011f\u0131 zor anlara \u00e7evresindeki vatanda\u015flar yard\u0131m etti.<\/p>\n<h3>NEJAT \u0130\u015eLER YERE YI\u011eILDI!<\/h3>\n<p>Ayakta durmakta g\u00fc\u00e7l\u00fck \u00e7eken ve taksiye do\u011fru ilerlerken yere y\u0131\u011f\u0131lan Nejat \u0130\u015fler bir anda yere y\u0131\u011f\u0131ld\u0131. Arkada\u015flar\u0131n\u0131n yard\u0131m\u0131yla aya\u011fa kald\u0131r\u0131lan \u00fcnl\u00fc ismin fazla alkol ald\u0131\u011f\u0131 iddia edildi. \u0130\u015fler, \u00e7evredekilerin de yard\u0131m\u0131yla taksiye bindirildi.<\/p>\n<p><img loading=\"lazy\" decoding=\"async\" class=\"alignnone wp-image-109660\" src=\"https:\/\/www.tgrthaber.com\/mavikadin\/wp-content\/uploads\/Nejat-Isler-1.webp\" alt=\"\" width=\"1208\" height=\"679\" title=\"\" srcset=\"https:\/\/www.tgrthaber.com\/mavikadin\/wp-content\/uploads\/Nejat-Isler-1.webp 820w, https:\/\/www.tgrthaber.com\/mavikadin\/wp-content\/uploads\/Nejat-Isler-1-300x169.webp 300w, https:\/\/www.tgrthaber.com\/mavikadin\/wp-content\/uploads\/Nejat-Isler-1-768x432.webp 768w\" sizes=\"(max-width: 1208px) 100vw, 1208px\" \/><\/p>\n<h3>NEJAT \u0130\u015eLER HASTALIK D\u00d6NEM\u0130<\/h3>\n<p>Nejat \u0130\u015fler 2013 y\u0131l\u0131n\u0131n Eyl\u00fcl ay\u0131nda Beren Saat ile ba\u015frol\u00fc payla\u015ft\u0131\u011f\u0131 \u0130ntikam isimli diziden Sedef hastal\u0131\u011f\u0131 y\u00fcz\u00fcnden ayr\u0131larak Bodrum G\u00fcm\u00fc\u015fl\u00fck&#8217;teki evine d\u00f6n\u00fc\u015f yapt\u0131. Tedavi olmak istemeyen \u00fcnl\u00fc isim \u015fu a\u00e7\u0131klamay\u0131 yapm\u0131\u015ft\u0131:<\/p>\n<p>\u201cTedaviyi reddetmek, erken \u00f6lmek gibi niyetim yok. Bazen cevab\u0131n\u0131 kald\u0131ramayaca\u011f\u0131n\u0131 bilsen de yine de ger\u00e7e\u011fi \u00f6\u011frenmek istersin. Milyon tane kaz\u0131k yiyince, bedenin zarar g\u00f6r\u00fcyor. \u00c7\u0131plak geldim, \u00e7\u0131plak gidece\u011fim. Amac\u0131m zaman\u0131 sat\u0131n almak. M\u00fclk edinmek gibi bir derdim yok. M\u00fclkiyet h\u0131rs\u0131zl\u0131k gibi bir \u015fey. Sevmiyorum i\u015fte. Biz ku\u015fak olarak b\u00f6yleyiz. Bize sevmeyi, bir \u015feylere ba\u011flanmay\u0131 \u00f6\u011fretmediler. O taraf\u0131m\u0131z geli\u015fmedi. Ben d\u00fcnyan\u0131n bir par\u00e7as\u0131y\u0131m. \u015eurayla ve bedenimle s\u0131n\u0131rl\u0131 de\u011filim. Bir \u015feyler yanl\u0131\u015f gidiyor, birileri ac\u0131 \u00e7ekiyor. Ben de \u00e7ekiyorum ayn\u0131 ac\u0131y\u0131.&#8221;<\/p>\n<p><img loading=\"lazy\" decoding=\"async\" class=\"alignnone wp-image-109665\" src=\"https:\/\/www.tgrthaber.com\/mavikadin\/wp-content\/uploads\/Nejat-Isler-4.jpg\" alt=\"\" width=\"1208\" height=\"678\" title=\"\" srcset=\"https:\/\/www.tgrthaber.com\/mavikadin\/wp-content\/uploads\/Nejat-Isler-4.jpg 739w, https:\/\/www.tgrthaber.com\/mavikadin\/wp-content\/uploads\/Nejat-Isler-4-300x168.jpg 300w\" sizes=\"(max-width: 1208px) 100vw, 1208px\" \/><\/p>\n<p>&#8220;Alt\u0131ma son model bir araba \u00e7ekip, g\u00fczel bir ev al\u0131nca mutlu mu olaca\u011f\u0131m yani? Hay\u0131r, olmam. Aram\u0131zda mutlu olanlar varsa zekalar\u0131ndan \u015f\u00fcphe ederim, bir de g\u00f6zlerinden. \u00c7\u00fcnk\u00fc iyi g\u00f6rm\u00fcyorlard\u0131r. Siz beni yenmediniz \u00e7\u00fcnk\u00fc: ben sizinle daha oynamad\u0131m. Ben gidiyorum dedi\u011fimde \u2018gitme\u2019 diyen birini de\u011fil, \u2018Ben de geliyorum, yaln\u0131z gidemezsin\u2019 diyen birini istiyorum.\u201d<\/p>\n<p>17 Ocak 2014\u2019de hastaneye kald\u0131r\u0131lan Nejat \u0130\u015fler yo\u011fun bak\u0131m \u00fcnitesinde tedavi alt\u0131na al\u0131nd\u0131. 2014 y\u0131l\u0131 Nisan ay\u0131nda Vehbi Ko\u00e7 Vakf\u0131 Amerikan Hastanesinden taburcu edildi.<\/p>\n<p><img loading=\"lazy\" decoding=\"async\" class=\"alignnone wp-image-109661\" src=\"https:\/\/www.tgrthaber.com\/mavikadin\/wp-content\/uploads\/Nejat-Isler.webp\" alt=\"\" width=\"1208\" height=\"635\" title=\"\" srcset=\"https:\/\/www.tgrthaber.com\/mavikadin\/wp-content\/uploads\/Nejat-Isler.webp 752w, https:\/\/www.tgrthaber.com\/mavikadin\/wp-content\/uploads\/Nejat-Isler-300x158.webp 300w\" sizes=\"(max-width: 1208px) 100vw, 1208px\" \/><\/p>\n","protected":false},"excerpt":{"rendered":"<p>Mekan \u00e7\u0131k\u0131\u015f\u0131 g\u00f6r\u00fcnt\u00fclenen Nejat \u0130\u015fler ayakta durmakta zorluk \u00e7ekince yere y\u0131\u011f\u0131ld\u0131. Taksiye ilerlerken d\u00fc\u015fen \u00fcnl\u00fc isme vatanda\u015flar yard\u0131m etti.<\/p>\n","protected":false},"author":5,"featured_media":109659,"comment_status":"closed","ping_status":"closed","sticky":false,"template":"","format":"standard","meta":{"rank_math_lock_modified_date":false,"footnotes":""},"categories":[76],"tags":[5064],"class_list":["post-109658","post","type-post","status-publish","format-standard","has-post-thumbnail","hentry","category-magazin","tag-nejat-isler"],"_links":{"self":[{"href":"https:\/\/www.tgrthaber.com\/mavikadin\/wp-json\/wp\/v2\/posts\/109658"}],"collection":[{"href":"https:\/\/www.tgrthaber.com\/mavikadin\/wp-json\/wp\/v2\/posts"}],"about":[{"href":"https:\/\/www.tgrthaber.com\/mavikadin\/wp-json\/wp\/v2\/types\/post"}],"author":[{"embeddable":true,"href":"https:\/\/www.tgrthaber.com\/mavikadin\/wp-json\/wp\/v2\/users\/5"}],"replies":[{"embeddable":true,"href":"https:\/\/www.tgrthaber.com\/mavikadin\/wp-json\/wp\/v2\/comments?post=109658"}],"version-history":[{"count":2,"href":"https:\/\/www.tgrthaber.com\/mavikadin\/wp-json\/wp\/v2\/posts\/109658\/revisions"}],"predecessor-version":[{"id":109670,"href":"https:\/\/www.tgrthaber.com\/mavikadin\/wp-json\/wp\/v2\/posts\/109658\/revisions\/109670"}],"wp:featuredmedia":[{"embeddable":true,"href":"https:\/\/www.tgrthaber.com\/mavikadin\/wp-json\/wp\/v2\/media\/109659"}],"wp:attachment":[{"href":"https:\/\/www.tgrthaber.com\/mavikadin\/wp-json\/wp\/v2\/media?parent=109658"}],"wp:term":[{"taxonomy":"category","embeddable":true,"href":"https:\/\/www.tgrthaber.com\/mavikadin\/wp-json\/wp\/v2\/categories?post=109658"},{"taxonomy":"post_tag","embeddable":true,"href":"https:\/\/www.tgrthaber.com\/mavikadin\/wp-json\/wp\/v2\/tags?post=109658"}],"curies":[{"name":"wp","href":"https:\/\/api.w.org\/{rel}","templated":true}]}}