{"id":109692,"date":"2024-12-21T13:25:04","date_gmt":"2024-12-21T10:25:04","guid":{"rendered":"https:\/\/www.tgrthaber.com\/mavikadin\/?p=109692"},"modified":"2024-12-21T13:27:29","modified_gmt":"2024-12-21T10:27:29","slug":"seda-sayan-turkiyeyi-terk-ediyor-komsularina-bir-veda-mektubu-gonderdi","status":"publish","type":"post","link":"https:\/\/www.tgrthaber.com\/mavikadin\/seda-sayan-turkiyeyi-terk-ediyor-komsularina-bir-veda-mektubu-gonderdi\/","title":{"rendered":"Seda Sayan T\u00fcrkiye\u2019yi terk ediyor! Kom\u015fular\u0131na veda mektubu g\u00f6nderdi"},"content":{"rendered":"<p>Seda Sayan e\u015fi \u00c7a\u011flar \u00d6kten ile beraber T\u00fcrkiye\u2019yi terk etme karar\u0131 ald\u0131. Bu ani karar\u0131n ard\u0131ndan Sayan oturdu\u011fu l\u00fcks sitedeki kom\u015fular\u0131na veda mektubu yollad\u0131.<\/p>\n<h3>SEDA SAYAN T\u00dcRK\u0130YE\u2019Y\u0130 TERK ED\u0130YOR!<\/h3>\n<p>Sevilen sanat\u00e7\u0131 Seda Sayan kendisinden 25 ya\u015f k\u00fc\u00e7\u00fck e\u015fi \u00c7a\u011flar \u00d6kten ile beraber T\u00fcrkiye\u2019yi terk etme karar\u0131 ald\u0131. Dubai\u2019ye ta\u015f\u0131nma karar\u0131 alan \u00fcnl\u00fc isim villas\u0131n\u0131 7 milyon dolara sataca\u011f\u0131n\u0131 duyurdu.<\/p>\n<p>Sayan, oturdu\u011fu sitedeki kom\u015fular\u0131na te\u015fekk\u00fcr ederek \u201c\u00d6ncelik siz kom\u015fular\u0131m\u0131z\u0131n hakk\u0131d\u0131r\u201d dedi.<\/p>\n<p><img loading=\"lazy\" decoding=\"async\" class=\"alignnone size-full wp-image-109695\" src=\"https:\/\/www.tgrthaber.com\/mavikadin\/wp-content\/uploads\/Seda-Sayan-2.jpeg\" alt=\"\" width=\"2000\" height=\"1124\" title=\"\" srcset=\"https:\/\/www.tgrthaber.com\/mavikadin\/wp-content\/uploads\/Seda-Sayan-2.jpeg 2000w, https:\/\/www.tgrthaber.com\/mavikadin\/wp-content\/uploads\/Seda-Sayan-2-300x169.jpeg 300w, https:\/\/www.tgrthaber.com\/mavikadin\/wp-content\/uploads\/Seda-Sayan-2-1024x575.jpeg 1024w, https:\/\/www.tgrthaber.com\/mavikadin\/wp-content\/uploads\/Seda-Sayan-2-768x432.jpeg 768w, https:\/\/www.tgrthaber.com\/mavikadin\/wp-content\/uploads\/Seda-Sayan-2-1536x863.jpeg 1536w\" sizes=\"(max-width: 2000px) 100vw, 2000px\" \/><\/p>\n<h3>KOZMET\u0130K F\u0130RMASI \u0130LE ANLA\u015eTI<\/h3>\n<p>Bir kozmetik firmas\u0131yla anla\u015fan Seda Sayan i\u015fi gere\u011fi e\u015fiyle birlikte Dubai&#8217;ye yerle\u015fmeye karar verdi. 30\u2019dan fazla m\u00fclk\u00fc bulunan Seda Sayan\u2019\u0131n oturdu\u011fu villay\u0131 sat\u0131p Dubai\u2019ye gitmeyi planlad\u0131\u011f\u0131 \u00f6ne s\u00fcr\u00fcl\u00fcyor.<\/p>\n<p>Ge\u00e7ti\u011fimiz y\u0131l e\u015fiyle beraber ta\u015f\u0131nd\u0131\u011f\u0131 ve dekorasyonu i\u00e7in servet harcad\u0131\u011f\u0131 Sayan, Sar\u0131yer\u2019de bulunan villas\u0131 i\u00e7in 7 milyon dolar istiyor.<\/p>\n<p><img loading=\"lazy\" decoding=\"async\" class=\"alignnone size-full wp-image-109702\" src=\"https:\/\/www.tgrthaber.com\/mavikadin\/wp-content\/uploads\/Seda-Sayan-4.jpg\" alt=\"\" width=\"1600\" height=\"900\" title=\"\" srcset=\"https:\/\/www.tgrthaber.com\/mavikadin\/wp-content\/uploads\/Seda-Sayan-4.jpg 1600w, https:\/\/www.tgrthaber.com\/mavikadin\/wp-content\/uploads\/Seda-Sayan-4-300x169.jpg 300w, https:\/\/www.tgrthaber.com\/mavikadin\/wp-content\/uploads\/Seda-Sayan-4-1024x576.jpg 1024w, https:\/\/www.tgrthaber.com\/mavikadin\/wp-content\/uploads\/Seda-Sayan-4-768x432.jpg 768w, https:\/\/www.tgrthaber.com\/mavikadin\/wp-content\/uploads\/Seda-Sayan-4-1536x864.jpg 1536w\" sizes=\"(max-width: 1600px) 100vw, 1600px\" \/><\/p>\n<p>Bo\u015fanma haberlerine inat \u00d6kten ile mutlu bir beraberli\u011fi olan Sayan, \u015fuan ba\u015fka bir konuyla g\u00fcndeme geldi.<\/p>\n<p>Yapt\u0131\u011f\u0131 evlili\u011fiyle \u00e7ok konu\u015fulan Seda Sayan Nisan 2022&#8217;de kendisinden 25 ya\u015f k\u00fc\u00e7\u00fck m\u00fczisyen \u00c7a\u011flar \u00d6kten ile nikah masas\u0131na oturmu\u015ftu.<\/p>\n<p><img loading=\"lazy\" decoding=\"async\" class=\"alignnone size-full wp-image-109703\" src=\"https:\/\/www.tgrthaber.com\/mavikadin\/wp-content\/uploads\/Seda-Sayan-5.jpg\" alt=\"\" width=\"1600\" height=\"900\" title=\"\" srcset=\"https:\/\/www.tgrthaber.com\/mavikadin\/wp-content\/uploads\/Seda-Sayan-5.jpg 1600w, https:\/\/www.tgrthaber.com\/mavikadin\/wp-content\/uploads\/Seda-Sayan-5-300x169.jpg 300w, https:\/\/www.tgrthaber.com\/mavikadin\/wp-content\/uploads\/Seda-Sayan-5-1024x576.jpg 1024w, https:\/\/www.tgrthaber.com\/mavikadin\/wp-content\/uploads\/Seda-Sayan-5-768x432.jpg 768w, https:\/\/www.tgrthaber.com\/mavikadin\/wp-content\/uploads\/Seda-Sayan-5-1536x864.jpg 1536w\" sizes=\"(max-width: 1600px) 100vw, 1600px\" \/><\/p>\n","protected":false},"excerpt":{"rendered":"<p>\u00dcnl\u00fc sanat\u00e7\u0131 Seda Sayan e\u015fi \u00c7a\u011flar \u00d6kten ile beraber T\u00fcrkiye\u2019yi terk etme karar\u0131 ald\u0131. Sar\u0131yer\u2019de oturan \u00fcnl\u00fc isim sitesindeki kom\u015fular\u0131na bir veda mektubu g\u00f6nderdi.<\/p>\n","protected":false},"author":5,"featured_media":109694,"comment_status":"closed","ping_status":"closed","sticky":false,"template":"","format":"standard","meta":{"rank_math_lock_modified_date":false,"footnotes":""},"categories":[76],"tags":[2812,2811],"class_list":["post-109692","post","type-post","status-publish","format-standard","has-post-thumbnail","hentry","category-magazin","tag-caglar-okten","tag-seda-sayan"],"_links":{"self":[{"href":"https:\/\/www.tgrthaber.com\/mavikadin\/wp-json\/wp\/v2\/posts\/109692"}],"collection":[{"href":"https:\/\/www.tgrthaber.com\/mavikadin\/wp-json\/wp\/v2\/posts"}],"about":[{"href":"https:\/\/www.tgrthaber.com\/mavikadin\/wp-json\/wp\/v2\/types\/post"}],"author":[{"embeddable":true,"href":"https:\/\/www.tgrthaber.com\/mavikadin\/wp-json\/wp\/v2\/users\/5"}],"replies":[{"embeddable":true,"href":"https:\/\/www.tgrthaber.com\/mavikadin\/wp-json\/wp\/v2\/comments?post=109692"}],"version-history":[{"count":3,"href":"https:\/\/www.tgrthaber.com\/mavikadin\/wp-json\/wp\/v2\/posts\/109692\/revisions"}],"predecessor-version":[{"id":109710,"href":"https:\/\/www.tgrthaber.com\/mavikadin\/wp-json\/wp\/v2\/posts\/109692\/revisions\/109710"}],"wp:featuredmedia":[{"embeddable":true,"href":"https:\/\/www.tgrthaber.com\/mavikadin\/wp-json\/wp\/v2\/media\/109694"}],"wp:attachment":[{"href":"https:\/\/www.tgrthaber.com\/mavikadin\/wp-json\/wp\/v2\/media?parent=109692"}],"wp:term":[{"taxonomy":"category","embeddable":true,"href":"https:\/\/www.tgrthaber.com\/mavikadin\/wp-json\/wp\/v2\/categories?post=109692"},{"taxonomy":"post_tag","embeddable":true,"href":"https:\/\/www.tgrthaber.com\/mavikadin\/wp-json\/wp\/v2\/tags?post=109692"}],"curies":[{"name":"wp","href":"https:\/\/api.w.org\/{rel}","templated":true}]}}