{"id":110017,"date":"2024-12-21T21:54:51","date_gmt":"2024-12-21T18:54:51","guid":{"rendered":"https:\/\/www.tgrthaber.com\/mavikadin\/?p=110017"},"modified":"2024-12-21T21:54:51","modified_gmt":"2024-12-21T18:54:51","slug":"yali-capkini-icin-kritik-surec-basladi-erken-final-iddialari-gundeme-bomba-gibi-dustu","status":"publish","type":"post","link":"https:\/\/www.tgrthaber.com\/mavikadin\/yali-capkini-icin-kritik-surec-basladi-erken-final-iddialari-gundeme-bomba-gibi-dustu\/","title":{"rendered":"Yal\u0131 \u00c7apk\u0131n\u0131 i\u00e7in kritik s\u00fcre\u00e7 ba\u015flad\u0131! Erken final iddialar\u0131 g\u00fcndeme bomba gibi d\u00fc\u015ft\u00fc"},"content":{"rendered":"<p>Cuma ak\u015famlar\u0131n\u0131n vazge\u00e7ilmezi, Star TV\u2019nin fenomen dizisi Yal\u0131 \u00c7apk\u0131n\u0131, erken final karar\u0131yla hayranlar\u0131n\u0131 \u00fczd\u00fc. 88. b\u00f6l\u00fcm itibar\u0131yla reytinglerdeki d\u00fc\u015f\u00fc\u015f sonras\u0131 final tarihi hakk\u0131nda iddialar g\u00fcndeme gelirken, dizinin Mart sonunda 100. b\u00f6l\u00fcm\u00fcyle ekrana veda edebilece\u011fi konu\u015fuluyor. Ancak reyting oranlar\u0131n\u0131n daha da d\u00fc\u015fmesi durumunda, bu tarihin \u00f6ne \u00e7ekilebilece\u011fi belirtiliyor.<\/p>\n<p>Afra Sara\u00e7o\u011flu, Mert Ramazan Demir, \u00c7etin Tekindor, \u015eerif Sezer ve Pelin Akil gibi y\u0131ld\u0131z isimlerin yer ald\u0131\u011f\u0131 Yal\u0131 \u00c7apk\u0131n\u0131, etkileyici hikayesi ve g\u00fc\u00e7l\u00fc oyuncu kadrosuyla b\u00fcy\u00fck bir hayran kitlesi olu\u015fturmu\u015ftu. Leyla Uslu Oter ve Ekin Ak\u00e7ay\u2019\u0131n kaleme ald\u0131\u011f\u0131 senaryosu her hafta izleyenlere heyecan dolu anlar ya\u015fatsa da, reytinglerde ya\u015fanan gerileme dizi i\u00e7in kritik bir s\u00fcrecin ba\u015flamas\u0131na neden oldu.<\/p>\n<h3>YALI \u00c7APKINI SON B\u00d6L\u00dcMDE NELER OLDU?<\/h3>\n<p>Yal\u0131 \u00c7apk\u0131n\u0131 yeni b\u00f6l\u00fcmde, Seyran ve Ferit aras\u0131ndaki ili\u015fkinin yeniden in\u015fa edilme \u00e7abalar\u0131 izleyicileri duyguland\u0131r\u0131rken, ge\u00e7mi\u015fin izlerini silmenin zorluklar\u0131 bir kez daha g\u00f6zler \u00f6n\u00fcne serildi. Suna ve Abidin\u2019in m\u00fcjdeli haberi ise t\u00fcm aileyi sevince bo\u011fdu. Ancak Ferit\u2019in silah sesiyle yere y\u0131\u011f\u0131lmas\u0131, b\u00f6l\u00fcm\u00fc zirvede b\u0131rakt\u0131.<\/p>\n<p><img loading=\"lazy\" decoding=\"async\" class=\"alignnone  wp-image-110019\" src=\"https:\/\/www.tgrthaber.com\/mavikadin\/wp-content\/uploads\/288-scaled.jpg\" alt=\"\" width=\"702\" height=\"468\" title=\"\" srcset=\"https:\/\/www.tgrthaber.com\/mavikadin\/wp-content\/uploads\/288-scaled.jpg 2560w, https:\/\/www.tgrthaber.com\/mavikadin\/wp-content\/uploads\/288-300x200.jpg 300w, https:\/\/www.tgrthaber.com\/mavikadin\/wp-content\/uploads\/288-1024x683.jpg 1024w, https:\/\/www.tgrthaber.com\/mavikadin\/wp-content\/uploads\/288-768x512.jpg 768w, https:\/\/www.tgrthaber.com\/mavikadin\/wp-content\/uploads\/288-1536x1024.jpg 1536w, https:\/\/www.tgrthaber.com\/mavikadin\/wp-content\/uploads\/288-2048x1365.jpg 2048w\" sizes=\"(max-width: 702px) 100vw, 702px\" \/><\/p>\n<h3>YALI \u00c7APKINI ERKEN F\u0130NAL \u0130DD\u0130ALARI<\/h3>\n<p>Reytinglerin toparlanamamas\u0131 halinde dizinin daha erken final yapaca\u011f\u0131 iddia ediliyor. Bu geli\u015fmeler \u00fczerine yap\u0131mc\u0131 \u015firketten hen\u00fcz resmi bir a\u00e7\u0131klama gelmedi. 89. b\u00f6l\u00fcm\u00fcyle 22 Aral\u0131k Cuma ak\u015fam\u0131 saat 20.00\u2019de Star TV ekranlar\u0131nda izleyici kar\u015f\u0131s\u0131na \u00e7\u0131kacak olan Yal\u0131 \u00c7apk\u0131n\u0131\u2019n\u0131n gelece\u011fi, hayranlar\u0131n\u0131n merakla takip etti\u011fi konular aras\u0131nda.<\/p>\n<p><img loading=\"lazy\" decoding=\"async\" class=\"alignnone  wp-image-110020\" src=\"https:\/\/www.tgrthaber.com\/mavikadin\/wp-content\/uploads\/yali-199apkini.jpg\" alt=\"\" width=\"700\" height=\"394\" title=\"\" srcset=\"https:\/\/www.tgrthaber.com\/mavikadin\/wp-content\/uploads\/yali-199apkini.jpg 1920w, https:\/\/www.tgrthaber.com\/mavikadin\/wp-content\/uploads\/yali-199apkini-300x169.jpg 300w, https:\/\/www.tgrthaber.com\/mavikadin\/wp-content\/uploads\/yali-199apkini-1024x576.jpg 1024w, https:\/\/www.tgrthaber.com\/mavikadin\/wp-content\/uploads\/yali-199apkini-768x432.jpg 768w, https:\/\/www.tgrthaber.com\/mavikadin\/wp-content\/uploads\/yali-199apkini-1536x864.jpg 1536w\" sizes=\"(max-width: 700px) 100vw, 700px\" \/><\/p>\n<p>Yal\u0131 \u00c7apk\u0131n\u0131, yaln\u0131zca romantik hikayesiyle de\u011fil, toplumsal mesajlar\u0131 ve g\u00fc\u00e7l\u00fc oyunculuk performanslar\u0131yla da izleyicilerin be\u011fenisini toplam\u0131\u015ft\u0131. Bu nedenle erken final karar\u0131, dizinin m\u00fcdavimlerini bir hayli \u00fcz\u00fcyor.<\/p>\n<h3>YALI \u00c7APKINI NE ZAMAN F\u0130NAL YAPACAK?<\/h3>\n<p>Dizinin 87. b\u00f6l\u00fcm\u00fc 13 Aral\u0131k\u2019ta ekranlara geldi ve y\u0131lba\u015f\u0131 haftas\u0131nda bir hafta s\u00fcresince reklam tatili yap\u0131lacak. Yal\u0131 \u00c7apk\u0131n\u0131\u2019n\u0131n final b\u00f6l\u00fcm\u00fc ise mart sonunda, planlanan 100. b\u00f6l\u00fcmle ger\u00e7ekle\u015fecek. Ancak, dizinin izlenme oranlar\u0131 b\u00fcy\u00fck bir d\u00fc\u015f\u00fc\u015f g\u00f6sterirse, final tarihi bir miktar \u00f6ne \u00e7ekilebilir.<\/p>\n<p><img loading=\"lazy\" decoding=\"async\" class=\"alignnone  wp-image-110021\" src=\"https:\/\/www.tgrthaber.com\/mavikadin\/wp-content\/uploads\/667-scaled.jpg\" alt=\"\" width=\"701\" height=\"467\" title=\"\" srcset=\"https:\/\/www.tgrthaber.com\/mavikadin\/wp-content\/uploads\/667-scaled.jpg 2560w, https:\/\/www.tgrthaber.com\/mavikadin\/wp-content\/uploads\/667-300x200.jpg 300w, https:\/\/www.tgrthaber.com\/mavikadin\/wp-content\/uploads\/667-1024x683.jpg 1024w, https:\/\/www.tgrthaber.com\/mavikadin\/wp-content\/uploads\/667-768x512.jpg 768w, https:\/\/www.tgrthaber.com\/mavikadin\/wp-content\/uploads\/667-1536x1024.jpg 1536w, https:\/\/www.tgrthaber.com\/mavikadin\/wp-content\/uploads\/667-2048x1365.jpg 2048w\" sizes=\"(max-width: 701px) 100vw, 701px\" \/><\/p>\n","protected":false},"excerpt":{"rendered":"<p>Star TV\u2019nin fenomen dizisi Yal\u0131 \u00c7apk\u0131n\u0131, erken final karar\u0131yla hayranlar\u0131n\u0131 \u00fczd\u00fc. Afra Sara\u00e7o\u011flu, Mert Ramazan Demir ve \u00c7etin Tekindor gibi y\u0131ld\u0131z isimlerin yer ald\u0131\u011f\u0131 yap\u0131m\u0131n, reytinglerdeki d\u00fc\u015f\u00fc\u015f nedeniyle 100. b\u00f6l\u00fcmde sona erece\u011fi iddia ediliyor.<\/p>\n","protected":false},"author":4,"featured_media":110018,"comment_status":"closed","ping_status":"closed","sticky":false,"template":"","format":"standard","meta":{"rank_math_lock_modified_date":false,"footnotes":""},"categories":[602],"tags":[5208,322,2505,2638],"class_list":["post-110017","post","type-post","status-publish","format-standard","has-post-thumbnail","hentry","category-diziler","tag-erken-final","tag-final","tag-yali-capkini","tag-yali-capkini-final"],"_links":{"self":[{"href":"https:\/\/www.tgrthaber.com\/mavikadin\/wp-json\/wp\/v2\/posts\/110017"}],"collection":[{"href":"https:\/\/www.tgrthaber.com\/mavikadin\/wp-json\/wp\/v2\/posts"}],"about":[{"href":"https:\/\/www.tgrthaber.com\/mavikadin\/wp-json\/wp\/v2\/types\/post"}],"author":[{"embeddable":true,"href":"https:\/\/www.tgrthaber.com\/mavikadin\/wp-json\/wp\/v2\/users\/4"}],"replies":[{"embeddable":true,"href":"https:\/\/www.tgrthaber.com\/mavikadin\/wp-json\/wp\/v2\/comments?post=110017"}],"version-history":[{"count":2,"href":"https:\/\/www.tgrthaber.com\/mavikadin\/wp-json\/wp\/v2\/posts\/110017\/revisions"}],"predecessor-version":[{"id":110023,"href":"https:\/\/www.tgrthaber.com\/mavikadin\/wp-json\/wp\/v2\/posts\/110017\/revisions\/110023"}],"wp:featuredmedia":[{"embeddable":true,"href":"https:\/\/www.tgrthaber.com\/mavikadin\/wp-json\/wp\/v2\/media\/110018"}],"wp:attachment":[{"href":"https:\/\/www.tgrthaber.com\/mavikadin\/wp-json\/wp\/v2\/media?parent=110017"}],"wp:term":[{"taxonomy":"category","embeddable":true,"href":"https:\/\/www.tgrthaber.com\/mavikadin\/wp-json\/wp\/v2\/categories?post=110017"},{"taxonomy":"post_tag","embeddable":true,"href":"https:\/\/www.tgrthaber.com\/mavikadin\/wp-json\/wp\/v2\/tags?post=110017"}],"curies":[{"name":"wp","href":"https:\/\/api.w.org\/{rel}","templated":true}]}}