{"id":110349,"date":"2024-12-22T18:20:19","date_gmt":"2024-12-22T15:20:19","guid":{"rendered":"https:\/\/www.tgrthaber.com\/mavikadin\/?p=110349"},"modified":"2024-12-22T18:23:55","modified_gmt":"2024-12-22T15:23:55","slug":"sakir-pasa-ailesi-dizisinin-cocuk-oyunculari-buyuk-begeni-topladi-iste-melih-yalcin-yilmaz-azra-aksu-ve-zeynep-ebrar-karaca-hakkinda-bilgiler","status":"publish","type":"post","link":"https:\/\/www.tgrthaber.com\/mavikadin\/sakir-pasa-ailesi-dizisinin-cocuk-oyunculari-buyuk-begeni-topladi-iste-melih-yalcin-yilmaz-azra-aksu-ve-zeynep-ebrar-karaca-hakkinda-bilgiler\/","title":{"rendered":"\u015eakir Pa\u015fa Ailesi dizisinin \u00e7ocuk oyuncular\u0131 b\u00fcy\u00fck be\u011feni toplad\u0131! \u0130\u015fte Melih Yal\u00e7\u0131n Y\u0131lmaz, Azra Aksu ve Zeynep Ebrar Karaca hakk\u0131nda bilgiler"},"content":{"rendered":"<p>\u015eakir Pa\u015fa Ailesi dizisinin \u00e7ocuk oyuncular\u0131 performanslar\u0131yla g\u00f6z dolduruyor. Now TV\u2019de yay\u0131n hayat\u0131na ba\u015flayan \u015eakir Pa\u015fa Ailesi dizisi, etkileyici konusu ve g\u00fc\u00e7l\u00fc oyuncu kadrosuyla seyircilerin g\u00f6nl\u00fcnde taht kurdu. Dizideki usta oyuncular kadar \u00e7ocuk oyuncular da dikkat \u00e7ekiyor. Melih Yal\u00e7\u0131n Y\u0131lmaz, Azra Aksu ve Zeynep Ebrar Karaca gibi gen\u00e7 yetenekler, \u015eakir Pa\u015fa Ailesi\u2019nin hik\u00e2yesine taze bir soluk getiriyor. \u0130\u015fte, \u015eakir Pa\u015fa Ailesi dizisindeki \u00e7ocuk oyuncular hakk\u0131nda merak edilenler.<\/p>\n<h3>SUAT KARAKTER\u0130N\u0130 CANLANDIRAN MEL\u0130H YAL\u00c7IN YILMAZ<\/h3>\n<p>\u015eakir Pa\u015fa\u2019n\u0131n en k\u00fc\u00e7\u00fck o\u011flu Suat, dizideki en ne\u015feli ve hareketli karakterlerden biri. \u015eakir Pa\u015fa Ailesi dizisinde Suat karakterini ba\u015far\u0131yla canland\u0131ran Melih Yal\u00e7\u0131n Y\u0131lmaz, gen\u00e7 ya\u015f\u0131na ra\u011fmen oyunculuk kariyerinde sa\u011flam ad\u0131mlarla ilerliyor. Daha \u00f6nce \u00e7e\u015fitli reklam filmleri ve dizilerde yer alan Melih, bu performans\u0131yla \u015fimdiden izleyicilerin sevgisini kazand\u0131.<\/p>\n<p><img loading=\"lazy\" decoding=\"async\" class=\"alignnone wp-image-110353\" src=\"https:\/\/www.tgrthaber.com\/mavikadin\/wp-content\/uploads\/Adsiz-tasarim-85-2-1.jpg\" alt=\"\" width=\"736\" height=\"414\" title=\"\" srcset=\"https:\/\/www.tgrthaber.com\/mavikadin\/wp-content\/uploads\/Adsiz-tasarim-85-2-1.jpg 1600w, https:\/\/www.tgrthaber.com\/mavikadin\/wp-content\/uploads\/Adsiz-tasarim-85-2-1-300x169.jpg 300w, https:\/\/www.tgrthaber.com\/mavikadin\/wp-content\/uploads\/Adsiz-tasarim-85-2-1-1024x576.jpg 1024w, https:\/\/www.tgrthaber.com\/mavikadin\/wp-content\/uploads\/Adsiz-tasarim-85-2-1-768x432.jpg 768w, https:\/\/www.tgrthaber.com\/mavikadin\/wp-content\/uploads\/Adsiz-tasarim-85-2-1-1536x864.jpg 1536w\" sizes=\"(max-width: 736px) 100vw, 736px\" \/><\/p>\n<h3>AL\u0130YE KARAKTER\u0130N\u0130 CANLANDIRAN AZRA AKSU<\/h3>\n<p>\u015eakir Pa\u015fa\u2019n\u0131n k\u00fc\u00e7\u00fck k\u0131z\u0131 Aliye, ailesinin en tatl\u0131 ve umut dolu karakteri olarak dikkat \u00e7ekiyor. \u015eakir Pa\u015fa Ailesi&#8217;nde Aliye rol\u00fcn\u00fc \u00fcstlenen Azra Aksu, 2015 do\u011fumlu gen\u00e7 bir oyuncu. Gelecekte T\u00fcrkiye\u2019nin \u00f6nemli grav\u00fcr sanat\u00e7\u0131lar\u0131ndan biri olacak olan Aliye\u2019yi ba\u015far\u0131yla canland\u0131ran Azra, daha \u00f6nce sinema ve televizyon projelerinde de boy g\u00f6stermi\u015f bir isim.<\/p>\n<p><img loading=\"lazy\" decoding=\"async\" class=\"alignnone wp-image-110354\" src=\"https:\/\/www.tgrthaber.com\/mavikadin\/wp-content\/uploads\/Ekran-goruntusu-2024-12-22-181145.png\" alt=\"\" width=\"744\" height=\"413\" title=\"\" srcset=\"https:\/\/www.tgrthaber.com\/mavikadin\/wp-content\/uploads\/Ekran-goruntusu-2024-12-22-181145.png 821w, https:\/\/www.tgrthaber.com\/mavikadin\/wp-content\/uploads\/Ekran-goruntusu-2024-12-22-181145-300x167.png 300w, https:\/\/www.tgrthaber.com\/mavikadin\/wp-content\/uploads\/Ekran-goruntusu-2024-12-22-181145-768x427.png 768w\" sizes=\"(max-width: 744px) 100vw, 744px\" \/><\/p>\n<h3>FAHR\u00dcNN\u0130SA ZE\u0130D\u2019\u0130 CANLANDIRAN ZEYNEP EBRAR KARACA<\/h3>\n<p>\u015eakir Pa\u015fa Ailesi dizisinde, \u015eakir Pa\u015fa\u2019n\u0131n k\u0131z\u0131 Fahr\u00fcnnisa Zeid, sadece ailesi i\u00e7in de\u011fil, sanat\u0131yla d\u00fcnya i\u00e7in de \u00f6nemli bir ki\u015filiktir. Dizide Fahr\u00fcnnisa Zeid karakterine hayat veren Zeynep Ebrar Karaca, dizinin en dikkat \u00e7eken oyuncular\u0131ndan biri. 1901 y\u0131l\u0131nda do\u011fan Fahr\u00fcnnisa, ilerleyen y\u0131llarda Irak b\u00fcy\u00fckel\u00e7isi Emir Zeyd ile evlenmi\u015f ve Zeyd soyad\u0131n\u0131 alm\u0131\u015ft\u0131r. Avrupa\u2019da ya\u015fad\u0131\u011f\u0131 d\u00f6nemlerde Fahrelnisa Zeid ad\u0131n\u0131 kullanan bu g\u00fc\u00e7l\u00fc kad\u0131n, \u015eakir Pa\u015fa Ailesi dizisinde Zeynep Ebrar Karaca\u2019n\u0131n yetenekli oyunculu\u011fu sayesinde seyircilerle bulu\u015fuyor.<\/p>\n<p><img loading=\"lazy\" decoding=\"async\" class=\"alignnone wp-image-110355\" src=\"https:\/\/www.tgrthaber.com\/mavikadin\/wp-content\/uploads\/Adsiz-tasarim-13-12-1.jpg\" alt=\"\" width=\"743\" height=\"418\" title=\"\" srcset=\"https:\/\/www.tgrthaber.com\/mavikadin\/wp-content\/uploads\/Adsiz-tasarim-13-12-1.jpg 1600w, https:\/\/www.tgrthaber.com\/mavikadin\/wp-content\/uploads\/Adsiz-tasarim-13-12-1-300x169.jpg 300w, https:\/\/www.tgrthaber.com\/mavikadin\/wp-content\/uploads\/Adsiz-tasarim-13-12-1-1024x576.jpg 1024w, https:\/\/www.tgrthaber.com\/mavikadin\/wp-content\/uploads\/Adsiz-tasarim-13-12-1-768x432.jpg 768w, https:\/\/www.tgrthaber.com\/mavikadin\/wp-content\/uploads\/Adsiz-tasarim-13-12-1-1536x864.jpg 1536w\" sizes=\"(max-width: 743px) 100vw, 743px\" \/><\/p>\n<p>Dizinin ana temas\u0131 olan mucizeler ve skandallar, hem tarihi hem de duygusal unsurlarla harmanlan\u0131yor. Vahide Per\u00e7in, F\u0131rat Tan\u0131\u015f ve Devrim Yakut gibi usta isimlerin ba\u015frol\u00fc payla\u015ft\u0131\u011f\u0131 yap\u0131mda, gen\u00e7 oyuncular\u0131n katk\u0131s\u0131 izleyiciden tam not al\u0131yor. \u00c7ocuk oyuncular\u0131n etkileyici performanslar\u0131yla \u015eakir Pa\u015fa Ailesi, k\u0131sa s\u00fcrede Now TV\u2019nin en sevilen yap\u0131mlar\u0131 aras\u0131nda yerini ald\u0131.<\/p>\n<p><img loading=\"lazy\" decoding=\"async\" class=\"alignnone wp-image-110356\" src=\"https:\/\/www.tgrthaber.com\/mavikadin\/wp-content\/uploads\/Ekran-goruntusu-2024-12-22-181404.png\" alt=\"\" width=\"744\" height=\"441\" title=\"\" srcset=\"https:\/\/www.tgrthaber.com\/mavikadin\/wp-content\/uploads\/Ekran-goruntusu-2024-12-22-181404.png 1075w, https:\/\/www.tgrthaber.com\/mavikadin\/wp-content\/uploads\/Ekran-goruntusu-2024-12-22-181404-300x178.png 300w, https:\/\/www.tgrthaber.com\/mavikadin\/wp-content\/uploads\/Ekran-goruntusu-2024-12-22-181404-1024x607.png 1024w, https:\/\/www.tgrthaber.com\/mavikadin\/wp-content\/uploads\/Ekran-goruntusu-2024-12-22-181404-768x455.png 768w\" sizes=\"(max-width: 744px) 100vw, 744px\" \/><\/p>\n<h3>\u015eAK\u0130R PA\u015eA A\u0130LES\u0130: MUC\u0130ZELER VE SKANDALLAR D\u0130Z\u0130S\u0130N\u0130N KONUSU, OYUNCULARI<\/h3>\n<p>Now TV\u2019de ekranlara gelen \u015eakir Pa\u015fa Ailesi: Mucizeler ve Skandallar, ger\u00e7ek bir hikayeden ilham alarak izleyiciyi tarihi bir yolculu\u011fa \u00e7\u0131kar\u0131yor. Dizinin etkileyici konusu, g\u00fc\u00e7l\u00fc oyuncu kadrosu ve T\u00fcrk sanat\u0131n\u0131n \u00f6nemli isimlerini bar\u0131nd\u0131ran hikayesiyle k\u0131sa s\u00fcrede b\u00fcy\u00fck ilgi g\u00f6rd\u00fc. \u0130\u015fte dizinin konusu, karakterleri ve oyuncu kadrosuyla ilgili merak edilen t\u00fcm detaylar\u2026<\/p>\n<p>Dizi, Halikarnas Bal\u0131k\u00e7\u0131s\u0131 olarak tan\u0131nan \u00fcnl\u00fc yazar Cevat \u015eakir Kabaa\u011fa\u00e7l\u0131\u2019n\u0131n B\u00fcy\u00fckada\u2019ya d\u00f6n\u00fc\u015f\u00fc ve ailesinin s\u0131rlarla dolu ya\u015fam\u0131n\u0131 anlat\u0131yor. Osmanl\u0131 \u0130mparatorlu\u011fu\u2019nun son d\u00f6nemlerinde ge\u00e7en hik\u00e2ye, bir ailenin sanatla yo\u011frulmu\u015f miras\u0131n\u0131 ve ya\u015fad\u0131\u011f\u0131 trajik olaylar\u0131 g\u00f6zler \u00f6n\u00fcne seriyor. T\u00fcrk sanat\u0131n\u0131n \u00f6nemli isimlerinden Fahrelnisa Zeid, Aliye Berger ve F\u00fcreya Koral gibi fig\u00fcrlerin yeti\u015fti\u011fi bu aile, ayn\u0131 zamanda T\u00fcrk sanat tarihine damga vurmu\u015f bir d\u00f6nemi temsil ediyor.<\/p>\n<p><img loading=\"lazy\" decoding=\"async\" class=\"alignnone wp-image-110357\" src=\"https:\/\/www.tgrthaber.com\/mavikadin\/wp-content\/uploads\/Ekran-goruntusu-2024-12-22-181726.png\" alt=\"\" width=\"741\" height=\"416\" title=\"\" srcset=\"https:\/\/www.tgrthaber.com\/mavikadin\/wp-content\/uploads\/Ekran-goruntusu-2024-12-22-181726.png 1108w, https:\/\/www.tgrthaber.com\/mavikadin\/wp-content\/uploads\/Ekran-goruntusu-2024-12-22-181726-300x168.png 300w, https:\/\/www.tgrthaber.com\/mavikadin\/wp-content\/uploads\/Ekran-goruntusu-2024-12-22-181726-1024x575.png 1024w, https:\/\/www.tgrthaber.com\/mavikadin\/wp-content\/uploads\/Ekran-goruntusu-2024-12-22-181726-768x431.png 768w\" sizes=\"(max-width: 741px) 100vw, 741px\" \/><\/p>\n<h3>\u015eAK\u0130R PA\u015eA K\u0130MD\u0130R?<\/h3>\n<p>Dizinin merkezindeki fig\u00fcr olan Kabaa\u011fa\u00e7l\u0131zade Mehmed \u015eakir Pa\u015fa, Osmanl\u0131 \u0130mparatorlu\u011fu\u2019nun \u00f6nemli devlet adamlar\u0131ndan biridir. 1855 y\u0131l\u0131nda do\u011fan \u015eakir Pa\u015fa, Osmanl\u0131 Devleti\u2019nde kritik diplomatik g\u00f6revler \u00fcstlenmi\u015f ve Girit Valisi olarak da g\u00f6rev yapm\u0131\u015ft\u0131r. Aile i\u00e7indeki k\u00fclt\u00fcrel zenginlik ve sanatla harmanlanm\u0131\u015f ya\u015fam, Osmanl\u0131&#8217;n\u0131n son d\u00f6nemlerindeki diplomatik ve k\u00fclt\u00fcrel ge\u00e7i\u015fleri de g\u00f6zler \u00f6n\u00fcne seriyor.<\/p>\n<p><img loading=\"lazy\" decoding=\"async\" class=\"alignnone wp-image-110358\" src=\"https:\/\/www.tgrthaber.com\/mavikadin\/wp-content\/uploads\/Ekran-goruntusu-2024-12-22-181739.png\" alt=\"\" width=\"740\" height=\"433\" title=\"\" srcset=\"https:\/\/www.tgrthaber.com\/mavikadin\/wp-content\/uploads\/Ekran-goruntusu-2024-12-22-181739.png 1146w, https:\/\/www.tgrthaber.com\/mavikadin\/wp-content\/uploads\/Ekran-goruntusu-2024-12-22-181739-300x176.png 300w, https:\/\/www.tgrthaber.com\/mavikadin\/wp-content\/uploads\/Ekran-goruntusu-2024-12-22-181739-1024x600.png 1024w, https:\/\/www.tgrthaber.com\/mavikadin\/wp-content\/uploads\/Ekran-goruntusu-2024-12-22-181739-768x450.png 768w\" sizes=\"(max-width: 740px) 100vw, 740px\" \/><\/p>\n<h3>\u015eAK\u0130R PA\u015eA A\u0130LES\u0130 OYUNCULARI<\/h3>\n<p>Dizinin ba\u015far\u0131s\u0131nda en b\u00fcy\u00fck pay, ku\u015fkusuz g\u00fc\u00e7l\u00fc ve tan\u0131nm\u0131\u015f oyuncu kadrosuna ait. Vahide Per\u00e7in, F\u0131rat Tan\u0131\u015f, Meryem Uzerli, Devrim Yakut gibi ba\u015far\u0131l\u0131 isimler, tarihi karakterlere hayat veriyor. \u00d6zellikle karakterlerin ge\u00e7mi\u015fle olan ba\u011f\u0131n\u0131 g\u00fc\u00e7l\u00fc bir \u015fekilde yans\u0131tan performanslar, seyirciyi etkileyen unsurlar\u0131n ba\u015f\u0131nda geliyor.<\/p>\n<p>Ba\u015fl\u0131ca Oyuncular ve Rolleri<br \/>\nVahide Per\u00e7in \u2013 \u0130smet<br \/>\nF\u0131rat Tan\u0131\u015f \u2013 \u015eakir Pa\u015fa<br \/>\nMeryem Uzerli \u2013 Aniesi<br \/>\nDevrim Yakut \u2013 Sara<br \/>\nCem Yi\u011fit \u00dcz\u00fcmo\u011flu \u2013 Cevat \u015eakir<br \/>\nDenise Capezza \u2013 Aniesi<br \/>\nNilsu Berfin Akta\u015f \u2013 Ay\u015fe<br \/>\nHelin Kandemir \u2013 S\u00fcmb\u00fcl<br \/>\nYa\u011fmur Ba\u015fkurt \u2013 Hakkiye<\/p>\n","protected":false},"excerpt":{"rendered":"<p>\u015eakir Pa\u015fa Ailesi dizisi, usta oyuncular\u0131n\u0131n yan\u0131 s\u0131ra \u00e7ocuk oyuncular\u0131n performans\u0131yla da \u00f6ne \u00e7\u0131k\u0131yor. Suat karakterini Melih Yal\u00e7\u0131n Y\u0131lmaz, Aliye\u2019yi Azra Aksu, Fahr\u00fcnnisa Zeid\u2019i ise Zeynep Ebrar Karaca canland\u0131r\u0131yor. \u00c7ocuk oyuncular\u0131n \u015eakir Pa\u015fa Ailesi dizisindeki rolleri hakk\u0131nda detayl\u0131 bilgileri derledik.<\/p>\n","protected":false},"author":4,"featured_media":110350,"comment_status":"closed","ping_status":"closed","sticky":false,"template":"","format":"standard","meta":{"rank_math_lock_modified_date":false,"footnotes":""},"categories":[491],"tags":[5364,494,2324,5363,5365],"class_list":["post-110349","post","type-post","status-publish","format-standard","has-post-thumbnail","hentry","category-biyografi","tag-cocuk-oyuncular","tag-kimdir","tag-sakir-pasa-ailesi","tag-sakir-pasa-ailesi-cocuk-oyunculari","tag-sakir-pasa-ailesi-dizisi"],"_links":{"self":[{"href":"https:\/\/www.tgrthaber.com\/mavikadin\/wp-json\/wp\/v2\/posts\/110349"}],"collection":[{"href":"https:\/\/www.tgrthaber.com\/mavikadin\/wp-json\/wp\/v2\/posts"}],"about":[{"href":"https:\/\/www.tgrthaber.com\/mavikadin\/wp-json\/wp\/v2\/types\/post"}],"author":[{"embeddable":true,"href":"https:\/\/www.tgrthaber.com\/mavikadin\/wp-json\/wp\/v2\/users\/4"}],"replies":[{"embeddable":true,"href":"https:\/\/www.tgrthaber.com\/mavikadin\/wp-json\/wp\/v2\/comments?post=110349"}],"version-history":[{"count":4,"href":"https:\/\/www.tgrthaber.com\/mavikadin\/wp-json\/wp\/v2\/posts\/110349\/revisions"}],"predecessor-version":[{"id":110362,"href":"https:\/\/www.tgrthaber.com\/mavikadin\/wp-json\/wp\/v2\/posts\/110349\/revisions\/110362"}],"wp:featuredmedia":[{"embeddable":true,"href":"https:\/\/www.tgrthaber.com\/mavikadin\/wp-json\/wp\/v2\/media\/110350"}],"wp:attachment":[{"href":"https:\/\/www.tgrthaber.com\/mavikadin\/wp-json\/wp\/v2\/media?parent=110349"}],"wp:term":[{"taxonomy":"category","embeddable":true,"href":"https:\/\/www.tgrthaber.com\/mavikadin\/wp-json\/wp\/v2\/categories?post=110349"},{"taxonomy":"post_tag","embeddable":true,"href":"https:\/\/www.tgrthaber.com\/mavikadin\/wp-json\/wp\/v2\/tags?post=110349"}],"curies":[{"name":"wp","href":"https:\/\/api.w.org\/{rel}","templated":true}]}}