{"id":110393,"date":"2024-12-22T19:15:47","date_gmt":"2024-12-22T16:15:47","guid":{"rendered":"https:\/\/www.tgrthaber.com\/mavikadin\/?p=110393"},"modified":"2024-12-22T19:15:47","modified_gmt":"2024-12-22T16:15:47","slug":"ismail-ege-sasmazin-basrolunde-oldugu-vefa-sultan-dizisinin-cekimleri-basladi","status":"publish","type":"post","link":"https:\/\/www.tgrthaber.com\/mavikadin\/ismail-ege-sasmazin-basrolunde-oldugu-vefa-sultan-dizisinin-cekimleri-basladi\/","title":{"rendered":"\u0130smail Ege \u015ea\u015fmaz&#8217;\u0131n ba\u015frol\u00fcnde oldu\u011fu &#8220;Vefa Sultan&#8221; dizisinin \u00e7ekimleri ba\u015flad\u0131!"},"content":{"rendered":"<p>TRT 1&#8217;in Ramazan ay\u0131nda yay\u0131nlanacak olan Vefa Sultan dizisinin \u00e7ekimleri ba\u015flad\u0131. Dizinin senaryosunu Ozan Bodur yazarken, ba\u015frolde ise \u0130smail Ege \u015ea\u015fmaz yer al\u0131yor. Bu dizi, izleyicilere tarihsel ve manevi bir yolculuk vaat ediyor. Vefa Sultan, seyircilerini ge\u00e7mi\u015fe do\u011fru bir zaman yolculu\u011funa \u00e7\u0131karacak ve onlara derin duygular ya\u015fatacak. Heyecanla beklenen bu yap\u0131m, Ramazan ay\u0131 boyunca ekranlarda olacak.<\/p>\n<h3>VEFA SULTAN D\u0130Z\u0130S\u0130N\u0130N KONUSU<\/h3>\n<p>Vefa Sultan dizisi, Konstantiniyye&#8217;nin fethedilmesi ve bir M\u00fcsl\u00fcman yurdu haline gelmesi s\u00fcrecinde g\u00f6n\u00fclleri kazanan Vefa Sultan&#8217;\u0131n hayat hik\u00e2yesini anlat\u0131yor. Dizinin ana karakteri Muslihuddin Mustafa, ilim tutkusu ve zek\u00e2s\u0131yla dikkat \u00e7eker. Ancak hayat ona zorlu bir s\u0131nav sunar. Bir sorunun pe\u015fine d\u00fc\u015ferek kendisini beklenmedik bir manevi yolculu\u011fun i\u00e7inde bulur.<\/p>\n<p>Bu yolculuk, her ne kadar zorlu olsa da onu derinliklerine kadar sarsar ve sonunda onu Vefa Sultan olarak tan\u0131naca\u011f\u0131 bir hakikat d\u00fcnyas\u0131na ula\u015ft\u0131r\u0131r. Bu dizi, hem tarihi hem de manevi bir ke\u015fif sunarken, izleyicileri de bu unutulmaz yolculu\u011fa d\u00e2hil ediyor.<\/p>\n<p><img loading=\"lazy\" decoding=\"async\" class=\"alignnone wp-image-110399\" src=\"https:\/\/www.tgrthaber.com\/mavikadin\/wp-content\/uploads\/Ismail-Ege-Sasmazin-basrolunde-oldugu-Vefa-Sultan-dizisinin-cekimleri-basladi-2-300x169.jpg\" alt=\"\u0130smail Ege \u015ea\u015fmaz&#039;\u0131n ba\u015frol\u00fcnde oldu\u011fu Vefa Sultan dizisinin \u00e7ekimleri ba\u015flad\u0131! \" width=\"1208\" height=\"680\" title=\"\" srcset=\"https:\/\/www.tgrthaber.com\/mavikadin\/wp-content\/uploads\/Ismail-Ege-Sasmazin-basrolunde-oldugu-Vefa-Sultan-dizisinin-cekimleri-basladi-2-300x169.jpg 300w, https:\/\/www.tgrthaber.com\/mavikadin\/wp-content\/uploads\/Ismail-Ege-Sasmazin-basrolunde-oldugu-Vefa-Sultan-dizisinin-cekimleri-basladi-2-1024x576.jpg 1024w, https:\/\/www.tgrthaber.com\/mavikadin\/wp-content\/uploads\/Ismail-Ege-Sasmazin-basrolunde-oldugu-Vefa-Sultan-dizisinin-cekimleri-basladi-2-768x432.jpg 768w, https:\/\/www.tgrthaber.com\/mavikadin\/wp-content\/uploads\/Ismail-Ege-Sasmazin-basrolunde-oldugu-Vefa-Sultan-dizisinin-cekimleri-basladi-2-1536x864.jpg 1536w, https:\/\/www.tgrthaber.com\/mavikadin\/wp-content\/uploads\/Ismail-Ege-Sasmazin-basrolunde-oldugu-Vefa-Sultan-dizisinin-cekimleri-basladi-2.jpg 1920w\" sizes=\"(max-width: 1208px) 100vw, 1208px\" \/><\/p>\n<h3>RAMAZAN AYI BOYUNCA HER AK\u015eAM TRT 1\u2019DE<\/h3>\n<p>Ramazan ay\u0131 boyunca her ak\u015fam TRT 1 ekranlar\u0131nda izleyiciyle bulu\u015facak olan Vefa Sultan dizisi, hem tecr\u00fcbeli hem de gen\u00e7 yeteneklerin bir araya geldi\u011fi zengin bir oyuncu kadrosuna sahip. Vefa Sultan dizisi oyuncu kadrosunda \u0130smail Ege \u015ea\u015fmaz, Mert Karabulut, Derda Yasir Yenal, Dursun Ali Erzincanl\u0131 ve Alper T\u00fcredi gibi deneyimli isimlere; Suat Sungur, Merve \u00dc\u00e7er, \u00d6mer Turan, Levent S\u00fcl\u00fcn, Safa Tabur, Latif Akgedik, M\u00fccahit Ko\u00e7ak, Turana H\u00fcseynli, \u0130lker Okumu\u015f, Cemal G\u00f6nen ve Musab Do\u011fan gibi ba\u015far\u0131l\u0131 isimler e\u015flik ediyor. Bu geni\u015f ve yetenek dolu kadro ile Vefa Sultan dizisi, izleyicilerine unutulmaz bir Ramazan ay\u0131 ya\u015fatmay\u0131 hedefliyor.<\/p>\n","protected":false},"excerpt":{"rendered":"<p>Ramazan ay\u0131 s\u00fcresince her g\u00fcn TRT 1&#8217;de yay\u0131nlanacak olan \u201cVefa Sultan\u201d adl\u0131 dizinin \u00e7ekimlerine ba\u015fland\u0131. Dizinin ba\u015frol\u00fcnde uzun s\u00fcredir ekranlarda yer almayan \u0130smail Ege \u015ea\u015fmaz, yer al\u0131yor.<\/p>\n","protected":false},"author":10,"featured_media":110397,"comment_status":"closed","ping_status":"closed","sticky":false,"template":"","format":"standard","meta":{"rank_math_lock_modified_date":false,"footnotes":""},"categories":[602],"tags":[3101,5391,5392,5393],"class_list":["post-110393","post","type-post","status-publish","format-standard","has-post-thumbnail","hentry","category-diziler","tag-ismail-ege-sasmaz","tag-vefa-sultan-dizisi","tag-vefa-sultan-dizisi-konusu","tag-vefa-sultan-dizisi-oyuncu-kadrosu"],"_links":{"self":[{"href":"https:\/\/www.tgrthaber.com\/mavikadin\/wp-json\/wp\/v2\/posts\/110393"}],"collection":[{"href":"https:\/\/www.tgrthaber.com\/mavikadin\/wp-json\/wp\/v2\/posts"}],"about":[{"href":"https:\/\/www.tgrthaber.com\/mavikadin\/wp-json\/wp\/v2\/types\/post"}],"author":[{"embeddable":true,"href":"https:\/\/www.tgrthaber.com\/mavikadin\/wp-json\/wp\/v2\/users\/10"}],"replies":[{"embeddable":true,"href":"https:\/\/www.tgrthaber.com\/mavikadin\/wp-json\/wp\/v2\/comments?post=110393"}],"version-history":[{"count":1,"href":"https:\/\/www.tgrthaber.com\/mavikadin\/wp-json\/wp\/v2\/posts\/110393\/revisions"}],"predecessor-version":[{"id":110400,"href":"https:\/\/www.tgrthaber.com\/mavikadin\/wp-json\/wp\/v2\/posts\/110393\/revisions\/110400"}],"wp:featuredmedia":[{"embeddable":true,"href":"https:\/\/www.tgrthaber.com\/mavikadin\/wp-json\/wp\/v2\/media\/110397"}],"wp:attachment":[{"href":"https:\/\/www.tgrthaber.com\/mavikadin\/wp-json\/wp\/v2\/media?parent=110393"}],"wp:term":[{"taxonomy":"category","embeddable":true,"href":"https:\/\/www.tgrthaber.com\/mavikadin\/wp-json\/wp\/v2\/categories?post=110393"},{"taxonomy":"post_tag","embeddable":true,"href":"https:\/\/www.tgrthaber.com\/mavikadin\/wp-json\/wp\/v2\/tags?post=110393"}],"curies":[{"name":"wp","href":"https:\/\/api.w.org\/{rel}","templated":true}]}}