{"id":110451,"date":"2024-12-22T20:01:48","date_gmt":"2024-12-22T17:01:48","guid":{"rendered":"https:\/\/www.tgrthaber.com\/mavikadin\/?p=110451"},"modified":"2024-12-22T20:01:48","modified_gmt":"2024-12-22T17:01:48","slug":"kizil-goncalarin-meryemi-ozgu-namala-set-arkadaslarindan-surpriz","status":"publish","type":"post","link":"https:\/\/www.tgrthaber.com\/mavikadin\/kizil-goncalarin-meryemi-ozgu-namala-set-arkadaslarindan-surpriz\/","title":{"rendered":"K\u0131z\u0131l Goncalar&#8217;\u0131n Meryem&#8217;i \u00d6zg\u00fc Namal&#8217;a set arkada\u015flar\u0131ndan s\u00fcrpriz!"},"content":{"rendered":"<p>K\u0131z\u0131l Goncalar dizisinin sevilen karakteri Meryem&#8217;i canland\u0131ran \u00d6zg\u00fc Namal, reklam setinde duygusal anlar ya\u015fad\u0131. Set arkada\u015flar\u0131 taraf\u0131ndan organize edilen s\u00fcrpriz bir do\u011fum g\u00fcn\u00fc kutlamas\u0131yla kar\u015f\u0131la\u015fan \u00fcnl\u00fc oyuncu, bu anlarda sevin\u00e7 g\u00f6zya\u015flar\u0131na h\u00e2kim olamad\u0131.<\/p>\n<h3>\u00d6ZG\u00dc NAMAL\u2019A S\u00dcRPR\u0130Z DO\u011eUM G\u00dcN\u00dc<\/h3>\n<p>\u00d6zg\u00fc Namal, s\u00fcrpriz bir do\u011fum g\u00fcn\u00fc kutlamas\u0131yla sette duygusal anlar ya\u015fad\u0131. Reyting rekorlar\u0131 k\u0131ran K\u0131z\u0131l Goncalar&#8217;\u0131n ard\u0131ndan, ge\u00e7en yaz Oscar adayl\u0131\u011f\u0131 da bulunan ba\u015far\u0131l\u0131 y\u00f6netmen \u0130lker \u00c7atak&#8217;\u0131n \u201cSar\u0131 Zarflar\u201d projesinde ba\u015frol oynayan Namal, reklam filmi \u00e7ekimlerinde yeni ya\u015f\u0131n\u0131 kutlad\u0131.<\/p>\n<p>Set ekibi taraf\u0131ndan organize edilen s\u00fcrpriz kutlama ile ne\u015feli ve ayn\u0131 zamanda dokunakl\u0131 anlar ya\u015fayan \u00d6zg\u00fc Namal, hem \u00e7al\u0131\u015fma arkada\u015flar\u0131ndan gelen sevgi dolu jest kar\u015f\u0131s\u0131nda duydu\u011fu minnettarl\u0131\u011f\u0131 hem de yeni ya\u015f\u0131n\u0131 co\u015fkuyla kar\u015f\u0131lad\u0131. Bu unutulmaz anlar, Namal&#8217;\u0131n do\u011fum g\u00fcn\u00fcn\u00fc daha da \u00f6zel k\u0131ld\u0131.<\/p>\n<div style=\"width: 640px;\" class=\"wp-video\"><!--[if lt IE 9]><script>document.createElement('video');<\/script><![endif]-->\n<video class=\"wp-video-shortcode\" id=\"video-110451-1\" width=\"640\" height=\"1138\" preload=\"metadata\" controls=\"controls\"><source type=\"video\/mp4\" src=\"https:\/\/www.tgrthaber.com\/mavikadin\/wp-content\/uploads\/Kizil-Goncalarin-Meryemi-Ozgu-Namala-set-arkadaslarindan-surpriz.mp4?_=1\" \/><a href=\"https:\/\/www.tgrthaber.com\/mavikadin\/wp-content\/uploads\/Kizil-Goncalarin-Meryemi-Ozgu-Namala-set-arkadaslarindan-surpriz.mp4\">https:\/\/www.tgrthaber.com\/mavikadin\/wp-content\/uploads\/Kizil-Goncalarin-Meryemi-Ozgu-Namala-set-arkadaslarindan-surpriz.mp4<\/a><\/video><\/div>\n<h3>\u00d6ZG\u00dc NAMAL 46. YA\u015eINI KUTLADI<\/h3>\n<p>\u00d6zg\u00fc Namal, 2 y\u0131ll\u0131k anla\u015fma imzalad\u0131\u011f\u0131 d\u00fcnyaca \u00fcnl\u00fc bir ev bak\u0131m markas\u0131n\u0131n reklam \u00e7ekimi i\u00e7in kamera kar\u015f\u0131s\u0131na ge\u00e7ti. Ancak sette s\u00fcrpriz bir kutlama onu bekliyordu. Ekip arkada\u015flar\u0131n\u0131n elinde pastayla belirmesi \u00fczerine duygulanan Namal, bu jest kar\u015f\u0131s\u0131nda olduk\u00e7a etkilendi. Namal, \u201c Beni mahcup ettiniz. Te\u015fekk\u00fcr ederim\u201d diyerek pastas\u0131 kesti.<\/p>\n","protected":false},"excerpt":{"rendered":"<p>K\u0131z\u0131l Goncalar&#8217;\u0131n Meryem&#8217;i \u00d6zg\u00fc Namal, reklam setinde sevin\u00e7 g\u00f6zya\u015flar\u0131n\u0131 tutamad\u0131. Reklam \u00e7ekimleri s\u0131ras\u0131nda set arkada\u015flar\u0131 taraf\u0131ndan \u00d6zg\u00fc Namal\u2019\u0131n do\u011fum g\u00fcn\u00fc kutland\u0131. G\u00fczel oyuncunun \u015fa\u015fk\u0131nl\u0131\u011f\u0131 kameralara yans\u0131d\u0131.<\/p>\n","protected":false},"author":10,"featured_media":110456,"comment_status":"closed","ping_status":"closed","sticky":false,"template":"","format":"standard","meta":{"rank_math_lock_modified_date":false,"footnotes":""},"categories":[76],"tags":[3668],"class_list":["post-110451","post","type-post","status-publish","format-standard","has-post-thumbnail","hentry","category-magazin","tag-ozgu-namal"],"_links":{"self":[{"href":"https:\/\/www.tgrthaber.com\/mavikadin\/wp-json\/wp\/v2\/posts\/110451"}],"collection":[{"href":"https:\/\/www.tgrthaber.com\/mavikadin\/wp-json\/wp\/v2\/posts"}],"about":[{"href":"https:\/\/www.tgrthaber.com\/mavikadin\/wp-json\/wp\/v2\/types\/post"}],"author":[{"embeddable":true,"href":"https:\/\/www.tgrthaber.com\/mavikadin\/wp-json\/wp\/v2\/users\/10"}],"replies":[{"embeddable":true,"href":"https:\/\/www.tgrthaber.com\/mavikadin\/wp-json\/wp\/v2\/comments?post=110451"}],"version-history":[{"count":1,"href":"https:\/\/www.tgrthaber.com\/mavikadin\/wp-json\/wp\/v2\/posts\/110451\/revisions"}],"predecessor-version":[{"id":110458,"href":"https:\/\/www.tgrthaber.com\/mavikadin\/wp-json\/wp\/v2\/posts\/110451\/revisions\/110458"}],"wp:featuredmedia":[{"embeddable":true,"href":"https:\/\/www.tgrthaber.com\/mavikadin\/wp-json\/wp\/v2\/media\/110456"}],"wp:attachment":[{"href":"https:\/\/www.tgrthaber.com\/mavikadin\/wp-json\/wp\/v2\/media?parent=110451"}],"wp:term":[{"taxonomy":"category","embeddable":true,"href":"https:\/\/www.tgrthaber.com\/mavikadin\/wp-json\/wp\/v2\/categories?post=110451"},{"taxonomy":"post_tag","embeddable":true,"href":"https:\/\/www.tgrthaber.com\/mavikadin\/wp-json\/wp\/v2\/tags?post=110451"}],"curies":[{"name":"wp","href":"https:\/\/api.w.org\/{rel}","templated":true}]}}