{"id":110495,"date":"2024-12-22T20:44:42","date_gmt":"2024-12-22T17:44:42","guid":{"rendered":"https:\/\/www.tgrthaber.com\/mavikadin\/?p=110495"},"modified":"2024-12-22T20:57:24","modified_gmt":"2024-12-22T17:57:24","slug":"ecem-erkek-hulya-avsarin-programina-konuk-oldu-bu-yuzden-benden-kactilar-aciklamasi-konusuluyor","status":"publish","type":"post","link":"https:\/\/www.tgrthaber.com\/mavikadin\/ecem-erkek-hulya-avsarin-programina-konuk-oldu-bu-yuzden-benden-kactilar-aciklamasi-konusuluyor\/","title":{"rendered":"Ecem Erkek H\u00fclya Av\u015far&#8217;\u0131n program\u0131na konuk oldu! \u2018Bu y\u00fczden benden ka\u00e7t\u0131lar!&#8217; a\u00e7\u0131klamas\u0131 konu\u015fuluyor!"},"content":{"rendered":"<p class=\"p1\">Ecem Erkek, G\u00fcld\u00fcr G\u00fcld\u00fcr program\u0131 ile geni\u015f bir izleyici kitlesi kazanarak \u015f\u00f6hretin kap\u0131lar\u0131n\u0131 aralad\u0131 ve \u015fimdilerde Gelin Tak\u0131m\u0131 filmiyle sinemaseverlerle bulu\u015fuyor. H\u00fclya Av\u015far\u2019\u0131n program\u0131na konuk olan Erkek, hem kariyerinin ba\u015flang\u0131c\u0131ndan hem de \u00e7ocukluk y\u0131llar\u0131ndan bahsederek, dikkat \u00e7eken a\u00e7\u0131klamalarda bulundu. Son d\u00f6nemde verdi\u011fi kilolarla da g\u00fcndeme gelen \u00fcnl\u00fc isim, bu kez samimi itiraflar\u0131yla izleyicilerinin ilgisini \u00e7ekti ve \u00f6zel hayat\u0131na dair merak edilenleri payla\u015ft\u0131.<\/p>\n<h3>ECEM ERKEK H\u00dcLYA AV\u015eAR&#8217;IN PROGRAMINA KONUK OLDU<\/h3>\n<p class=\"p2\">G\u00fcld\u00fcr G\u00fcld\u00fcr program\u0131yla \u015f\u00f6hrete kavu\u015fan ve Gelin Tak\u0131m\u0131 filmiyle sinemada da ad\u0131ndan s\u00f6z ettiren ba\u015far\u0131l\u0131 oyuncu, H\u00fclya Av\u015far\u2019\u0131n program\u0131na konuk olan \u00fcnl\u00fc oyuncu, \u00e7ocukluk y\u0131llar\u0131ndan \u00f6zel hayat\u0131na kadar pek \u00e7ok konuda samimi itiraflarda bulundu. Erkek, &#8220;Ne kadar erkek gibi g\u00f6r\u00fcn\u00fcrsem, o kadar g\u00fc\u00e7l\u00fc olaca\u011f\u0131m\u0131 sand\u0131m,&#8221; diyerek, g\u00fc\u00e7l\u00fc kad\u0131n imaj\u0131na dair d\u00fc\u015f\u00fcnd\u00fcklerini payla\u015ft\u0131. Erkeklerin kendisinden bu y\u00fczden ka\u00e7t\u0131\u011f\u0131na dair yapt\u0131\u011f\u0131 a\u00e7\u0131klamas\u0131 sosyal medyada g\u00fcndem oldu.\u00a0 \u00dcnl\u00fc oyuncunun bu a\u00e7\u0131klamas\u0131, stoplumsal alg\u0131lar ve cinsiyet rolleri \u00fczerine \u00f6nemli bir tart\u0131\u015fma ba\u015flatt\u0131.<\/p>\n<div style=\"width: 640px;\" class=\"wp-video\"><!--[if lt IE 9]><script>document.createElement('video');<\/script><![endif]-->\n<video class=\"wp-video-shortcode\" id=\"video-110495-1\" width=\"640\" height=\"1138\" preload=\"metadata\" controls=\"controls\"><source type=\"video\/mp4\" src=\"https:\/\/www.tgrthaber.com\/mavikadin\/wp-content\/uploads\/es.mp4?_=1\" \/><a href=\"https:\/\/www.tgrthaber.com\/mavikadin\/wp-content\/uploads\/es.mp4\">https:\/\/www.tgrthaber.com\/mavikadin\/wp-content\/uploads\/es.mp4<\/a><\/video><\/div>\n<p class=\"p1\">Ecem Erkek, oyunculuk kariyerine Hayat S\u0131rlar\u0131 dizisiyle ad\u0131m atarak b\u00fcy\u00fck bir \u00e7\u0131k\u0131\u015f yapt\u0131. Ankara&#8217;dan sonra iki y\u0131l boyunca Bursa&#8217;da tiyatro e\u011fitimi alarak bu alanda derinlemesine \u00e7al\u0131\u015ft\u0131\u011f\u0131n\u0131 belirtti. Bursa&#8217;dan \u0130stanbul&#8217;a bir turne i\u00e7in gelen Sezen Aksu\u2019nun,<span class=\"Apple-converted-space\">\u00a0 <\/span>sahneye koydu\u011fu bir oyunu izledikten sonra, \u00fcnl\u00fc sanat\u00e7\u0131n\u0131n ona destek verdi\u011fini ifade etti. G\u00fcld\u00fcr G\u00fcld\u00fcr program\u0131yla geni\u015f bir izleyici kitlesi kazanan Erkek, \u015f\u00f6hretin kap\u0131lar\u0131n\u0131 komediyle aralam\u0131\u015f olsa da as\u0131l hayalinin iyi bir oyuncu olmak oldu\u011funu her f\u0131rsatta dile getirdi.<\/p>\n<h3>ECEM ERKEK K\u0130MD\u0130R, KA\u00c7 YA\u015eINDA?<\/h3>\n<p class=\"p1\">Ecem Erkek, 24 Haziran 1989 tarihinde Ankara&#8217;da d\u00fcnyaya geldi. Aslen Sivas&#8217;\u0131n \u0130mranl\u0131 il\u00e7esinden olan Erkek, e\u011fitim hayat\u0131na Ankara&#8217;da devam etti. 2006 y\u0131l\u0131nda Ankara \u00d6mer Seyfettin Lisesi&#8217;ni bitiren Erkek, gen\u00e7 ya\u015fta oyunculuk kariyerine y\u00f6nelmeye karar verdi. Bu do\u011frultuda, 2007-2008 y\u0131llar\u0131nda Mamak Belediyesi Konservatuvar\u0131&#8217;nda tiyatro e\u011fitimi ald\u0131 ve 2008 y\u0131l\u0131nda da Hacettepe \u00dcniversitesi T\u00fcrk\u00e7e Toplulu\u011fu&#8217;nda diksiyon dersleri alarak kendisini bu alanda geli\u015ftirdi.<\/p>\n<p><img loading=\"lazy\" decoding=\"async\" class=\"alignnone wp-image-110520 size-full\" src=\"https:\/\/www.tgrthaber.com\/mavikadin\/wp-content\/uploads\/ecem-erkek-kimdir-kac-yasinda.png\" alt=\"\" width=\"1208\" height=\"720\" title=\"\" srcset=\"https:\/\/www.tgrthaber.com\/mavikadin\/wp-content\/uploads\/ecem-erkek-kimdir-kac-yasinda.png 1208w, https:\/\/www.tgrthaber.com\/mavikadin\/wp-content\/uploads\/ecem-erkek-kimdir-kac-yasinda-300x179.png 300w, https:\/\/www.tgrthaber.com\/mavikadin\/wp-content\/uploads\/ecem-erkek-kimdir-kac-yasinda-1024x610.png 1024w, https:\/\/www.tgrthaber.com\/mavikadin\/wp-content\/uploads\/ecem-erkek-kimdir-kac-yasinda-768x458.png 768w\" sizes=\"(max-width: 1208px) 100vw, 1208px\" \/><\/p>\n<p class=\"p1\">Ecem Erkek, 2009 y\u0131l\u0131nda Ankara Sanat Tiyatrosu&#8217;nda kursiyerlik yaparak oyunculuk d\u00fcnyas\u0131na ilk ad\u0131m\u0131n\u0131 att\u0131. Ard\u0131ndan, 2010 y\u0131l\u0131nda Ankara \u00dcniversitesi Dil ve Tarih-Co\u011frafya Fak\u00fcltesi Tiyatro Anasanat Dal\u0131&#8217;n\u0131 kazanarak tiyatro e\u011fitimi ald\u0131 ve 2015 y\u0131l\u0131nda mezun oldu. Kariyerine sahnelerde ba\u015flam\u0131\u015f olan Erkek, Amerikan R\u00fcyas\u0131, Woyzeck, \u00dc\u00e7 Kuru\u015fluk Opera, Tersine D\u00fcnya, Romeo &amp; Juliet ve \u015eark Di\u015f\u00e7isi gibi \u00f6nemli tiyatro oyunlar\u0131nda rol ald\u0131. 2017 y\u0131l\u0131nda Hayat S\u0131rlar\u0131 dizisiyle televizyon ekranlar\u0131na ad\u0131m atan oyuncu, daha sonra G\u00fcld\u00fcr G\u00fcld\u00fcr Show kadrosuna kat\u0131larak geni\u015f bir izleyici kitlesine ula\u015ft\u0131. 2018&#8217;de Hakan: Muhaf\u0131z dizisinde konuk oyuncu olarak yer alan Erkek, 2020 y\u0131l\u0131nda 46. Alt\u0131n Kelebek \u00d6d\u00fclleri&#8217;nde &#8220;En \u0130yi Kad\u0131n Komedi Oyuncu&#8221; adayl\u0131\u011f\u0131 kazand\u0131 ve iptal edilen etkinlik sonras\u0131nda \u00f6d\u00fcl\u00fcn\u00fc ald\u0131.<\/p>\n<p>&nbsp;<\/p>\n","protected":false},"excerpt":{"rendered":"<p>Ecem Erkek, G\u00fcld\u00fcr G\u00fcld\u00fcr program\u0131 ile geni\u015f bir izleyici kitlesine ula\u015farak \u015f\u00f6hret kazand\u0131 ve \u015fimdi Gelin Tak\u0131m\u0131filmiyle sinemaseverlerle bulu\u015fuyor. H\u00fclya Av\u015far\u2019\u0131n program\u0131na kat\u0131lan Erkek, kariyerinin ba\u015flang\u0131c\u0131ndan \u00e7ocukluk y\u0131llar\u0131na kadar pek \u00e7ok konuda dikkat \u00e7eken a\u00e7\u0131klamalar yapt\u0131.<\/p>\n","protected":false},"author":16,"featured_media":110524,"comment_status":"closed","ping_status":"closed","sticky":false,"template":"","format":"standard","meta":{"rank_math_lock_modified_date":false,"footnotes":""},"categories":[76],"tags":[5480,5482,5481],"class_list":["post-110495","post","type-post","status-publish","format-standard","has-post-thumbnail","hentry","category-magazin","tag-ecem-erkek-hulya-avsar","tag-ecem-erkek-hulya-avsar-konuk","tag-ecem-erkek-kimdir"],"_links":{"self":[{"href":"https:\/\/www.tgrthaber.com\/mavikadin\/wp-json\/wp\/v2\/posts\/110495"}],"collection":[{"href":"https:\/\/www.tgrthaber.com\/mavikadin\/wp-json\/wp\/v2\/posts"}],"about":[{"href":"https:\/\/www.tgrthaber.com\/mavikadin\/wp-json\/wp\/v2\/types\/post"}],"author":[{"embeddable":true,"href":"https:\/\/www.tgrthaber.com\/mavikadin\/wp-json\/wp\/v2\/users\/16"}],"replies":[{"embeddable":true,"href":"https:\/\/www.tgrthaber.com\/mavikadin\/wp-json\/wp\/v2\/comments?post=110495"}],"version-history":[{"count":2,"href":"https:\/\/www.tgrthaber.com\/mavikadin\/wp-json\/wp\/v2\/posts\/110495\/revisions"}],"predecessor-version":[{"id":110527,"href":"https:\/\/www.tgrthaber.com\/mavikadin\/wp-json\/wp\/v2\/posts\/110495\/revisions\/110527"}],"wp:featuredmedia":[{"embeddable":true,"href":"https:\/\/www.tgrthaber.com\/mavikadin\/wp-json\/wp\/v2\/media\/110524"}],"wp:attachment":[{"href":"https:\/\/www.tgrthaber.com\/mavikadin\/wp-json\/wp\/v2\/media?parent=110495"}],"wp:term":[{"taxonomy":"category","embeddable":true,"href":"https:\/\/www.tgrthaber.com\/mavikadin\/wp-json\/wp\/v2\/categories?post=110495"},{"taxonomy":"post_tag","embeddable":true,"href":"https:\/\/www.tgrthaber.com\/mavikadin\/wp-json\/wp\/v2\/tags?post=110495"}],"curies":[{"name":"wp","href":"https:\/\/api.w.org\/{rel}","templated":true}]}}