{"id":110566,"date":"2024-12-22T22:48:31","date_gmt":"2024-12-22T19:48:31","guid":{"rendered":"https:\/\/www.tgrthaber.com\/mavikadin\/?p=110566"},"modified":"2024-12-24T00:27:34","modified_gmt":"2024-12-23T21:27:34","slug":"masterchef-23-aralik-2024-2-ceketi-kim-giydi-masterchef-ikinci-ceketi-kim-aldi","status":"publish","type":"post","link":"https:\/\/www.tgrthaber.com\/mavikadin\/masterchef-23-aralik-2024-2-ceketi-kim-giydi-masterchef-ikinci-ceketi-kim-aldi\/","title":{"rendered":"MasterChef 23 Aral\u0131k 2024 2. ceketi kim giydi? MasterChef ikinci ceketi kim ald\u0131?"},"content":{"rendered":"<p class=\"p1\">Final heyecan\u0131n\u0131n h\u0131zla yakla\u015ft\u0131\u011f\u0131 MasterChef T\u00fcrkiye\u2019de ceket m\u00fccadelesi t\u00fcm h\u0131z\u0131yla devam ediyor. Yar\u0131\u015fmac\u0131lar, prestijli ceketi kazanabilmek i\u00e7in her etapta b\u00fcy\u00fck bir gayretle \u00e7al\u0131\u015f\u0131yor. \u015eeflerin ve MasterChef finalistlerinin yer ald\u0131\u011f\u0131 programda, yar\u0131\u015fmac\u0131lar ilk etapta j\u00fcri \u00fcyelerinin sundu\u011fu malzemelerle becerilerini sergileyerek dikkat \u00e7ekecekler. \u0130kinci etapta ise, konuk \u015fef veya j\u00fcri \u00fcyesinin \u00f6zel tarifini en iyi \u015fekilde haz\u0131rlamak i\u00e7in k\u0131yas\u0131ya bir rekabet ya\u015fanacak. Peki, MasterChef T\u00fcrkiye&#8217;nin 2 ceketi kim kazand\u0131? 23 Aral\u0131k 2024 tarihli b\u00f6l\u00fcmde, MasterChef&#8217;in ikinci ceketini kim ald\u0131?\u00a0 \u0130\u015fte MasterChef T\u00fcrkiye 23 Aral\u0131k 2024 gecesine dair merak edilen detaylar&#8230;<\/p>\n<h3>MASTERCHEF 23 ARALIK 2024 2. CEKET\u0130 K\u0130M KAZANDI?<\/h3>\n<p class=\"p1\">MasterChef T\u00fcrkiye&#8217;de b\u00fcy\u00fck finale do\u011fru heyecan h\u0131zla art\u0131yor. Art\u0131k son alt\u0131ya kalan isimler netle\u015fti. Yar\u0131\u015fmac\u0131lar, \u015fimdi \u00fczerlerinde isimleri yaz\u0131l\u0131 olan ceketleri giyebilmek i\u00e7in k\u0131yas\u0131ya m\u00fccadele ediyorlar.<span class=\"Apple-converted-space\">\u00a0 <\/span>23 Aral\u0131k 2024 Pazartesi ak\u015fam\u0131 ise izleyiciler, hangi yar\u0131\u015fmac\u0131n\u0131n 2. ceketi giyece\u011fini merak i\u00e7inde bekliyor. Ceketin, yar\u0131\u015fmac\u0131lar i\u00e7in sadece bir \u00fcnvan de\u011fil, ayn\u0131 zamanda bir onur sembol\u00fc haline gelmesi, yar\u0131\u015fman\u0131n gidi\u015fat\u0131na da heyecan kat\u0131yor. Her bir aday, bu prestijli \u00f6d\u00fcl\u00fc kazanabilmek i\u00e7in yeteneklerini, \u00f6zg\u00fcnl\u00fcklerini ve mutfaklar\u0131ndaki ustal\u0131klar\u0131n\u0131 en \u00fcst d\u00fczeye \u00e7\u0131karmaya \u00e7al\u0131\u015f\u0131yor.<\/p>\n<p class=\"p1\">MasterChef 2024\u2019te finale yakla\u015f\u0131lan bu heyecan dolu bu ak\u015famda da, yar\u0131\u015fmac\u0131lardan ilk etapta Sichuan biberi, \u00f6rdek ve tofu kullanarak \u00f6zg\u00fcn yemekler haz\u0131rlamalar\u0131 istendi. Konuk \u015eef Aret Sahakyan ise ikinci etapta &#8220;\u0130\u00e7 pilavl\u0131 kabak \u00e7i\u00e7ekli \u0131stakoz&#8221; taba\u011f\u0131n\u0131 yar\u0131\u015fmac\u0131lara sunarak mutfak becerilerini sergiledi.<\/p>\n<p class=\"p1\">23 Aral\u0131k 2024 Pazartesi ak\u015fam\u0131, MasterChef T\u00fcrkiye&#8217;de en ba\u015far\u0131l\u0131 tabaklar\u0131 yaparak, finale bir ad\u0131 daha yakla\u015fan ve 2. beyaz ceketi kazanan isim Onur oldu.<\/p>\n<p><img loading=\"lazy\" decoding=\"async\" class=\"alignnone wp-image-110570 size-full\" src=\"https:\/\/www.tgrthaber.com\/mavikadin\/wp-content\/uploads\/MasterChef-23-Aralik-2024-2.-ceketi-kim-giydi-MasterChef-ikinci-ceketi-kim-aldi.png\" alt=\"\" width=\"1208\" height=\"720\" title=\"\" srcset=\"https:\/\/www.tgrthaber.com\/mavikadin\/wp-content\/uploads\/MasterChef-23-Aralik-2024-2.-ceketi-kim-giydi-MasterChef-ikinci-ceketi-kim-aldi.png 1208w, https:\/\/www.tgrthaber.com\/mavikadin\/wp-content\/uploads\/MasterChef-23-Aralik-2024-2.-ceketi-kim-giydi-MasterChef-ikinci-ceketi-kim-aldi-300x179.png 300w, https:\/\/www.tgrthaber.com\/mavikadin\/wp-content\/uploads\/MasterChef-23-Aralik-2024-2.-ceketi-kim-giydi-MasterChef-ikinci-ceketi-kim-aldi-1024x610.png 1024w, https:\/\/www.tgrthaber.com\/mavikadin\/wp-content\/uploads\/MasterChef-23-Aralik-2024-2.-ceketi-kim-giydi-MasterChef-ikinci-ceketi-kim-aldi-768x458.png 768w\" sizes=\"(max-width: 1208px) 100vw, 1208px\" \/><\/p>\n<h3 class=\"p2\">MASTERCHEF\u2019TE SON CEKET\u0130 K\u0130M KAZANDI?<\/h3>\n<p class=\"p1\">MasterChef T\u00fcrkiye\u2019de heyecan dolu bir yar\u0131\u015f\u0131n ard\u0131ndan, son ceketi kazanan isim belli oldu. 6. ve son ceketi kazanarak ilk 6&#8217;ya kalma ba\u015far\u0131s\u0131n\u0131 g\u00f6steren yar\u0131\u015fmac\u0131, Onur oldu. Onur, Mehmet, Somer ve Danilo \u015eef&#8217;in titiz de\u011ferlendirmelerinin ard\u0131ndan bu \u00f6nemli ba\u015far\u0131y\u0131 elde etti ve MasterChef T\u00fcrkiye&#8217;nin finale ad\u0131m atan yar\u0131\u015fmac\u0131lar\u0131ndan biri olmay\u0131 ba\u015fard\u0131. Son ceketin sahibi olan Onur, bu zorlu rekabette g\u00f6sterdi\u011fi azim ve mutfak becerileriyle izleyicilerden b\u00fcy\u00fck takdir ald\u0131. Bu geli\u015fmeyle birlikte, finale giden yolda geriye sadece 6 yar\u0131\u015fmac\u0131 kald\u0131.<\/p>\n<p><img loading=\"lazy\" decoding=\"async\" class=\"alignnone wp-image-110571\" src=\"https:\/\/www.tgrthaber.com\/mavikadin\/wp-content\/uploads\/Ekran-Resmi-2024-12-22-22.43.52-300x180.png\" alt=\"\" width=\"980\" height=\"588\" title=\"\" srcset=\"https:\/\/www.tgrthaber.com\/mavikadin\/wp-content\/uploads\/Ekran-Resmi-2024-12-22-22.43.52-300x180.png 300w, https:\/\/www.tgrthaber.com\/mavikadin\/wp-content\/uploads\/Ekran-Resmi-2024-12-22-22.43.52-768x460.png 768w, https:\/\/www.tgrthaber.com\/mavikadin\/wp-content\/uploads\/Ekran-Resmi-2024-12-22-22.43.52.png 978w\" sizes=\"(max-width: 980px) 100vw, 980px\" \/><\/p>\n<p class=\"p1\">\u00a0MasterChef T\u00fcrkiye&#8217;ye bu hafta veda eden ise \u015eirin oldu. \u015eirin, t\u00fcm m\u00fccadelelerine ra\u011fmen bu etapta yetersiz kald\u0131 ve MasterChef hayallerine veda eden isim oldu.<\/p>\n<h3 class=\"p1\"><b>MASTERCHEF\u2019TE SON 6\u2019YE K\u0130MLER KALDI?<\/b><\/h3>\n<p class=\"p1\">Kerem<\/p>\n<p class=\"p1\">Beyza<\/p>\n<p class=\"p1\">Erim<\/p>\n<p class=\"p1\">Semih<\/p>\n<p class=\"p1\">Eda<\/p>\n<p>Onur<\/p>\n","protected":false},"excerpt":{"rendered":"<p>MasterChef T\u00fcrkiye&#8217;de ceket m\u00fccadelesi h\u0131z kesmeden devam ediyor. Yar\u0131\u015fmac\u0131lar, prestijli ceketi kazanabilmek i\u00e7in b\u00fcy\u00fck bir \u00e7aba sarf ediyor. \u015eefler ve finalistlerin kat\u0131ld\u0131\u011f\u0131 programda, yar\u0131\u015fmac\u0131lar ilk etapta j\u00fcri \u00fcyelerinin verdi\u011fi malzemelerle yeteneklerini sergileyip dikkat \u00e7ekerken, ikinci etapta ise konuk \u015feflerin \u00f6zel tariflerini en iyi \u015fekilde yapabilmek i\u00e7in k\u0131yas\u0131ya yar\u0131\u015facaklar. Peki, 23 Aral\u0131k 2024\u2019te MasterChef T\u00fcrkiye\u2019nin ikinci ceketi kim kazand\u0131? \u0130\u015fte cevab\u0131\u2026 <\/p>\n","protected":false},"author":16,"featured_media":110572,"comment_status":"closed","ping_status":"closed","sticky":false,"template":"","format":"standard","meta":{"rank_math_lock_modified_date":false,"footnotes":""},"categories":[101],"tags":[4644,5491],"class_list":["post-110566","post","type-post","status-publish","format-standard","has-post-thumbnail","hentry","category-kesfet","tag-masterchef-2-ceketi-kim-giydi","tag-masterchef-2-ceketi-kim-kazandi"],"_links":{"self":[{"href":"https:\/\/www.tgrthaber.com\/mavikadin\/wp-json\/wp\/v2\/posts\/110566"}],"collection":[{"href":"https:\/\/www.tgrthaber.com\/mavikadin\/wp-json\/wp\/v2\/posts"}],"about":[{"href":"https:\/\/www.tgrthaber.com\/mavikadin\/wp-json\/wp\/v2\/types\/post"}],"author":[{"embeddable":true,"href":"https:\/\/www.tgrthaber.com\/mavikadin\/wp-json\/wp\/v2\/users\/16"}],"replies":[{"embeddable":true,"href":"https:\/\/www.tgrthaber.com\/mavikadin\/wp-json\/wp\/v2\/comments?post=110566"}],"version-history":[{"count":6,"href":"https:\/\/www.tgrthaber.com\/mavikadin\/wp-json\/wp\/v2\/posts\/110566\/revisions"}],"predecessor-version":[{"id":111420,"href":"https:\/\/www.tgrthaber.com\/mavikadin\/wp-json\/wp\/v2\/posts\/110566\/revisions\/111420"}],"wp:featuredmedia":[{"embeddable":true,"href":"https:\/\/www.tgrthaber.com\/mavikadin\/wp-json\/wp\/v2\/media\/110572"}],"wp:attachment":[{"href":"https:\/\/www.tgrthaber.com\/mavikadin\/wp-json\/wp\/v2\/media?parent=110566"}],"wp:term":[{"taxonomy":"category","embeddable":true,"href":"https:\/\/www.tgrthaber.com\/mavikadin\/wp-json\/wp\/v2\/categories?post=110566"},{"taxonomy":"post_tag","embeddable":true,"href":"https:\/\/www.tgrthaber.com\/mavikadin\/wp-json\/wp\/v2\/tags?post=110566"}],"curies":[{"name":"wp","href":"https:\/\/api.w.org\/{rel}","templated":true}]}}