{"id":110577,"date":"2024-12-22T23:12:02","date_gmt":"2024-12-22T20:12:02","guid":{"rendered":"https:\/\/www.tgrthaber.com\/mavikadin\/?p=110577"},"modified":"2024-12-22T23:39:20","modified_gmt":"2024-12-22T20:39:20","slug":"tesetture-giren-kismetse-olur-yarismacisi-yaren-dag-yeni-halini-paylasti","status":"publish","type":"post","link":"https:\/\/www.tgrthaber.com\/mavikadin\/tesetture-giren-kismetse-olur-yarismacisi-yaren-dag-yeni-halini-paylasti\/","title":{"rendered":"Tesett\u00fcre giren K\u0131smetse Olur yar\u0131\u015fmac\u0131s\u0131 Yaren Da\u011f yeni halini payla\u015ft\u0131"},"content":{"rendered":"<p>K\u0131smetse Olur yar\u0131\u015fmas\u0131yla ad\u0131n\u0131 geni\u015f bir kitleye duyuran Yaren Da\u011f, ald\u0131\u011f\u0131 radikal kararla sosyal medyada b\u00fcy\u00fck ilgi g\u00f6rd\u00fc. Instagram profilindeki b\u00fct\u00fcn foto\u011fraflar\u0131n\u0131 kald\u0131ran Yaren Da\u011f, ba\u015f\u0131 \u00f6rt\u00fcl\u00fc bir poz vererek yeni halini payla\u015ft\u0131.<\/p>\n<h3>ESK\u0130 PAYLA\u015eIMLARINI S\u0130LD\u0130<\/h3>\n<p>Yaren Da\u011f, yar\u0131\u015fmadaki do\u011fal tav\u0131rlar\u0131 ve samimi ki\u015fili\u011fiyle dikkatleri \u00fczerine \u00e7ekmi\u015fti. \u015eimdi ise hayat\u0131nda \u00f6nemli bir de\u011fi\u015fiklik yaparak yeni bir yola girdi\u011fini g\u00f6steren bir ad\u0131m att\u0131. Sosyal medya hesab\u0131ndaki eski payla\u015f\u0131mlar\u0131n\u0131 silip, ba\u015f\u00f6rt\u00fcl\u00fc foto\u011fraflar\u0131n\u0131 payla\u015fan Da\u011f, tesett\u00fcre girdi\u011fi y\u00f6n\u00fcndeki iddialar\u0131 do\u011frulayan bir ad\u0131m atm\u0131\u015f oldu.<\/p>\n<p><img loading=\"lazy\" decoding=\"async\" class=\"alignnone wp-image-110582\" src=\"https:\/\/www.tgrthaber.com\/mavikadin\/wp-content\/uploads\/s-3602ef00f339d1ddc6415013a6b7f61e8ec750e1-scaled.jpg\" alt=\"\" width=\"725\" height=\"1569\" title=\"\" srcset=\"https:\/\/www.tgrthaber.com\/mavikadin\/wp-content\/uploads\/s-3602ef00f339d1ddc6415013a6b7f61e8ec750e1-scaled.jpg 1183w, https:\/\/www.tgrthaber.com\/mavikadin\/wp-content\/uploads\/s-3602ef00f339d1ddc6415013a6b7f61e8ec750e1-139x300.jpg 139w, https:\/\/www.tgrthaber.com\/mavikadin\/wp-content\/uploads\/s-3602ef00f339d1ddc6415013a6b7f61e8ec750e1-473x1024.jpg 473w, https:\/\/www.tgrthaber.com\/mavikadin\/wp-content\/uploads\/s-3602ef00f339d1ddc6415013a6b7f61e8ec750e1-768x1661.jpg 768w, https:\/\/www.tgrthaber.com\/mavikadin\/wp-content\/uploads\/s-3602ef00f339d1ddc6415013a6b7f61e8ec750e1-710x1536.jpg 710w, https:\/\/www.tgrthaber.com\/mavikadin\/wp-content\/uploads\/s-3602ef00f339d1ddc6415013a6b7f61e8ec750e1-947x2048.jpg 947w\" sizes=\"(max-width: 725px) 100vw, 725px\" \/><\/p>\n<h3>NAMAZ KILDI\u011eI ANLARI G\u00dcNDEM OLMU\u015eTU<\/h3>\n<p>Yaren Da\u011f, sosyal medyada ilk olarak namaz k\u0131ld\u0131\u011f\u0131 anlar\u0131 payla\u015f\u0131p takip\u00e7ilerini \u015fa\u015f\u0131rtt\u0131. Ard\u0131ndan, ba\u015f\u00f6rt\u00fcl\u00fc pozlar\u0131yla b\u00fcy\u00fck dikkat \u00e7ekti. Bu de\u011fi\u015fiklik, Da\u011f&#8217;\u0131n manevi bir d\u00f6n\u00fc\u015f\u00fcm ge\u00e7irdi\u011fini ve hayat\u0131nda \u00f6nemli kararlar ald\u0131\u011f\u0131n\u0131 g\u00f6steriyor.<\/p>\n<p><img loading=\"lazy\" decoding=\"async\" class=\"alignnone wp-image-110578\" src=\"https:\/\/www.tgrthaber.com\/mavikadin\/wp-content\/uploads\/Ekran-goruntusu-2024-12-22-224427.png\" alt=\"\" width=\"729\" height=\"1108\" title=\"\" srcset=\"https:\/\/www.tgrthaber.com\/mavikadin\/wp-content\/uploads\/Ekran-goruntusu-2024-12-22-224427.png 472w, https:\/\/www.tgrthaber.com\/mavikadin\/wp-content\/uploads\/Ekran-goruntusu-2024-12-22-224427-197x300.png 197w\" sizes=\"(max-width: 729px) 100vw, 729px\" \/><\/p>\n<p>Yaren Da\u011f, payla\u015f\u0131m\u0131nda \u015fu s\u00f6zlere yer verdi: \u201cSars\u0131l\u0131n, namaz k\u0131l\u0131n. Radikal ve huzurlu kararlarla d\u00f6nece\u011fim.\u201d<\/p>\n<h3>YEN\u0130 HAL\u0130N\u0130 PAYLA\u015eTI<\/h3>\n<p>Yaren Da\u011f, k\u0131sa bir s\u00fcre \u00f6nce Instagram hesab\u0131ndan yapt\u0131\u011f\u0131 yeni payla\u015f\u0131mda, \u201cBuyrunuz yeni Yaren\u201d ifadelerini kullanarak, tesett\u00fcrl\u00fc halini takip\u00e7ileriyle payla\u015ft\u0131.<\/p>\n<p><img loading=\"lazy\" decoding=\"async\" class=\"alignnone wp-image-110579\" src=\"https:\/\/www.tgrthaber.com\/mavikadin\/wp-content\/uploads\/Ekran-goruntusu-2024-12-22-224326.png\" alt=\"\" width=\"732\" height=\"1106\" title=\"\" srcset=\"https:\/\/www.tgrthaber.com\/mavikadin\/wp-content\/uploads\/Ekran-goruntusu-2024-12-22-224326.png 452w, https:\/\/www.tgrthaber.com\/mavikadin\/wp-content\/uploads\/Ekran-goruntusu-2024-12-22-224326-199x300.png 199w\" sizes=\"(max-width: 732px) 100vw, 732px\" \/><\/p>\n","protected":false},"excerpt":{"rendered":"<p>K\u0131smetse Olur yar\u0131\u015fmas\u0131yla tan\u0131nan Yaren Da\u011f, sosyal medya hesab\u0131ndaki foto\u011fraflar\u0131 kald\u0131r\u0131p ba\u015f\u00f6rt\u00fcl\u00fc pozlar\u0131n\u0131 payla\u015farak tesett\u00fcre girdi\u011fini ifade etmi\u015fti. Ge\u00e7ti\u011fimiz saatlerde Yaren Da\u011f yeni halini takip\u00e7ileriyle payla\u015ft\u0131.<\/p>\n","protected":false},"author":4,"featured_media":110583,"comment_status":"closed","ping_status":"closed","sticky":false,"template":"","format":"standard","meta":{"rank_math_lock_modified_date":false,"footnotes":""},"categories":[76],"tags":[2814,5493,5492],"class_list":["post-110577","post","type-post","status-publish","format-standard","has-post-thumbnail","hentry","category-magazin","tag-kismetse-olur","tag-tesettur","tag-yaren-dag"],"_links":{"self":[{"href":"https:\/\/www.tgrthaber.com\/mavikadin\/wp-json\/wp\/v2\/posts\/110577"}],"collection":[{"href":"https:\/\/www.tgrthaber.com\/mavikadin\/wp-json\/wp\/v2\/posts"}],"about":[{"href":"https:\/\/www.tgrthaber.com\/mavikadin\/wp-json\/wp\/v2\/types\/post"}],"author":[{"embeddable":true,"href":"https:\/\/www.tgrthaber.com\/mavikadin\/wp-json\/wp\/v2\/users\/4"}],"replies":[{"embeddable":true,"href":"https:\/\/www.tgrthaber.com\/mavikadin\/wp-json\/wp\/v2\/comments?post=110577"}],"version-history":[{"count":1,"href":"https:\/\/www.tgrthaber.com\/mavikadin\/wp-json\/wp\/v2\/posts\/110577\/revisions"}],"predecessor-version":[{"id":110584,"href":"https:\/\/www.tgrthaber.com\/mavikadin\/wp-json\/wp\/v2\/posts\/110577\/revisions\/110584"}],"wp:featuredmedia":[{"embeddable":true,"href":"https:\/\/www.tgrthaber.com\/mavikadin\/wp-json\/wp\/v2\/media\/110583"}],"wp:attachment":[{"href":"https:\/\/www.tgrthaber.com\/mavikadin\/wp-json\/wp\/v2\/media?parent=110577"}],"wp:term":[{"taxonomy":"category","embeddable":true,"href":"https:\/\/www.tgrthaber.com\/mavikadin\/wp-json\/wp\/v2\/categories?post=110577"},{"taxonomy":"post_tag","embeddable":true,"href":"https:\/\/www.tgrthaber.com\/mavikadin\/wp-json\/wp\/v2\/tags?post=110577"}],"curies":[{"name":"wp","href":"https:\/\/api.w.org\/{rel}","templated":true}]}}