{"id":110581,"date":"2024-12-22T23:15:04","date_gmt":"2024-12-22T20:15:04","guid":{"rendered":"https:\/\/www.tgrthaber.com\/mavikadin\/?p=110581"},"modified":"2024-12-22T23:15:40","modified_gmt":"2024-12-22T20:15:40","slug":"sosyal-medya-fenomeni-khabane-lame-kabeyi-ziyaret-etti","status":"publish","type":"post","link":"https:\/\/www.tgrthaber.com\/mavikadin\/sosyal-medya-fenomeni-khabane-lame-kabeyi-ziyaret-etti\/","title":{"rendered":"Sosyal medya fenomeni Khabane Lame, K\u00e2be\u2019yi ziyaret etti."},"content":{"rendered":"<p>TikTok&#8217;un en pop\u00fcler isimlerinden biri olan Khabane Lame, ge\u00e7ti\u011fimiz g\u00fcnlerde K\u00e2be&#8217;yi ziyaret etti. Ziyareti s\u0131ras\u0131nda payla\u015ft\u0131\u011f\u0131 i\u00e7erik, k\u0131sa s\u00fcrede geni\u015f be\u011feni toplad\u0131. Khaby Lame&#8217;nin K\u00e2be&#8217;de yapt\u0131\u011f\u0131 payla\u015f\u0131m, hem hayranlar\u0131n\u0131 hem de genel izleyici kitlesini etkiledi ve sosyal medyada b\u00fcy\u00fck ilgi g\u00f6rd\u00fc. Bu \u00f6zel an, Khaby Lame&#8217;nin milyonlarca takip\u00e7isi aras\u0131nda duygusal ve \u00f6nemli bir yer edindi.<\/p>\n<h3>KHABANE\u2019DEN K\u00c2BE\u2019Y\u0130 Z\u0130YARET<\/h3>\n<p>\u00dcnl\u00fc fenomen Medine\u2019de Kabe\u2019yi ziyareti s\u0131ras\u0131nda \u00e7ekti\u011fi video ve foto\u011fraf\u0131 sosyal medyas\u0131nda payla\u015ft\u0131. Khabane\u2019nin bu payla\u015f\u0131m\u0131 saatler i\u00e7erisinde b\u00fcy\u00fck bir be\u011feni ve yorum toplad\u0131. \u00dcnl\u00fc fenomen, K\u00e2be\u2019ye yapt\u0131\u011f\u0131 ziyareti \u201c\u201cElhamd\u00fclillah. Tanr\u0131 bana her \u015feyi verdi; en \u00f6nemlisi de devam etme ve hayallerime inanma g\u00fcc\u00fcn\u00fc. Hayatta bir\u00e7ok m\u00fccadeleyle kar\u015f\u0131la\u015ft\u0131m ve her \u015fey imk\u00e2ns\u0131z g\u00f6r\u00fcnd\u00fc\u011f\u00fcnde inanc\u0131m beni ayakta tuttu. Tek umudum oldu\u011fun i\u00e7in sana \u015f\u00fck\u00fcrler olsun Allah\u2019\u0131m.\u201d bu s\u00f6zlerle payla\u015ft\u0131.<\/p>\n<div style=\"width: 640px;\" class=\"wp-video\"><!--[if lt IE 9]><script>document.createElement('video');<\/script><![endif]-->\n<video class=\"wp-video-shortcode\" id=\"video-110581-1\" width=\"640\" height=\"700\" preload=\"metadata\" controls=\"controls\"><source type=\"video\/mp4\" src=\"https:\/\/www.tgrthaber.com\/mavikadin\/wp-content\/uploads\/Sosyal-medya-fenomeni-Khabane-\u2018Khaby-Lame-Kabeyi-ziyaret-etti.mp4?_=1\" \/><a href=\"https:\/\/www.tgrthaber.com\/mavikadin\/wp-content\/uploads\/Sosyal-medya-fenomeni-Khabane-\u2018Khaby-Lame-Kabeyi-ziyaret-etti.mp4\">https:\/\/www.tgrthaber.com\/mavikadin\/wp-content\/uploads\/Sosyal-medya-fenomeni-Khabane-\u2018Khaby-Lame-Kabeyi-ziyaret-etti.mp4<\/a><\/video><\/div>\n<h3>KHABANE LAME K\u0130MD\u0130R?<\/h3>\n<p>Senegal do\u011fumlu ve \u0130talya&#8217;ya g\u00f6\u00e7 eden Khabane Lame, TikTok&#8217;un en \u00e7ok takip edilen ismi haline geldi. D\u00fcnyan\u0131n en pop\u00fcler TikTok i\u00e7erik \u00fcreticisi olan Amerikal\u0131 Charli D&#8217;Amelio&#8217;nun 142,3 milyon takip\u00e7i ile rekorunu k\u0131rarak bu unvan\u0131 elinde bulunduruyor. Chivasso&#8217;da ya\u015fayan Lame, TikTok hesab\u0131n\u0131, Mart 2020&#8217;de Kovid-19 salg\u0131n\u0131 s\u0131ras\u0131nda i\u015fsiz kald\u0131\u011f\u0131 d\u00f6nemde a\u00e7m\u0131\u015ft\u0131.<\/p>\n<h3>\u201cSESS\u0130Z KOMEDYEN\u201d KHABANE LAME<\/h3>\n<p>Sessiz komedyen olarak tan\u0131nan Khabane Lame, TikTok platformunda basit i\u015flerin karma\u015f\u0131k yollar\u0131n\u0131 tiye alan ske\u00e7ler \u00e7ekerek b\u00fcy\u00fck bir hayran kitlesi edindi. &#8220;khaby.lame&#8221; kullan\u0131c\u0131 ad\u0131yla bilinen Lame, videolar\u0131nda sadece jest ve mimiklerini kullanarak ileti\u015fim kuruyor, hi\u00e7 konu\u015fmuyor.<\/p>\n<p>Son zamanlarda Binance ile i\u015fbirli\u011fi yaparak Web3&#8217;\u00fc \u00e7evreleyen sorunlara odaklanacak olan Khabane, \u00f6zel takas edilemez token (NFT) koleksiyonlar\u0131 olu\u015fturmak i\u00e7in ticari marka yetene\u011fini kullanacak. Bu i\u015fbirli\u011fiyle Khabane Lame, sosyal medya fenomeni kimli\u011fini daha da g\u00fc\u00e7lendirecek ve i\u00e7erik \u00fcretiminde yeni bir boyut kazanacak.<\/p>\n","protected":false},"excerpt":{"rendered":"<p>D\u00fcnyada en \u00e7ok takip edilen TikTok fenomeni olan Khabane Lame, ge\u00e7ti\u011fimiz g\u00fcnlerde K\u00e2be\u2019yi ziyaret etti. K\u00e2be\u2019yi ziyaret eden Khabane Lame\u2019nin payla\u015f\u0131m\u0131 dakikalar i\u00e7erisinde be\u011feni toplad\u0131. <\/p>\n","protected":false},"author":10,"featured_media":110585,"comment_status":"closed","ping_status":"closed","sticky":false,"template":"","format":"standard","meta":{"rank_math_lock_modified_date":false,"footnotes":""},"categories":[76],"tags":[5494,5495],"class_list":["post-110581","post","type-post","status-publish","format-standard","has-post-thumbnail","hentry","category-magazin","tag-khabane-lame","tag-khabane-lame-kabe"],"_links":{"self":[{"href":"https:\/\/www.tgrthaber.com\/mavikadin\/wp-json\/wp\/v2\/posts\/110581"}],"collection":[{"href":"https:\/\/www.tgrthaber.com\/mavikadin\/wp-json\/wp\/v2\/posts"}],"about":[{"href":"https:\/\/www.tgrthaber.com\/mavikadin\/wp-json\/wp\/v2\/types\/post"}],"author":[{"embeddable":true,"href":"https:\/\/www.tgrthaber.com\/mavikadin\/wp-json\/wp\/v2\/users\/10"}],"replies":[{"embeddable":true,"href":"https:\/\/www.tgrthaber.com\/mavikadin\/wp-json\/wp\/v2\/comments?post=110581"}],"version-history":[{"count":1,"href":"https:\/\/www.tgrthaber.com\/mavikadin\/wp-json\/wp\/v2\/posts\/110581\/revisions"}],"predecessor-version":[{"id":110591,"href":"https:\/\/www.tgrthaber.com\/mavikadin\/wp-json\/wp\/v2\/posts\/110581\/revisions\/110591"}],"wp:featuredmedia":[{"embeddable":true,"href":"https:\/\/www.tgrthaber.com\/mavikadin\/wp-json\/wp\/v2\/media\/110585"}],"wp:attachment":[{"href":"https:\/\/www.tgrthaber.com\/mavikadin\/wp-json\/wp\/v2\/media?parent=110581"}],"wp:term":[{"taxonomy":"category","embeddable":true,"href":"https:\/\/www.tgrthaber.com\/mavikadin\/wp-json\/wp\/v2\/categories?post=110581"},{"taxonomy":"post_tag","embeddable":true,"href":"https:\/\/www.tgrthaber.com\/mavikadin\/wp-json\/wp\/v2\/tags?post=110581"}],"curies":[{"name":"wp","href":"https:\/\/api.w.org\/{rel}","templated":true}]}}