{"id":110636,"date":"2024-12-22T23:58:58","date_gmt":"2024-12-22T20:58:58","guid":{"rendered":"https:\/\/www.tgrthaber.com\/mavikadin\/?p=110636"},"modified":"2024-12-22T23:58:59","modified_gmt":"2024-12-22T20:58:59","slug":"sahra-isik-mujdeyi-duyurdu-ciftin-bebeklerinin-cinsiyeti-belli-oldu","status":"publish","type":"post","link":"https:\/\/www.tgrthaber.com\/mavikadin\/sahra-isik-mujdeyi-duyurdu-ciftin-bebeklerinin-cinsiyeti-belli-oldu\/","title":{"rendered":"Sahra I\u015f\u0131k m\u00fcjdeyi duyurdu! \u00c7iftin bebeklerinin cinsiyeti belli oldu!"},"content":{"rendered":"<p>Survivor yar\u0131\u015fmas\u0131yla tan\u0131nan Sahra I\u015f\u0131k, ge\u00e7ti\u011fimiz ha\u00e7ta hamile oldu\u011funu duyurduktan sonra trafik kazas\u0131 ge\u00e7irmi\u015f ve takip\u00e7ilerinden dua istemi\u015fti. O k\u00f6t\u00fc g\u00fcnlerin ard\u0131ndan Sahra I\u015f\u0131k ve e\u015fi \u0130dris Aybirdi, Paris&#8217;te bebeklerinin cinsiyetini a\u00e7\u0131klad\u0131lar. Uzun s\u00fcren bekleyi\u015fin ard\u0131ndan \u00e7ift, \u00e2\u015f\u0131klar \u015fehri Paris&#8217;te bebeklerinin cinsiyetini duyurarak takip\u00e7ileriyle sevin\u00e7lerini payla\u015ft\u0131. Bu \u00f6zel an, hem aile i\u00e7in unutulmaz bir an\u0131 olu\u015ftururken hem de hayranlar\u0131na mutlu bir s\u00fcrpriz ya\u015fatt\u0131. Sahra I\u015f\u0131k&#8217;\u0131n sa\u011fl\u0131k durumuyla ilgili endi\u015felerin yerini sevin\u00e7li bir haber ald\u0131 ve bu g\u00fczel haberi payla\u015fman\u0131n heyecan\u0131n\u0131 ya\u015fad\u0131lar.<\/p>\n<h3>BEBEKLER\u0130N\u0130N C\u0130NS\u0130YET\u0130 BELL\u0130 OLDU<\/h3>\n<p>K\u00f6t\u00fc g\u00fcnlerin ard\u0131ndan nihayet Sahra I\u015f\u0131k ve i\u015f insan\u0131 \u0130dris Aybirdi\u2019den m\u00fcjdeli bir haber geldi. Paris\u2019te ellerinde balonlarla bebeklerinin cinsiyetini duyurdular. G\u00fczel haberi takip\u00e7ileriyle \u201cEvet bekledi\u011fimiz an geldi. Cinsiyeti belli oldu\u201d s\u00f6zleriyle a\u00e7\u0131klad\u0131.<\/p>\n<p><img loading=\"lazy\" decoding=\"async\" class=\"alignnone wp-image-110638\" src=\"https:\/\/www.tgrthaber.com\/mavikadin\/wp-content\/uploads\/sahra-isik-bebegin-cinsiyetini-acikladi-300x169.jpg\" alt=\"sahra \u0131\u015f\u0131k bebe\u011fin cinsiyetini a\u00e7\u0131klad\u0131\" width=\"1208\" height=\"680\" title=\"\" srcset=\"https:\/\/www.tgrthaber.com\/mavikadin\/wp-content\/uploads\/sahra-isik-bebegin-cinsiyetini-acikladi-300x169.jpg 300w, https:\/\/www.tgrthaber.com\/mavikadin\/wp-content\/uploads\/sahra-isik-bebegin-cinsiyetini-acikladi-1024x576.jpg 1024w, https:\/\/www.tgrthaber.com\/mavikadin\/wp-content\/uploads\/sahra-isik-bebegin-cinsiyetini-acikladi-768x432.jpg 768w, https:\/\/www.tgrthaber.com\/mavikadin\/wp-content\/uploads\/sahra-isik-bebegin-cinsiyetini-acikladi-1536x864.jpg 1536w, https:\/\/www.tgrthaber.com\/mavikadin\/wp-content\/uploads\/sahra-isik-bebegin-cinsiyetini-acikladi.jpg 1920w\" sizes=\"(max-width: 1208px) 100vw, 1208px\" \/><\/p>\n<h3>\u201c\u0130K\u0130NC\u0130 A\u015eKIM Y\u00dcKLEN\u0130YOR\u201d<\/h3>\n<p>Sahra I\u015f\u0131k cinsiyeti \u201cikinci a\u015fk\u0131m y\u00fckleniyor diyerek payla\u015ft\u0131. E\u015finin erkek kendisinin ise k\u0131z evlad\u0131n\u0131 bekledi\u011fini dile getiren Sahra I\u015f\u0131k, takip\u00e7ileriyle bu duygu dolu anlar\u0131 payla\u015farak hislerini a\u00e7\u0131klad\u0131.<\/p>\n<p>\u201cBizim i\u00e7in Paris her \u015feyin ba\u015flang\u0131\u00e7 noktas\u0131yd\u0131. En g\u00fczel anlar\u0131m\u0131z\u0131 burada ya\u015fad\u0131k. Ve bug\u00fcn hayat\u0131m\u0131z\u0131n en heyecan verici zaman\u0131n\u0131 burada sizlerle payla\u015fmak istedik.<\/p>\n<p>A\u00e7\u0131k\u00e7as\u0131 idris Aybirdi erkek ben k\u0131z olmas\u0131n\u0131 istedik. Ama her \u015feyden \u00f6nce sa\u011fl\u0131kla hay\u0131rl\u0131 bir evlat olsun diye dua ettik. Bu hissi bize ya\u015fatt\u0131\u011f\u0131n i\u00e7in sana binlerce kez \u015f\u00fck\u00fcrler olsun Allah\u2019\u0131m.\u201d<\/p>\n<div style=\"width: 640px;\" class=\"wp-video\"><!--[if lt IE 9]><script>document.createElement('video');<\/script><![endif]-->\n<video class=\"wp-video-shortcode\" id=\"video-110636-1\" width=\"640\" height=\"800\" preload=\"metadata\" controls=\"controls\"><source type=\"video\/mp4\" src=\"https:\/\/www.tgrthaber.com\/mavikadin\/wp-content\/uploads\/sahra-isik-bebeginin-cinsiyetini-acikladi.mp4?_=1\" \/><a href=\"https:\/\/www.tgrthaber.com\/mavikadin\/wp-content\/uploads\/sahra-isik-bebeginin-cinsiyetini-acikladi.mp4\">https:\/\/www.tgrthaber.com\/mavikadin\/wp-content\/uploads\/sahra-isik-bebeginin-cinsiyetini-acikladi.mp4<\/a><\/video><\/div>\n","protected":false},"excerpt":{"rendered":"<p>Sahra I\u015f\u0131k ve e\u015fi \u0130dris Aybirdi ile Paris\u2019te bebeklerinin cinsiyetini a\u00e7\u0131klad\u0131lar. Aylarca s\u00fcren bekleyi\u015fin ard\u0131ndan \u00e7ift bebeklerinin cinsiyetini \u00e2\u015f\u0131klar \u015fehri Paris\u2019te duyurdu. <\/p>\n","protected":false},"author":10,"featured_media":110643,"comment_status":"closed","ping_status":"closed","sticky":false,"template":"","format":"standard","meta":{"rank_math_lock_modified_date":false,"footnotes":""},"categories":[76],"tags":[3629],"class_list":["post-110636","post","type-post","status-publish","format-standard","has-post-thumbnail","hentry","category-magazin","tag-sahra-isik"],"_links":{"self":[{"href":"https:\/\/www.tgrthaber.com\/mavikadin\/wp-json\/wp\/v2\/posts\/110636"}],"collection":[{"href":"https:\/\/www.tgrthaber.com\/mavikadin\/wp-json\/wp\/v2\/posts"}],"about":[{"href":"https:\/\/www.tgrthaber.com\/mavikadin\/wp-json\/wp\/v2\/types\/post"}],"author":[{"embeddable":true,"href":"https:\/\/www.tgrthaber.com\/mavikadin\/wp-json\/wp\/v2\/users\/10"}],"replies":[{"embeddable":true,"href":"https:\/\/www.tgrthaber.com\/mavikadin\/wp-json\/wp\/v2\/comments?post=110636"}],"version-history":[{"count":1,"href":"https:\/\/www.tgrthaber.com\/mavikadin\/wp-json\/wp\/v2\/posts\/110636\/revisions"}],"predecessor-version":[{"id":110646,"href":"https:\/\/www.tgrthaber.com\/mavikadin\/wp-json\/wp\/v2\/posts\/110636\/revisions\/110646"}],"wp:featuredmedia":[{"embeddable":true,"href":"https:\/\/www.tgrthaber.com\/mavikadin\/wp-json\/wp\/v2\/media\/110643"}],"wp:attachment":[{"href":"https:\/\/www.tgrthaber.com\/mavikadin\/wp-json\/wp\/v2\/media?parent=110636"}],"wp:term":[{"taxonomy":"category","embeddable":true,"href":"https:\/\/www.tgrthaber.com\/mavikadin\/wp-json\/wp\/v2\/categories?post=110636"},{"taxonomy":"post_tag","embeddable":true,"href":"https:\/\/www.tgrthaber.com\/mavikadin\/wp-json\/wp\/v2\/tags?post=110636"}],"curies":[{"name":"wp","href":"https:\/\/api.w.org\/{rel}","templated":true}]}}