{"id":110676,"date":"2024-12-23T00:18:04","date_gmt":"2024-12-22T21:18:04","guid":{"rendered":"https:\/\/www.tgrthaber.com\/mavikadin\/?p=110676"},"modified":"2024-12-27T15:44:31","modified_gmt":"2024-12-27T12:44:31","slug":"inci-tanelerinde-gizemli-kadinin-kim-oldugu-ortaya-cikti-simge-selcuk-candan-karakteriyle-kadroda","status":"publish","type":"post","link":"https:\/\/www.tgrthaber.com\/mavikadin\/inci-tanelerinde-gizemli-kadinin-kim-oldugu-ortaya-cikti-simge-selcuk-candan-karakteriyle-kadroda\/","title":{"rendered":"\u0130nci Taneleri\u2019nde gizemli kad\u0131n\u0131n kim oldu\u011fu ortaya \u00e7\u0131kt\u0131! Simge Sel\u00e7uk Candan karakteriyle kadroda"},"content":{"rendered":"<p>Kanal D\u2019nin reyting rekorlar\u0131 k\u0131ran dizisi \u0130nci Taneleri, ikinci sezonuyla da izleyiciyi ekrana kilitlemeye devam ediyor. Dizinin yeni b\u00f6l\u00fcmlerinde seyirciyi ekran ba\u015f\u0131na ba\u011flayan en b\u00fcy\u00fck soru ise y\u00fcz\u00fc g\u00f6sterilmeyen sar\u0131\u015f\u0131n kad\u0131n\u0131n kim oldu\u011fu olmu\u015ftu. Merakla beklenen bu gizem \u00e7\u00f6z\u00fcld\u00fc! Dizinin yeni karakterinin ger\u00e7ek kimli\u011fi ve hikayesi nihayet g\u00fcn y\u00fcz\u00fcne \u00e7\u0131kt\u0131. Simge Sel\u00e7uk Candan karakteriyle \u0130nci Taneleri&#8217;ne dahil oldu.<\/p>\n<h3>\u0130NC\u0130 TANELER\u0130 CANDAN K\u0130MD\u0130R?<\/h3>\n<p>BKM imzal\u0131 ve \u015eenol S\u00f6nmez\u2019in y\u00f6netti\u011fi \u0130nci Taneleri dizisinde, Azem\u2019in ge\u00e7mi\u015finden gelen sar\u0131\u015f\u0131n kad\u0131n\u0131n Candan isminde bir kad\u0131n oldu\u011fu ortaya \u00e7\u0131kt\u0131. Dizinin fragman\u0131nda gizemli sar\u0131\u015f\u0131n kad\u0131n karakterin kim oldu\u011fu ortaya \u00e7\u0131kt\u0131.<\/p>\n<p><img loading=\"lazy\" decoding=\"async\" class=\"alignnone size-full wp-image-110694\" src=\"https:\/\/www.tgrthaber.com\/mavikadin\/wp-content\/uploads\/inci-taneleri-4.jpg\" alt=\"\" width=\"803\" height=\"468\" title=\"\" srcset=\"https:\/\/www.tgrthaber.com\/mavikadin\/wp-content\/uploads\/inci-taneleri-4.jpg 803w, https:\/\/www.tgrthaber.com\/mavikadin\/wp-content\/uploads\/inci-taneleri-4-300x175.jpg 300w, https:\/\/www.tgrthaber.com\/mavikadin\/wp-content\/uploads\/inci-taneleri-4-768x448.jpg 768w\" sizes=\"(max-width: 803px) 100vw, 803px\" \/><\/p>\n<hr \/>\n<h3>S\u0130MGE SEL\u00c7UK \u0130NC\u0130 TANELER\u0130&#8217;NDE<\/h3>\n<p>Ba\u015far\u0131l\u0131 oyuncu Simge Sel\u00e7uk, \u0130nci Taneleri&#8217;nde Candan karakteriyle izleyici kar\u015f\u0131s\u0131na \u00e7\u0131kacak. Daha \u00f6nce Karde\u015flerim dizisinde Nebahat karakteriyle ad\u0131ndan s\u0131k\u00e7a s\u00f6z ettiren Simge Sel\u00e7uk, \u015fimdi de Candan rol\u00fcyle dizideki dengeleri de\u011fi\u015ftirecek.<\/p>\n<p><img loading=\"lazy\" decoding=\"async\" class=\"alignnone wp-image-110681\" src=\"https:\/\/www.tgrthaber.com\/mavikadin\/wp-content\/uploads\/simgeselcuk_1646140681_2784352303280058133_233303538.jpg\" alt=\"\" width=\"770\" height=\"955\" title=\"\" srcset=\"https:\/\/www.tgrthaber.com\/mavikadin\/wp-content\/uploads\/simgeselcuk_1646140681_2784352303280058133_233303538.jpg 841w, https:\/\/www.tgrthaber.com\/mavikadin\/wp-content\/uploads\/simgeselcuk_1646140681_2784352303280058133_233303538-242x300.jpg 242w, https:\/\/www.tgrthaber.com\/mavikadin\/wp-content\/uploads\/simgeselcuk_1646140681_2784352303280058133_233303538-826x1024.jpg 826w, https:\/\/www.tgrthaber.com\/mavikadin\/wp-content\/uploads\/simgeselcuk_1646140681_2784352303280058133_233303538-768x952.jpg 768w\" sizes=\"(max-width: 770px) 100vw, 770px\" \/><\/p>\n<hr \/>\n<h3>\u0130NC\u0130 TANELER\u0130&#8217;NDEN HEYECAN DOLU YEN\u0130 B\u00d6L\u00dcM<\/h3>\n<p>\u0130nci Taneleri yeni b\u00f6l\u00fcmde, Dalaman A\u00e7\u0131k Ceza \u0130nfaz Kurumu\u2019ndan Azem\u2019in adresini alan Ay\u015fe, Kas\u0131m \u00fczerinden Azem\u2019e ula\u015f\u0131yor. Kas\u0131m\u2019\u0131n, \u201cBir kad\u0131n seni ar\u0131yor. Adresimizi bulmu\u015f,\u201d s\u00f6zleriyle ba\u015flayan bu kar\u015f\u0131la\u015fma, Azem\u2019in \u201cAy\u015fe\u201d diye seslendi\u011fi s\u00fcrpriz bir bulu\u015fmayla son buluyor. Ay\u015fe&#8217;nin Azem\u2019le ge\u00e7mi\u015fi ve hikayeye olan etkisi merak ediliyor.<\/p>\n<!--[if lt IE 9]><script>document.createElement('video');<\/script><![endif]-->\n\t<div class=\"wp-playlist wp-video-playlist wp-playlist-light\">\n\t\t<video controls=\"controls\" preload=\"none\" width=\"618\"\n\t\t height=\"348\"\t><\/video>\n\t<div class=\"wp-playlist-next\"><\/div>\n\t<div class=\"wp-playlist-prev\"><\/div>\n\t<noscript>\n\t<ol>\n\t\t<li><a href='https:\/\/www.tgrthaber.com\/mavikadin\/wp-content\/uploads\/inci-taneleri.mp4'>inci taneleri<\/a><\/li>\t<\/ol>\n\t<\/noscript>\n\t<script type=\"application\/json\" class=\"wp-playlist-script\">{\"type\":\"video\",\"tracklist\":true,\"tracknumbers\":true,\"images\":true,\"artists\":true,\"tracks\":[{\"src\":\"https:\\\/\\\/www.tgrthaber.com\\\/mavikadin\\\/wp-content\\\/uploads\\\/inci-taneleri.mp4\",\"type\":\"video\\\/mp4\",\"title\":\"inci taneleri\",\"caption\":\"\",\"description\":\"\",\"meta\":{\"length_formatted\":\"1:00\"},\"dimensions\":{\"original\":{\"width\":640,\"height\":360},\"resized\":{\"width\":618,\"height\":348}},\"image\":{\"src\":\"https:\\\/\\\/www.tgrthaber.com\\\/mavikadin\\\/wp-includes\\\/images\\\/media\\\/video.svg\",\"width\":48,\"height\":64},\"thumb\":{\"src\":\"https:\\\/\\\/www.tgrthaber.com\\\/mavikadin\\\/wp-includes\\\/images\\\/media\\\/video.svg\",\"width\":48,\"height\":64}}]}<\/script>\n<\/div>\n\t\n<hr \/>\n<h3>AY\u015eE VE AZEM ARASINDAK\u0130 SIR<\/h3>\n<p>Ay\u015fe sadece Azem\u2019in hayat\u0131nda de\u011fil, dizinin t\u00fcm ak\u0131\u015f\u0131nda b\u00fcy\u00fck de\u011fi\u015fikliklere neden olacak. Ge\u00e7mi\u015fin g\u00f6lgeleriyle ortaya \u00e7\u0131kan bu gizemli kad\u0131n, Azem\u2019in s\u0131rlarla dolu hayat\u0131n\u0131 daha da karma\u015f\u0131k hale getirirken, seyirciye gerilim ve heyecan dolu anlar ya\u015fatacak.<\/p>\n<h3>S\u0130MGE SEL\u00c7UK K\u0130MD\u0130R?<\/h3>\n<p>1975 y\u0131l\u0131nda Ankara\u2019da d\u00fcnyaya gelen Simge Sel\u00e7uk, oyunculuk kariyerine att\u0131\u011f\u0131 ad\u0131mlarla T\u00fcrk televizyonuna damga vurmay\u0131 ba\u015farm\u0131\u015f bir isimdir. Bilkent \u00dcniversitesi M\u00fczik ve Sahne Sanatlar\u0131 B\u00f6l\u00fcm\u00fcnden mezun olan Sel\u00e7uk, sanat kariyerine 1993 y\u0131l\u0131nda yay\u0131nlanan Ferhunde Han\u0131mlar dizisinde Yonca karakteriyle ad\u0131m att\u0131. O tarihten bu yana televizyon ve sinema d\u00fcnyas\u0131nda bir\u00e7ok unutulmaz projede yer ald\u0131.<\/p>\n<p><img loading=\"lazy\" decoding=\"async\" class=\"alignnone wp-image-110697\" src=\"https:\/\/www.tgrthaber.com\/mavikadin\/wp-content\/uploads\/s-1fe2b87c57edf20b49aadc6cb09f0e9aafacab2b-scaled.jpg\" alt=\"\" width=\"737\" height=\"494\" title=\"\" srcset=\"https:\/\/www.tgrthaber.com\/mavikadin\/wp-content\/uploads\/s-1fe2b87c57edf20b49aadc6cb09f0e9aafacab2b-scaled.jpg 2560w, https:\/\/www.tgrthaber.com\/mavikadin\/wp-content\/uploads\/s-1fe2b87c57edf20b49aadc6cb09f0e9aafacab2b-300x201.jpg 300w, https:\/\/www.tgrthaber.com\/mavikadin\/wp-content\/uploads\/s-1fe2b87c57edf20b49aadc6cb09f0e9aafacab2b-1024x686.jpg 1024w, https:\/\/www.tgrthaber.com\/mavikadin\/wp-content\/uploads\/s-1fe2b87c57edf20b49aadc6cb09f0e9aafacab2b-768x515.jpg 768w, https:\/\/www.tgrthaber.com\/mavikadin\/wp-content\/uploads\/s-1fe2b87c57edf20b49aadc6cb09f0e9aafacab2b-1536x1029.jpg 1536w, https:\/\/www.tgrthaber.com\/mavikadin\/wp-content\/uploads\/s-1fe2b87c57edf20b49aadc6cb09f0e9aafacab2b-2048x1373.jpg 2048w\" sizes=\"(max-width: 737px) 100vw, 737px\" \/><\/p>\n<hr \/>\n<p>Simge Sel\u00e7uk\u2019un uzun y\u0131llara yay\u0131lan ba\u015far\u0131l\u0131 kariyerinde yer ald\u0131\u011f\u0131 projeler:<\/p>\n<p>2024 &#8211; \u0130nci Taneleri (Candan)<\/p>\n<p>2021-2024 &#8211; Karde\u015flerim (Nebahat)<\/p>\n<p>2020 &#8211; Z\u00fcmr\u00fcd\u00fcanka (Nezaket)<\/p>\n<p>2019 &#8211; Canevim (Melis Korkmaz)<\/p>\n<p>2016-2017 &#8211; Kalbimdeki Deniz (Ra\u015fel)<\/p>\n<p>2016 &#8211; G\u00f6\u00e7 Zaman\u0131 (Handan)<\/p>\n<p>2014 &#8211; G\u00fczel K\u00f6yl\u00fc (Nihal S\u00fcmb\u00fcl)<\/p>\n<p>2011 &#8211; Mazi Kalbimde Yarad\u0131r (T\u00fcrkan)<\/p>\n<p>2008-2010 &#8211; K\u00fc\u00e7\u00fck Kad\u0131nlar (Tezer Deviren)<\/p>\n<p>1999-2003 &#8211; Ayr\u0131lsak da Beraberiz (Serpil)<\/p>\n<p>1993-1999 &#8211; Ferhunde Han\u0131mlar (Yonca)<\/p>\n","protected":false},"excerpt":{"rendered":"<p>\u0130nci Taneleri, yeni b\u00f6l\u00fcmde s\u00fcrpriz bir karakterle izleyiciyi heyecanland\u0131rd\u0131. Simge Sel\u00e7uk, Candan karakteriyle kadroya dahil olurken, Azem\u2019in ge\u00e7mi\u015finden gelen Ay\u015fe ad\u0131ndaki gizemli kad\u0131n da dizideki t\u00fcm dengeleri de\u011fi\u015ftirecek. \u0130nci Taneleri Candan ve Simge Sel\u00e7uk hakk\u0131nda merak edilenler haberimizde.<\/p>\n","protected":false},"author":4,"featured_media":110685,"comment_status":"closed","ping_status":"closed","sticky":false,"template":"","format":"standard","meta":{"rank_math_lock_modified_date":false,"footnotes":""},"categories":[602],"tags":[5625,3034,5624,5554],"class_list":["post-110676","post","type-post","status-publish","format-standard","has-post-thumbnail","hentry","category-diziler","tag-candan","tag-inci-taneleri","tag-inci-taneleri-candan","tag-simge-selcuk"],"_links":{"self":[{"href":"https:\/\/www.tgrthaber.com\/mavikadin\/wp-json\/wp\/v2\/posts\/110676"}],"collection":[{"href":"https:\/\/www.tgrthaber.com\/mavikadin\/wp-json\/wp\/v2\/posts"}],"about":[{"href":"https:\/\/www.tgrthaber.com\/mavikadin\/wp-json\/wp\/v2\/types\/post"}],"author":[{"embeddable":true,"href":"https:\/\/www.tgrthaber.com\/mavikadin\/wp-json\/wp\/v2\/users\/4"}],"replies":[{"embeddable":true,"href":"https:\/\/www.tgrthaber.com\/mavikadin\/wp-json\/wp\/v2\/comments?post=110676"}],"version-history":[{"count":6,"href":"https:\/\/www.tgrthaber.com\/mavikadin\/wp-json\/wp\/v2\/posts\/110676\/revisions"}],"predecessor-version":[{"id":113213,"href":"https:\/\/www.tgrthaber.com\/mavikadin\/wp-json\/wp\/v2\/posts\/110676\/revisions\/113213"}],"wp:featuredmedia":[{"embeddable":true,"href":"https:\/\/www.tgrthaber.com\/mavikadin\/wp-json\/wp\/v2\/media\/110685"}],"wp:attachment":[{"href":"https:\/\/www.tgrthaber.com\/mavikadin\/wp-json\/wp\/v2\/media?parent=110676"}],"wp:term":[{"taxonomy":"category","embeddable":true,"href":"https:\/\/www.tgrthaber.com\/mavikadin\/wp-json\/wp\/v2\/categories?post=110676"},{"taxonomy":"post_tag","embeddable":true,"href":"https:\/\/www.tgrthaber.com\/mavikadin\/wp-json\/wp\/v2\/tags?post=110676"}],"curies":[{"name":"wp","href":"https:\/\/api.w.org\/{rel}","templated":true}]}}