{"id":110744,"date":"2024-12-23T01:16:23","date_gmt":"2024-12-22T22:16:23","guid":{"rendered":"https:\/\/www.tgrthaber.com\/mavikadin\/?p=110744"},"modified":"2024-12-23T01:16:23","modified_gmt":"2024-12-22T22:16:23","slug":"sevilen-sarkici-ozgun-ugurlu-nasil-unlu-oldugunu-anlatti-edizin-dogumuyla-beraber-taninirligim-artti","status":"publish","type":"post","link":"https:\/\/www.tgrthaber.com\/mavikadin\/sevilen-sarkici-ozgun-ugurlu-nasil-unlu-oldugunu-anlatti-edizin-dogumuyla-beraber-taninirligim-artti\/","title":{"rendered":"Sevilen \u015fark\u0131c\u0131 \u00d6zg\u00fcn U\u011furlu nas\u0131l \u00fcnl\u00fc oldu\u011funu anlatt\u0131: Ediz&#8217;in do\u011fumuyla beraber tan\u0131n\u0131rl\u0131\u011f\u0131m artt\u0131"},"content":{"rendered":"<p>Sunuculu\u011funu Ye\u015fil\u00e7am&#8217;\u0131n usta ismi H\u00fclya Ko\u00e7yi\u011fit&#8217;in yapt\u0131\u011f\u0131 &#8216;Film Gibi Hayatlar&#8217; adl\u0131 program\u0131, her hafta \u00f6nemli konuklar\u0131n\u0131 a\u011f\u0131rlamaya devam ediyor. Bu hafta programa konuk olarak kat\u0131lacak isim ise sevilen \u015fark\u0131c\u0131 \u00d6zg\u00fcn U\u011furlu oldu. Konu\u015fmas\u0131 s\u0131ras\u0131nda Cumhurba\u015fkanl\u0131\u011f\u0131 Korosu&#8217;nda \u00e7al\u0131\u015ft\u0131\u011f\u0131 zaman bir yandan da akademisyenli\u011fe devam ederken maddi ge\u00e7imsizlik dolay\u0131s\u0131yla gece kul\u00fcplerinde sahne almak zorunda kald\u0131\u011f\u0131n\u0131 s\u00f6yledi.<\/p>\n<h3>\u00d6ZG\u00dcN U\u011eURLU: &#8220;BEN\u0130MLE DALGA GE\u00c7\u0130YORLAR SANDIM&#8221;<\/h3>\n<p>Kendi \u00f6zel hayat\u0131na dair samimi a\u00e7\u0131klamalarda bulunan \u00fcnl\u00fc \u015fark\u0131c\u0131 \u00d6zg\u00fcn U\u011furlu, &#8216;Elveda&#8217; \u015fark\u0131s\u0131n\u0131 yazd\u0131ktan sonra dinleyici taraf\u0131ndan uzun s\u00fcre alk\u0131\u015f ald\u0131\u011f\u0131n\u0131 belirterek \u015f\u00f6yle s\u00f6yledi:<\/p>\n<p><img loading=\"lazy\" decoding=\"async\" class=\"alignnone wp-image-110748\" src=\"https:\/\/www.tgrthaber.com\/mavikadin\/wp-content\/uploads\/ttt-1.png\" alt=\"\" width=\"1208\" height=\"672\" title=\"\" srcset=\"https:\/\/www.tgrthaber.com\/mavikadin\/wp-content\/uploads\/ttt-1.png 811w, https:\/\/www.tgrthaber.com\/mavikadin\/wp-content\/uploads\/ttt-1-300x167.png 300w, https:\/\/www.tgrthaber.com\/mavikadin\/wp-content\/uploads\/ttt-1-768x427.png 768w\" sizes=\"(max-width: 1208px) 100vw, 1208px\" \/><\/p>\n<p>&#8220;Kendi kendime dedim ki; &#8216;Ben bu i\u015fi yapacaksam, mutlaka kendime ait bir \u015feyler de s\u00f6yl\u00fcyor olmam l\u00e2z\u0131m.&#8217; Bunun \u00fczerine \u00e7al\u0131\u015fmalara ba\u015flad\u0131m. &#8216;Elveda&#8217;y\u0131 yaz\u0131p besteledikten sonra korodan bu \u015fark\u0131y\u0131 prova etmeyi istedim. Ak\u015fam sahne ald\u0131\u011f\u0131m mek\u00e2nda \u00e7ald\u0131\u011f\u0131mda inanamad\u0131m, o kadar alk\u0131\u015f ald\u0131m ki &#8216;Benimle dalga m\u0131 ge\u00e7iyorlar?&#8217; diye d\u00fc\u015f\u00fcnd\u00fcm&#8221;<\/p>\n<h3>\u00dcNL\u00dc \u015eARKICI NASIL ME\u015eHUR OLDU\u011eUNU ANLATTI! &#8220;ED\u0130Z&#8217;\u0130N DO\u011eUMUYLA BERABER TANINIRLI\u011eIM ARTTI&#8221;<\/h3>\n<p>H\u00fclya Ko\u00e7yi\u011fit&#8217;in sordu\u011fu &#8220;\u00dcnl\u00fc oldu\u011funu ilk ne zaman anlad\u0131n?&#8221; sorusuna cevap veren sevilen \u015fark\u0131c\u0131 \u00d6zg\u00fcn U\u011furlu; &#8220;Benim \u00fcnl\u00fcl\u00fc\u011f\u00fcm biraz ge\u00e7 oldu. Ya\u015fam tarz\u0131mdan dolay\u0131 da istesem de beni hi\u00e7 magazin haberi yapamad\u0131lar. Bu y\u00fczden ben hep \u015fark\u0131lar\u0131mla \u00f6n planda oldum. Ediz&#8217;in do\u011fumuyla beraber tan\u0131n\u0131rl\u0131\u011f\u0131m artt\u0131&#8221; dedi.\u00a0<img loading=\"lazy\" decoding=\"async\" class=\"alignnone size-full wp-image-110750\" src=\"https:\/\/www.tgrthaber.com\/mavikadin\/wp-content\/uploads\/56.png\" alt=\"\" width=\"808\" height=\"450\" title=\"\" srcset=\"https:\/\/www.tgrthaber.com\/mavikadin\/wp-content\/uploads\/56.png 808w, https:\/\/www.tgrthaber.com\/mavikadin\/wp-content\/uploads\/56-300x167.png 300w, https:\/\/www.tgrthaber.com\/mavikadin\/wp-content\/uploads\/56-768x428.png 768w\" sizes=\"(max-width: 808px) 100vw, 808px\" \/><\/p>\n<p>Uzun zamandan beri \u015fark\u0131lar\u0131n\u0131n hala \u00e7ok dinleniyor ve seviliyor olmas\u0131ndan \u00f6t\u00fcr\u00fc mutlu oldu\u011funa de\u011finen \u00d6zg\u00fcn U\u011furlu; &#8220;\u015eark\u0131lar, t\u0131pk\u0131 kokular gibi insanlar\u0131 ge\u00e7mi\u015fteki belirli bir zamana g\u00f6t\u00fcr\u00fcr. O y\u00fczden belli bir jenerasyon yeni \u015fark\u0131lar\u0131 sevmez \u00e7\u00fcnk\u00fc an\u0131lar\u0131 bu eski \u015fark\u0131lardad\u0131r&#8221; ifadeleriyle \u015fark\u0131lar\u0131n da t\u0131pk\u0131 zaman makinesi gibi oldu\u011funun alt\u0131n\u0131 \u00e7izdi.<\/p>\n<h3>&#8220;O\u011eLUMDAN SONRA HAYATIM SOSYAL SORUMLULUK PROJES\u0130 G\u0130B\u0130 OLDU&#8221;<\/h3>\n<p>Hayat\u0131nda sosyal sorumluluk projelerine yer veren \u015fark\u0131c\u0131 U\u011furlu; &#8220;O\u011flum, do\u011fduktan sonra hayat\u0131m sosyal sorumluluk projesi gibi oldu. \u0130nsanlar bir \u00fcnl\u00fcn\u00fcn de down sendromlu \u00e7ocu\u011funun oldu\u011funu g\u00f6rd\u00fcklerinde fark\u0131ndal\u0131klar\u0131 artt\u0131 ve aileler bunu normalle\u015ftirmeye ba\u015flad\u0131&#8221; ifadelerini kulland\u0131.<\/p>\n","protected":false},"excerpt":{"rendered":"<p>H\u00fclya Ko\u00e7yi\u011fit&#8217;in &#8216;Film Gibi Hayatlar&#8217; program\u0131n\u0131n konu\u011fu olan \u015fark\u0131c\u0131 \u00d6zg\u00fcn U\u011furlu, \u00f6zel hayat\u0131na dair samimi a\u00e7\u0131klamalarda bulundu\u00e7<\/p>\n","protected":false},"author":27,"featured_media":110749,"comment_status":"closed","ping_status":"closed","sticky":false,"template":"","format":"standard","meta":{"rank_math_lock_modified_date":false,"footnotes":""},"categories":[76],"tags":[133,5595],"class_list":["post-110744","post","type-post","status-publish","format-standard","has-post-thumbnail","hentry","category-magazin","tag-magazin","tag-ozgun-ugurlu"],"_links":{"self":[{"href":"https:\/\/www.tgrthaber.com\/mavikadin\/wp-json\/wp\/v2\/posts\/110744"}],"collection":[{"href":"https:\/\/www.tgrthaber.com\/mavikadin\/wp-json\/wp\/v2\/posts"}],"about":[{"href":"https:\/\/www.tgrthaber.com\/mavikadin\/wp-json\/wp\/v2\/types\/post"}],"author":[{"embeddable":true,"href":"https:\/\/www.tgrthaber.com\/mavikadin\/wp-json\/wp\/v2\/users\/27"}],"replies":[{"embeddable":true,"href":"https:\/\/www.tgrthaber.com\/mavikadin\/wp-json\/wp\/v2\/comments?post=110744"}],"version-history":[{"count":2,"href":"https:\/\/www.tgrthaber.com\/mavikadin\/wp-json\/wp\/v2\/posts\/110744\/revisions"}],"predecessor-version":[{"id":110753,"href":"https:\/\/www.tgrthaber.com\/mavikadin\/wp-json\/wp\/v2\/posts\/110744\/revisions\/110753"}],"wp:featuredmedia":[{"embeddable":true,"href":"https:\/\/www.tgrthaber.com\/mavikadin\/wp-json\/wp\/v2\/media\/110749"}],"wp:attachment":[{"href":"https:\/\/www.tgrthaber.com\/mavikadin\/wp-json\/wp\/v2\/media?parent=110744"}],"wp:term":[{"taxonomy":"category","embeddable":true,"href":"https:\/\/www.tgrthaber.com\/mavikadin\/wp-json\/wp\/v2\/categories?post=110744"},{"taxonomy":"post_tag","embeddable":true,"href":"https:\/\/www.tgrthaber.com\/mavikadin\/wp-json\/wp\/v2\/tags?post=110744"}],"curies":[{"name":"wp","href":"https:\/\/api.w.org\/{rel}","templated":true}]}}