{"id":110768,"date":"2024-12-23T01:56:05","date_gmt":"2024-12-22T22:56:05","guid":{"rendered":"https:\/\/www.tgrthaber.com\/mavikadin\/?p=110768"},"modified":"2024-12-23T01:59:12","modified_gmt":"2024-12-22T22:59:12","slug":"bahar-dizisinin-efsunu-nihal-yalcindan-yalan-dunya-itirafi-ciddi-zorbalik-yasadim","status":"publish","type":"post","link":"https:\/\/www.tgrthaber.com\/mavikadin\/bahar-dizisinin-efsunu-nihal-yalcindan-yalan-dunya-itirafi-ciddi-zorbalik-yasadim\/","title":{"rendered":"Bahar dizisinin Efsun&#8217;u Nihal Yal\u00e7\u0131n&#8217;dan &#8216;Yalan D\u00fcnya&#8217; itiraf\u0131: Ciddi zorbal\u0131k ya\u015fad\u0131m"},"content":{"rendered":"<p>\u015eimdilerde Show TV ekranlar\u0131nda yay\u0131nlanarak izleyicilerin be\u011fenisini kazanan &#8216;Bahar&#8217; dizisinde &#8216;Efsun&#8217; karakterini canland\u0131ran oyuncu Nihal Yal\u00e7\u0131n, kat\u0131ld\u0131\u011f\u0131 bir televizyon kanal\u0131nda oyunculuk kariyerine dair sorulan sorular\u0131 cevaplad\u0131.<\/p>\n<h3>HAYALD\u0130 GER\u00c7EK OLDU! N\u0130HAL YAL\u00c7IN: &#8220;KE\u015eKE BEN DE BU \u0130\u015e\u0130N \u0130\u00c7\u0130NDE YER ALSAM&#8221;<\/h3>\n<p>Bahar dizinin birinci sezonunu izledi\u011fi esnada &#8220;Ke\u015fke ben de bu i\u015fin i\u00e7inde yer alsam&#8221; diye heves etti\u011fine de\u011finen ba\u015far\u0131l\u0131 oyuncu Nihal Yal\u00e7\u0131n, kendisini rol almas\u0131n\u0131 hayal etti\u011fi dizinin i\u00e7inde g\u00f6rmekten dolay\u0131 ya\u015fad\u0131\u011f\u0131 mutlulu\u011fu dile getirdi.<\/p>\n<p><img loading=\"lazy\" decoding=\"async\" class=\"alignnone wp-image-110770\" src=\"https:\/\/www.tgrthaber.com\/mavikadin\/wp-content\/uploads\/YY-2.png\" alt=\"\" width=\"1208\" height=\"672\" title=\"\" srcset=\"https:\/\/www.tgrthaber.com\/mavikadin\/wp-content\/uploads\/YY-2.png 803w, https:\/\/www.tgrthaber.com\/mavikadin\/wp-content\/uploads\/YY-2-300x167.png 300w, https:\/\/www.tgrthaber.com\/mavikadin\/wp-content\/uploads\/YY-2-768x428.png 768w\" sizes=\"(max-width: 1208px) 100vw, 1208px\" \/><\/p>\n<p>Ayn\u0131 okulda e\u011fitim g\u00f6rd\u00fc\u011f\u00fc ba\u015frol oyuncusu Demet Evgar ile beraber ayn\u0131 dizide yer almak isteyen\u00a0 43 ya\u015f\u0131ndaki oyuncu Nihal Yal\u00e7\u0131n, &#8220;Demet (Evgar) okuldan arkada\u015f\u0131m. Zaten hep beraber \u00e7al\u0131\u015fmay\u0131 istiyorduk&#8221; dedi.<\/p>\n<h3>D\u0130Z\u0130DEK\u0130 &#8216;EFSUN&#8217; KARAKTER\u0130NDEN &#8216;T\u0130MUR&#8217;A \u00d6VG\u00dcLER! &#8220;\u00c7OK GICIK B\u0130R KARAKTER\u0130 SEVD\u0130REB\u0130LECEK KADAR BA\u015eARILI OYNUYOR&#8221;<\/h3>\n<p>Dizide &#8216;Efsun&#8217; karakterini canland\u0131ran \u00fcnl\u00fc oyuncu Nihal Yal\u00e7\u0131n,\u00a0 karakter olarak zorlu bir kad\u0131n oldu\u011fundan bahsederken partneri olan oyuncu Mehmet Y\u0131lmaz Ak&#8217;a da \u00f6vg\u00fc dolu s\u00f6zlerde bulundu. Oyuncu\u00a0 Yal\u00e7\u0131n, &#8220;\u00c7ok enteresan bir adam. Sanki hi\u00e7bir \u015fey yapm\u0131yor gibi ama \u00e7ok \u015fey yap\u0131yor. \u00c7ok g\u0131c\u0131k bir karakteri sevdirebilecek kadar ba\u015far\u0131l\u0131 oynuyor.&#8221; ifadelerinde bulundu.<\/p>\n<h3>DAHA \u00d6NCE &#8216;YALAN D\u00dcNYA&#8217; D\u0130Z\u0130S\u0130NDE DE OYNAMI\u015eTI&#8230; YAL\u00c7IN: &#8220;SEKT\u00d6RDE ZORBALIK YA\u015eADIM&#8221;<\/h3>\n<p>Dizi sekt\u00f6r\u00fcnde kad\u0131n oyunculara dayat\u0131lan estetik ve g\u00fczellik bask\u0131lar\u0131n\u0131n etkisi alt\u0131nda kald\u0131\u011f\u0131n\u0131 belirten \u00fcnl\u00fc Nihal Yal\u00e7\u0131n; &#8221; Yalan D\u00fcnya&#8217;da oynarken ciddi bir zorbal\u0131k ya\u015fad\u0131m. \u00c7ok can s\u0131k\u0131c\u0131 bir g\u00fczellik dayatmas\u0131na maruz kald\u0131m. Burnunu yapt\u0131rsan ba\u015frol oynars\u0131n dediler ama ben hep kendimi \u00e7ok g\u00fczel buldum&#8221; \u015feklinde konu\u015farak o d\u00f6nemlerde ekip i\u00e7erisinde ya\u015fad\u0131\u011f\u0131 s\u0131k\u0131nt\u0131lara de\u011findi.<\/p>\n","protected":false},"excerpt":{"rendered":"<p>Bahar dizisinde &#8216;Efsun&#8217; karakterini oynayan \u00fcnl\u00fc oyuncu Nihal Yal\u00e7\u0131n, sekt\u00f6rde ya\u015fad\u0131\u011f\u0131 zorluklardan bahsederek &#8216;Yalan D\u00fcnya&#8217; dizisine dair \u00f6zel bir itirafta bulundu.<\/p>\n","protected":false},"author":27,"featured_media":110769,"comment_status":"closed","ping_status":"closed","sticky":false,"template":"","format":"standard","meta":{"rank_math_lock_modified_date":false,"footnotes":""},"categories":[76],"tags":[5597,5596,4314],"class_list":["post-110768","post","type-post","status-publish","format-standard","has-post-thumbnail","hentry","category-magazin","tag-bahar-dizisi-efsun","tag-nihal-yalcin","tag-yalan-dunya"],"_links":{"self":[{"href":"https:\/\/www.tgrthaber.com\/mavikadin\/wp-json\/wp\/v2\/posts\/110768"}],"collection":[{"href":"https:\/\/www.tgrthaber.com\/mavikadin\/wp-json\/wp\/v2\/posts"}],"about":[{"href":"https:\/\/www.tgrthaber.com\/mavikadin\/wp-json\/wp\/v2\/types\/post"}],"author":[{"embeddable":true,"href":"https:\/\/www.tgrthaber.com\/mavikadin\/wp-json\/wp\/v2\/users\/27"}],"replies":[{"embeddable":true,"href":"https:\/\/www.tgrthaber.com\/mavikadin\/wp-json\/wp\/v2\/comments?post=110768"}],"version-history":[{"count":4,"href":"https:\/\/www.tgrthaber.com\/mavikadin\/wp-json\/wp\/v2\/posts\/110768\/revisions"}],"predecessor-version":[{"id":110774,"href":"https:\/\/www.tgrthaber.com\/mavikadin\/wp-json\/wp\/v2\/posts\/110768\/revisions\/110774"}],"wp:featuredmedia":[{"embeddable":true,"href":"https:\/\/www.tgrthaber.com\/mavikadin\/wp-json\/wp\/v2\/media\/110769"}],"wp:attachment":[{"href":"https:\/\/www.tgrthaber.com\/mavikadin\/wp-json\/wp\/v2\/media?parent=110768"}],"wp:term":[{"taxonomy":"category","embeddable":true,"href":"https:\/\/www.tgrthaber.com\/mavikadin\/wp-json\/wp\/v2\/categories?post=110768"},{"taxonomy":"post_tag","embeddable":true,"href":"https:\/\/www.tgrthaber.com\/mavikadin\/wp-json\/wp\/v2\/tags?post=110768"}],"curies":[{"name":"wp","href":"https:\/\/api.w.org\/{rel}","templated":true}]}}