{"id":110775,"date":"2024-12-23T02:05:35","date_gmt":"2024-12-22T23:05:35","guid":{"rendered":"https:\/\/www.tgrthaber.com\/mavikadin\/?p=110775"},"modified":"2024-12-23T02:05:35","modified_gmt":"2024-12-22T23:05:35","slug":"devrim-ozkan-ve-akin-akinozunun-bulustugu-halef-dizisi-ile-ilgili-sasirtan-haber","status":"publish","type":"post","link":"https:\/\/www.tgrthaber.com\/mavikadin\/devrim-ozkan-ve-akin-akinozunun-bulustugu-halef-dizisi-ile-ilgili-sasirtan-haber\/","title":{"rendered":"Devrim \u00d6zkan ve Ak\u0131n Ak\u0131n\u00f6z\u00fc\u2019n\u00fcn bulu\u015ftu\u011fu Halef dizisi ile ilgili \u015fa\u015f\u0131rtan haber!"},"content":{"rendered":"<p>OGM Pictures ve FARO imzal\u0131 \u201cHalef\u201d dizisi i\u00e7in uzun s\u00fcredir devam eden haz\u0131rl\u0131k \u00e7al\u0131\u015fmalar\u0131, beklenmedik bir kararla \u015fimdilik durduruldu. T\u00fcrk dizi sekt\u00f6r\u00fcn\u00fcn dikkat \u00e7eken projelerinden biri olarak g\u00f6r\u00fclen ve Esenler Otogar\u0131&#8217;nda ge\u00e7en bir g\u00fc\u00e7 sava\u015f\u0131 ve aile ba\u011flar\u0131n\u0131n sorguland\u0131\u011f\u0131 etkileyici hik\u00e2yesiyle merak uyand\u0131ran \u201cHalef\u201d, yeni y\u0131l \u00f6ncesi ekonomik ko\u015fullar nedeniyle rafa kald\u0131r\u0131ld\u0131.<\/p>\n<h3>HALEF D\u0130Z\u0130S\u0130 OYUNCU KADROSUYLA \u00c7OK KONU\u015eULDU<\/h3>\n<p>Hik\u00e2yesi Tunahan Kurt\u2019a ait olan ve y\u00f6netmen koltu\u011funda Sinan \u00d6zt\u00fcrk\u2019\u00fcn oturaca\u011f\u0131 dizinin haz\u0131rl\u0131klar\u0131 h\u0131zla s\u00fcrerken, oyuncu kadrosuyla da b\u00fcy\u00fck bir beklenti yaratm\u0131\u015ft\u0131. Ba\u015frol karakteri \u201cZaro Karsl\u0131\u201d i\u00e7in Ercan Kesal ile anla\u015fmaya var\u0131lm\u0131\u015f, \u201cTimur\u201d karakteri i\u00e7in Ak\u0131n Ak\u0131n\u00f6z\u00fc ve \u201cReyhan\u201d rol\u00fc i\u00e7in ise y\u0131ld\u0131z\u0131 parlayan Devrim \u00d6zkan\u2019la imza a\u015famas\u0131na gelinmi\u015fti.<\/p>\n<p><img loading=\"lazy\" decoding=\"async\" class=\"alignnone  wp-image-110778\" src=\"https:\/\/www.tgrthaber.com\/mavikadin\/wp-content\/uploads\/Ekran-goruntusu-2024-12-23-020309.png\" alt=\"\" width=\"705\" height=\"690\" title=\"\" srcset=\"https:\/\/www.tgrthaber.com\/mavikadin\/wp-content\/uploads\/Ekran-goruntusu-2024-12-23-020309.png 558w, https:\/\/www.tgrthaber.com\/mavikadin\/wp-content\/uploads\/Ekran-goruntusu-2024-12-23-020309-300x294.png 300w\" sizes=\"(max-width: 705px) 100vw, 705px\" \/><\/p>\n<p>Ayr\u0131ca, Tansu Bi\u00e7er, Hazal T\u00fcresan, Derya Karada\u015f gibi g\u00fc\u00e7l\u00fc isimler de kadroda yer almas\u0131 planlanan di\u011fer oyuncular aras\u0131ndayd\u0131. Proje, yaln\u0131zca g\u00fc\u00e7l\u00fc hikayesi de\u011fil, etkileyici oyunculuk performanslar\u0131yla da sekt\u00f6rde iddial\u0131 bir yap\u0131m olarak g\u00f6steriliyordu.<\/p>\n<h3>HALEF D\u0130Z\u0130S\u0130 ERTELEND\u0130<\/h3>\n<p>\u201cHalef\u201d dizisinin ask\u0131ya al\u0131nmas\u0131n\u0131n ard\u0131ndaki en b\u00fcy\u00fck neden, ekonomik krizle birlikte kanallar\u0131n d\u00fc\u015fen reklam gelirleri oldu. Yeni y\u0131l \u00f6ncesinde sekt\u00f6rde ya\u015fanan finansal zorluklar, zamanlama planlar\u0131n\u0131n yeniden g\u00f6zden ge\u00e7irilmesine yol a\u00e7t\u0131. Bu durum, dizinin senaristleri Necip G\u00fcle\u00e7er, Berrin Tekdemir ve Tunahan Kurt\u2019un yazd\u0131\u011f\u0131 etkileyici hikayenin beklemeye al\u0131nmas\u0131na neden oldu.<\/p>\n<p><img loading=\"lazy\" decoding=\"async\" class=\"alignnone  wp-image-110779\" src=\"https:\/\/www.tgrthaber.com\/mavikadin\/wp-content\/uploads\/Ekran-goruntusu-2024-12-23-020224.png\" alt=\"\" width=\"699\" height=\"748\" title=\"\" srcset=\"https:\/\/www.tgrthaber.com\/mavikadin\/wp-content\/uploads\/Ekran-goruntusu-2024-12-23-020224.png 576w, https:\/\/www.tgrthaber.com\/mavikadin\/wp-content\/uploads\/Ekran-goruntusu-2024-12-23-020224-281x300.png 281w\" sizes=\"(max-width: 699px) 100vw, 699px\" \/><\/p>\n","protected":false},"excerpt":{"rendered":"<p>OGM Pictures ve FARO imzal\u0131 \u201cHalef\u201d dizisi, ekonomik nedenlerle beklemeye al\u0131nd\u0131. Ercan Kesal, Ak\u0131n Ak\u0131n\u00f6z\u00fc ve Devrim \u00d6zkan gibi y\u0131ld\u0131z isimleri bir araya getiren dizi hakk\u0131nda detaylar haberimizde.<\/p>\n","protected":false},"author":4,"featured_media":110777,"comment_status":"closed","ping_status":"closed","sticky":false,"template":"","format":"standard","meta":{"rank_math_lock_modified_date":false,"footnotes":""},"categories":[602],"tags":[2167,159,2232],"class_list":["post-110775","post","type-post","status-publish","format-standard","has-post-thumbnail","hentry","category-diziler","tag-akin-akinozu","tag-devrim-ozkan","tag-halef"],"_links":{"self":[{"href":"https:\/\/www.tgrthaber.com\/mavikadin\/wp-json\/wp\/v2\/posts\/110775"}],"collection":[{"href":"https:\/\/www.tgrthaber.com\/mavikadin\/wp-json\/wp\/v2\/posts"}],"about":[{"href":"https:\/\/www.tgrthaber.com\/mavikadin\/wp-json\/wp\/v2\/types\/post"}],"author":[{"embeddable":true,"href":"https:\/\/www.tgrthaber.com\/mavikadin\/wp-json\/wp\/v2\/users\/4"}],"replies":[{"embeddable":true,"href":"https:\/\/www.tgrthaber.com\/mavikadin\/wp-json\/wp\/v2\/comments?post=110775"}],"version-history":[{"count":2,"href":"https:\/\/www.tgrthaber.com\/mavikadin\/wp-json\/wp\/v2\/posts\/110775\/revisions"}],"predecessor-version":[{"id":110781,"href":"https:\/\/www.tgrthaber.com\/mavikadin\/wp-json\/wp\/v2\/posts\/110775\/revisions\/110781"}],"wp:featuredmedia":[{"embeddable":true,"href":"https:\/\/www.tgrthaber.com\/mavikadin\/wp-json\/wp\/v2\/media\/110777"}],"wp:attachment":[{"href":"https:\/\/www.tgrthaber.com\/mavikadin\/wp-json\/wp\/v2\/media?parent=110775"}],"wp:term":[{"taxonomy":"category","embeddable":true,"href":"https:\/\/www.tgrthaber.com\/mavikadin\/wp-json\/wp\/v2\/categories?post=110775"},{"taxonomy":"post_tag","embeddable":true,"href":"https:\/\/www.tgrthaber.com\/mavikadin\/wp-json\/wp\/v2\/tags?post=110775"}],"curies":[{"name":"wp","href":"https:\/\/api.w.org\/{rel}","templated":true}]}}