{"id":110782,"date":"2024-12-23T02:34:36","date_gmt":"2024-12-22T23:34:36","guid":{"rendered":"https:\/\/www.tgrthaber.com\/mavikadin\/?p=110782"},"modified":"2024-12-23T14:33:19","modified_gmt":"2024-12-23T11:33:19","slug":"yabani-dizisi-yeni-bolumu-cekildi-oyuncular-erik-dali-esliginde-dokturdu","status":"publish","type":"post","link":"https:\/\/www.tgrthaber.com\/mavikadin\/yabani-dizisi-yeni-bolumu-cekildi-oyuncular-erik-dali-esliginde-dokturdu\/","title":{"rendered":"Yabani dizisi yeni b\u00f6l\u00fcm\u00fc \u00e7ekildi! Oyuncular Erik Dal\u0131 e\u015fli\u011finde d\u00f6kt\u00fcrd\u00fc"},"content":{"rendered":"<p>Televizyon d\u00fcnyas\u0131nda geni\u015f bir hayran kitlesine sahip olan Yabani dizisi, RT\u00dcK cezas\u0131 nedeniyle ertelenen yeni b\u00f6l\u00fcm merakla bekleniyor. \u015eiddet i\u00e7erikli sahneler ve milli-manevi de\u011ferlere sayg\u0131s\u0131zl\u0131k gerek\u00e7esiyle iki kez yay\u0131n durdurma cezas\u0131na \u00e7arpt\u0131r\u0131lan dizinin yeni b\u00f6l\u00fcm tan\u0131t\u0131m\u0131 b\u00fcy\u00fck ses getirdi.<\/p>\n<h3>YABAN\u0130 50. B\u00d6L\u00dcM \u0130LE CUMARTES\u0130 EKRANDA<\/h3>\n<p>RT\u00dcK\u2019\u00fcn kas\u0131m ay\u0131nda ald\u0131\u011f\u0131 karar do\u011frultusunda, Yabani\u2019nin 14 Aral\u0131k\u2019ta yay\u0131nlanmas\u0131 planlanan 50. b\u00f6l\u00fcm\u00fc ertelendi. Dizinin heyecanla beklenen yeni b\u00f6l\u00fcm\u00fc, 28 Aral\u0131k Per\u015fembe ak\u015fam\u0131 FOX TV ekranlar\u0131nda olacak. RT\u00dcK\u2019\u00fcn hassasiyeti nedeniyle ceza alan dizinin senaryosunda ve sahnelerinde bir de\u011fi\u015fiklik olup olmad\u0131\u011f\u0131 ise hen\u00fcz bilinmiyor.<\/p>\n<!--[if lt IE 9]><script>document.createElement('video');<\/script><![endif]-->\n\t<div class=\"wp-playlist wp-video-playlist wp-playlist-light\">\n\t\t<video controls=\"controls\" preload=\"none\" width=\"618\"\n\t\t height=\"348\"\t><\/video>\n\t<div class=\"wp-playlist-next\"><\/div>\n\t<div class=\"wp-playlist-prev\"><\/div>\n\t<noscript>\n\t<ol>\n\t\t<li><a href='https:\/\/www.tgrthaber.com\/mavikadin\/wp-content\/uploads\/yabani-1.mp4'>yabani<\/a><\/li>\t<\/ol>\n\t<\/noscript>\n\t<script type=\"application\/json\" class=\"wp-playlist-script\">{\"type\":\"video\",\"tracklist\":true,\"tracknumbers\":true,\"images\":true,\"artists\":true,\"tracks\":[{\"src\":\"https:\\\/\\\/www.tgrthaber.com\\\/mavikadin\\\/wp-content\\\/uploads\\\/yabani-1.mp4\",\"type\":\"video\\\/mp4\",\"title\":\"yabani\",\"caption\":\"\",\"description\":\"\",\"meta\":{\"length_formatted\":\"0:46\"},\"dimensions\":{\"original\":{\"width\":640,\"height\":360},\"resized\":{\"width\":618,\"height\":348}},\"image\":{\"src\":\"https:\\\/\\\/www.tgrthaber.com\\\/mavikadin\\\/wp-includes\\\/images\\\/media\\\/video.svg\",\"width\":48,\"height\":64},\"thumb\":{\"src\":\"https:\\\/\\\/www.tgrthaber.com\\\/mavikadin\\\/wp-includes\\\/images\\\/media\\\/video.svg\",\"width\":48,\"height\":64}}]}<\/script>\n<\/div>\n\t\n<h3>YABAN\u0130 NE ZAMAN F\u0130NAL YAPACAK?<\/h3>\n<p>Normalde aral\u0131k sonunda final yapmas\u0131 planlanan Yabani\u2019nin final tarihi, al\u0131nan cezalar sebebiyle ileri bir tarihe ertelendi. Yap\u0131m ekibi ve kanal yetkilileri, dizinin yeni final tarihini \u00f6n\u00fcm\u00fczdeki g\u00fcnlerde a\u00e7\u0131klayacak. Hayranlar, hikayenin s\u00fcrprizlerle dolu bir \u015fekilde sona erece\u011fini d\u00fc\u015f\u00fcn\u00fcyor.<\/p>\n<p><img loading=\"lazy\" decoding=\"async\" class=\"alignnone wp-image-110784\" src=\"https:\/\/www.tgrthaber.com\/mavikadin\/wp-content\/uploads\/Gfa6I8OWUAAOe2f.jpg\" alt=\"\" width=\"746\" height=\"822\" title=\"\" srcset=\"https:\/\/www.tgrthaber.com\/mavikadin\/wp-content\/uploads\/Gfa6I8OWUAAOe2f.jpg 1814w, https:\/\/www.tgrthaber.com\/mavikadin\/wp-content\/uploads\/Gfa6I8OWUAAOe2f-272x300.jpg 272w, https:\/\/www.tgrthaber.com\/mavikadin\/wp-content\/uploads\/Gfa6I8OWUAAOe2f-929x1024.jpg 929w, https:\/\/www.tgrthaber.com\/mavikadin\/wp-content\/uploads\/Gfa6I8OWUAAOe2f-768x847.jpg 768w, https:\/\/www.tgrthaber.com\/mavikadin\/wp-content\/uploads\/Gfa6I8OWUAAOe2f-1393x1536.jpg 1393w\" sizes=\"(max-width: 746px) 100vw, 746px\" \/><\/p>\n<h3>YABAN\u0130 SET\u0130NDEN ER\u0130K DALI \u015eOV!<\/h3>\n<p>Dizinin setinden payla\u015f\u0131lan bir video sosyal medyada b\u00fcy\u00fck ilgi g\u00f6rd\u00fc. Ba\u015frollerden Halit \u00d6zg\u00fcr Sar\u0131 ve Yurdaer Okur\u2019un da yer ald\u0131\u011f\u0131 e\u011flenceli videoda oyuncular, Ankara havas\u0131 e\u015fli\u011finde oynayarak izleyicilere ne\u015feli anlar ya\u015fatt\u0131. Video, k\u0131sa s\u00fcrede binlerce be\u011feni al\u0131rken, hayranlar oyuncular\u0131n enerjisine hayran kald\u0131.<\/p>\n<div class=\"wp-playlist wp-video-playlist wp-playlist-light\">\n\t\t<video controls=\"controls\" preload=\"none\" width=\"618\"\n\t\t height=\"1089\"\t><\/video>\n\t<div class=\"wp-playlist-next\"><\/div>\n\t<div class=\"wp-playlist-prev\"><\/div>\n\t<noscript>\n\t<ol>\n\t\t<li><a href='https:\/\/www.tgrthaber.com\/mavikadin\/wp-content\/uploads\/yabani2.mp4'>yabani2<\/a><\/li>\t<\/ol>\n\t<\/noscript>\n\t<script type=\"application\/json\" class=\"wp-playlist-script\">{\"type\":\"video\",\"tracklist\":true,\"tracknumbers\":true,\"images\":true,\"artists\":true,\"tracks\":[{\"src\":\"https:\\\/\\\/www.tgrthaber.com\\\/mavikadin\\\/wp-content\\\/uploads\\\/yabani2.mp4\",\"type\":\"video\\\/mp4\",\"title\":\"yabani2\",\"caption\":\"\",\"description\":\"\",\"meta\":{\"length_formatted\":\"1:00\"},\"dimensions\":{\"original\":{\"width\":320,\"height\":564},\"resized\":{\"width\":618,\"height\":1089}},\"image\":{\"src\":\"https:\\\/\\\/www.tgrthaber.com\\\/mavikadin\\\/wp-includes\\\/images\\\/media\\\/video.svg\",\"width\":48,\"height\":64},\"thumb\":{\"src\":\"https:\\\/\\\/www.tgrthaber.com\\\/mavikadin\\\/wp-includes\\\/images\\\/media\\\/video.svg\",\"width\":48,\"height\":64}}]}<\/script>\n<\/div>\n\t\n<h3>YABAN\u0130 OYUNCU KADROSU<\/h3>\n<p>Ba\u015frollerini Halit \u00d6zg\u00fcr Sar\u0131, Yurdaer Okur, Dolunay Soysert, Bertan Asllani ve \u015eebnem Hassanisoughi Bilgi\u00e7 gibi ba\u015far\u0131l\u0131 isimlerin payla\u015ft\u0131\u011f\u0131 Yabani, geni\u015f bir oyuncu kadrosuna sahip. Dizide ayr\u0131ca \u015fu isimler yer al\u0131yor:<\/p>\n<p>Osman Alka\u015f<\/p>\n<p>Ay\u015feg\u00fcl \u00dcnsal<\/p>\n<p>Sezer Ar\u0131\u00e7ay<\/p>\n<p>Birg\u00fcl Ulusoy<\/p>\n<p>Rojbin Erden<\/p>\n<p>Seray \u00d6zkan<\/p>\n<p>Selim Can Yal\u00e7\u0131n<\/p>\n<p>Ramiz Mullamusa<\/p>\n<p>G\u00fcray G\u00f6rkem<\/p>\n<p>Bartu Dilmen<\/p>\n<p>Aleyna Al<\/p>\n<p>A\u015fk\u0131n \u015eenol<\/p>\n","protected":false},"excerpt":{"rendered":"<p>Yabani dizisinin RT\u00dcK taraf\u0131ndan verilen cezalar sebebiyle ertelenen 50. b\u00f6l\u00fcm\u00fc, 28 Aral\u0131k Per\u015fembe ak\u015fam\u0131 FOX TV ekranlar\u0131nda izleyicilerle bulu\u015facak. Final tarihi merak edilen dizinin setinden e\u011flenceli bir video geldi.<\/p>\n","protected":false},"author":4,"featured_media":110786,"comment_status":"closed","ping_status":"closed","sticky":false,"template":"","format":"standard","meta":{"rank_math_lock_modified_date":false,"footnotes":""},"categories":[602],"tags":[322,2707,3082,4280,136],"class_list":["post-110782","post","type-post","status-publish","format-standard","has-post-thumbnail","hentry","category-diziler","tag-final","tag-yabani","tag-yabani-final","tag-yabani-yeni-bolum","tag-yeni-bolum"],"_links":{"self":[{"href":"https:\/\/www.tgrthaber.com\/mavikadin\/wp-json\/wp\/v2\/posts\/110782"}],"collection":[{"href":"https:\/\/www.tgrthaber.com\/mavikadin\/wp-json\/wp\/v2\/posts"}],"about":[{"href":"https:\/\/www.tgrthaber.com\/mavikadin\/wp-json\/wp\/v2\/types\/post"}],"author":[{"embeddable":true,"href":"https:\/\/www.tgrthaber.com\/mavikadin\/wp-json\/wp\/v2\/users\/4"}],"replies":[{"embeddable":true,"href":"https:\/\/www.tgrthaber.com\/mavikadin\/wp-json\/wp\/v2\/comments?post=110782"}],"version-history":[{"count":1,"href":"https:\/\/www.tgrthaber.com\/mavikadin\/wp-json\/wp\/v2\/posts\/110782\/revisions"}],"predecessor-version":[{"id":110787,"href":"https:\/\/www.tgrthaber.com\/mavikadin\/wp-json\/wp\/v2\/posts\/110782\/revisions\/110787"}],"wp:featuredmedia":[{"embeddable":true,"href":"https:\/\/www.tgrthaber.com\/mavikadin\/wp-json\/wp\/v2\/media\/110786"}],"wp:attachment":[{"href":"https:\/\/www.tgrthaber.com\/mavikadin\/wp-json\/wp\/v2\/media?parent=110782"}],"wp:term":[{"taxonomy":"category","embeddable":true,"href":"https:\/\/www.tgrthaber.com\/mavikadin\/wp-json\/wp\/v2\/categories?post=110782"},{"taxonomy":"post_tag","embeddable":true,"href":"https:\/\/www.tgrthaber.com\/mavikadin\/wp-json\/wp\/v2\/tags?post=110782"}],"curies":[{"name":"wp","href":"https:\/\/api.w.org\/{rel}","templated":true}]}}