{"id":110805,"date":"2024-12-23T11:08:17","date_gmt":"2024-12-23T08:08:17","guid":{"rendered":"https:\/\/www.tgrthaber.com\/mavikadin\/?p=110805"},"modified":"2024-12-23T11:16:26","modified_gmt":"2024-12-23T08:16:26","slug":"2024te-bebegini-kucagina-alan-unluler","status":"publish","type":"post","link":"https:\/\/www.tgrthaber.com\/mavikadin\/2024te-bebegini-kucagina-alan-unluler\/","title":{"rendered":"2024&#8217;te bebe\u011fini kuca\u011f\u0131na alan \u00fcnl\u00fcler"},"content":{"rendered":"<p>2024&#8217;te bebe\u011fini kuca\u011f\u0131na alan \u00fcnl\u00fcler herkesin kalbini s\u0131cac\u0131k yapmaya yetti. Kimisi k\u0131z\u0131n\u0131 kuca\u011f\u0131na ald\u0131 kimisi o\u011flunu. \u00dcnl\u00fclerin bebekleri de kendileri kadar \u00e7ok konu\u015fuldu. Sizlere \u00e7ok konu\u015fulan ve d\u00fcnyaya \u00fcnl\u00fc olarak gelen bebeklerin listesini yapt\u0131k. Anne babalar\u0131ndan dolay\u0131 \u00e7ok konu\u015fulan \u00fcnl\u00fc bebekler bu y\u0131la damga vurdu. \u0130\u015fte o bebekler&#8230;<\/p>\n<h3>2024&#8217;TE BEBE\u011e\u0130N\u0130 KUCA\u00dcINA ALAN \u00dcNL\u00dc \u0130S\u0130MLER<\/h3>\n<p>2024&#8217;te bebe\u011fini kuca\u011f\u0131na alan \u00fcnl\u00fc isimlerin say\u0131s\u0131 bir hayli fazla. Y\u0131l\u0131n ba\u015flar\u0131nda anne olmay\u0131 d\u00f6rt g\u00f6zle bekleyenler ve y\u0131l sonuna yakla\u015ft\u0131k\u00e7a do\u011fum i\u00e7in g\u00fcn sayanlar var. Sizlere y\u0131l\u0131n ba\u015f\u0131ndan beri do\u011fan \u00fcnl\u00fc bebekleri s\u0131ral\u0131yoruz. Daha d\u00fcnyaya gelmeden \u00e7ok konu\u015fulmaya ba\u015flanan bebekler anne babalar\u0131yla 2024&#8217;te kavu\u015ftu. Hayranlar\u0131n\u0131n merakla bekledi\u011fi bebekler bu y\u0131la damga vurdu. Eda Ece&#8217;den Azra Ak\u0131na kadar bir\u00e7ok \u00fcnl\u00fc bu y\u0131l bebe\u011fini kuca\u011f\u0131na ald\u0131.<\/p>\n<p><img loading=\"lazy\" decoding=\"async\" class=\"alignnone size-full wp-image-110832\" src=\"https:\/\/www.tgrthaber.com\/mavikadin\/wp-content\/uploads\/Ekran-goruntusu-2024-12-23-104245.png\" alt=\"\" width=\"875\" height=\"663\" title=\"\" srcset=\"https:\/\/www.tgrthaber.com\/mavikadin\/wp-content\/uploads\/Ekran-goruntusu-2024-12-23-104245.png 875w, https:\/\/www.tgrthaber.com\/mavikadin\/wp-content\/uploads\/Ekran-goruntusu-2024-12-23-104245-300x227.png 300w, https:\/\/www.tgrthaber.com\/mavikadin\/wp-content\/uploads\/Ekran-goruntusu-2024-12-23-104245-768x582.png 768w\" sizes=\"(max-width: 875px) 100vw, 875px\" \/><\/p>\n<p>Bu y\u0131l\u0131n en \u00e7ok konu\u015fulan do\u011fumlar\u0131ndan biri Yasemin \u015eefkatlinin ikiz bebekleri oldu. Ocak ay\u0131nda d\u00fcnyaya gelen ikizler \u00fclke g\u00fcndemini bir s\u00fcre me\u015fgul etti. \u0130do Tatl\u0131ses ile mutlu bir evlili\u011fi olan Yasemin \u015eefkatli ocak ay\u0131nda ikizlerini kuca\u011f\u0131na alarak mutlulu\u011fu kucaklayan isim oldu. \u00c7ift bebeklerine Emir ve Ayel ismini verdi.<\/p>\n<p><img loading=\"lazy\" decoding=\"async\" class=\"alignnone size-full wp-image-110834\" src=\"https:\/\/www.tgrthaber.com\/mavikadin\/wp-content\/uploads\/Ekran-goruntusu-2024-12-23-104637.png\" alt=\"\" width=\"1057\" height=\"599\" title=\"\" srcset=\"https:\/\/www.tgrthaber.com\/mavikadin\/wp-content\/uploads\/Ekran-goruntusu-2024-12-23-104637.png 1057w, https:\/\/www.tgrthaber.com\/mavikadin\/wp-content\/uploads\/Ekran-goruntusu-2024-12-23-104637-300x170.png 300w, https:\/\/www.tgrthaber.com\/mavikadin\/wp-content\/uploads\/Ekran-goruntusu-2024-12-23-104637-1024x580.png 1024w, https:\/\/www.tgrthaber.com\/mavikadin\/wp-content\/uploads\/Ekran-goruntusu-2024-12-23-104637-768x435.png 768w\" sizes=\"(max-width: 1057px) 100vw, 1057px\" \/><\/p>\n<p>Ocak ay\u0131nda anne olan bir di\u011fer isim de Song\u00fcl \u00d6den oldu. 2020 y\u0131l\u0131nda evlenen Song\u00fcl \u00d6den Ocak ay\u0131nda bebe\u011fini kuca\u011f\u0131na alan \u00fcnl\u00fc isimlerden biri.<\/p>\n<p><img loading=\"lazy\" decoding=\"async\" class=\"alignnone size-full wp-image-110835\" src=\"https:\/\/www.tgrthaber.com\/mavikadin\/wp-content\/uploads\/Ekran-goruntusu-2024-12-23-104816.png\" alt=\"\" width=\"851\" height=\"509\" title=\"\" srcset=\"https:\/\/www.tgrthaber.com\/mavikadin\/wp-content\/uploads\/Ekran-goruntusu-2024-12-23-104816.png 851w, https:\/\/www.tgrthaber.com\/mavikadin\/wp-content\/uploads\/Ekran-goruntusu-2024-12-23-104816-300x179.png 300w, https:\/\/www.tgrthaber.com\/mavikadin\/wp-content\/uploads\/Ekran-goruntusu-2024-12-23-104816-768x459.png 768w\" sizes=\"(max-width: 851px) 100vw, 851px\" \/><\/p>\n<p>Mart ay\u0131nda bebeklerini kucaklar\u0131na alan \u00fcnl\u00fc isimlerden biri de Taner \u00d6lmez ve Ece \u00c7e\u015fmio\u011flu oldu. \u0130kinci bebeklerini kuca\u011f\u0131na alan \u00e7ift birinci \u00e7ocuklar\u0131n\u0131 da 2022 y\u0131l\u0131nda d\u00fcnyaya getirmi\u015fti. Bu y\u0131l mart ay\u0131nda ikinci bebeklerini kucaklar\u0131na ald\u0131lar.<\/p>\n<p><img loading=\"lazy\" decoding=\"async\" class=\"alignnone size-full wp-image-110837\" src=\"https:\/\/www.tgrthaber.com\/mavikadin\/wp-content\/uploads\/Ekran-goruntusu-2024-12-23-104854.png\" alt=\"\" width=\"1235\" height=\"697\" title=\"\" srcset=\"https:\/\/www.tgrthaber.com\/mavikadin\/wp-content\/uploads\/Ekran-goruntusu-2024-12-23-104854.png 1235w, https:\/\/www.tgrthaber.com\/mavikadin\/wp-content\/uploads\/Ekran-goruntusu-2024-12-23-104854-300x169.png 300w, https:\/\/www.tgrthaber.com\/mavikadin\/wp-content\/uploads\/Ekran-goruntusu-2024-12-23-104854-1024x578.png 1024w, https:\/\/www.tgrthaber.com\/mavikadin\/wp-content\/uploads\/Ekran-goruntusu-2024-12-23-104854-768x433.png 768w\" sizes=\"(max-width: 1235px) 100vw, 1235px\" \/><\/p>\n<p>Bu y\u0131l\u0131n en \u00e7ok konu\u015fulan do\u011fumlar\u0131ndan biri de Eda Ece&#8217;nin k\u0131z\u0131 oldu. Eda Ece k\u0131z\u0131n\u0131 04.04.2024 gibi \u00e7ok manidar bir tarihte kuca\u011f\u0131na ald\u0131. Eda Ece bu tarihin bilerek se\u00e7ilmedi\u011fini k\u0131z\u0131n\u0131n bug\u00fcn\u00fc se\u00e7erek d\u00fcnyaya geldi\u011fini s\u00f6yledi. Uzun s\u00fcre k\u0131z\u0131n\u0131n y\u00fcz\u00fcn\u00fc payla\u015fmayan Eda Ece hayranlar\u0131yla mutlulu\u011funu payla\u015ft\u0131.<\/p>\n<p><img loading=\"lazy\" decoding=\"async\" class=\"alignnone size-full wp-image-110838\" src=\"https:\/\/www.tgrthaber.com\/mavikadin\/wp-content\/uploads\/Ekran-goruntusu-2024-12-23-105030.png\" alt=\"\" width=\"840\" height=\"618\" title=\"\" srcset=\"https:\/\/www.tgrthaber.com\/mavikadin\/wp-content\/uploads\/Ekran-goruntusu-2024-12-23-105030.png 840w, https:\/\/www.tgrthaber.com\/mavikadin\/wp-content\/uploads\/Ekran-goruntusu-2024-12-23-105030-300x221.png 300w, https:\/\/www.tgrthaber.com\/mavikadin\/wp-content\/uploads\/Ekran-goruntusu-2024-12-23-105030-768x565.png 768w\" sizes=\"(max-width: 840px) 100vw, 840px\" \/><\/p>\n<p>Nisan ay\u0131nda bebe\u011fini kuca\u011f\u0131na alan \u00fcnl\u00fclerden biri de Ahmet Kural ve \u00c7a\u011fla Gizem \u015eahin \u00e7ifti oldu. \u00c7iftin erkek bebe\u011fi d\u00fcnyaya geldi. Bu y\u0131l\u0131n en \u00e7ok konu\u015fulan isimlerinden biri oldu.<\/p>\n<p><img loading=\"lazy\" decoding=\"async\" class=\"alignnone size-full wp-image-110839\" src=\"https:\/\/www.tgrthaber.com\/mavikadin\/wp-content\/uploads\/Ekran-goruntusu-2024-12-23-105118.png\" alt=\"\" width=\"1212\" height=\"720\" title=\"\" srcset=\"https:\/\/www.tgrthaber.com\/mavikadin\/wp-content\/uploads\/Ekran-goruntusu-2024-12-23-105118.png 1212w, https:\/\/www.tgrthaber.com\/mavikadin\/wp-content\/uploads\/Ekran-goruntusu-2024-12-23-105118-300x178.png 300w, https:\/\/www.tgrthaber.com\/mavikadin\/wp-content\/uploads\/Ekran-goruntusu-2024-12-23-105118-1024x608.png 1024w, https:\/\/www.tgrthaber.com\/mavikadin\/wp-content\/uploads\/Ekran-goruntusu-2024-12-23-105118-768x456.png 768w\" sizes=\"(max-width: 1212px) 100vw, 1212px\" \/><\/p>\n<p>Nisan ay\u0131nda bebe\u011fini kuca\u011f\u0131na alan isimlerden biri de Azra Ak\u0131n oluyor. D\u00fcnya g\u00fczeli Azra Ak\u0131n ikinci bebe\u011fini 2024 y\u0131l\u0131nda d\u00fcnyaya getirdi.<\/p>\n<p><img loading=\"lazy\" decoding=\"async\" class=\"alignnone size-full wp-image-110841\" src=\"https:\/\/www.tgrthaber.com\/mavikadin\/wp-content\/uploads\/Ekran-goruntusu-2024-12-23-105203.png\" alt=\"\" width=\"1230\" height=\"699\" title=\"\" srcset=\"https:\/\/www.tgrthaber.com\/mavikadin\/wp-content\/uploads\/Ekran-goruntusu-2024-12-23-105203.png 1230w, https:\/\/www.tgrthaber.com\/mavikadin\/wp-content\/uploads\/Ekran-goruntusu-2024-12-23-105203-300x170.png 300w, https:\/\/www.tgrthaber.com\/mavikadin\/wp-content\/uploads\/Ekran-goruntusu-2024-12-23-105203-1024x582.png 1024w, https:\/\/www.tgrthaber.com\/mavikadin\/wp-content\/uploads\/Ekran-goruntusu-2024-12-23-105203-768x436.png 768w\" sizes=\"(max-width: 1230px) 100vw, 1230px\" \/><\/p>\n<p>Nisan ay\u0131nda bebe\u011fini kuca\u011f\u0131na alan isimlerden biri de Hepsi gurubuyla ad\u0131n\u0131 duyuran Cemre Kemer oldu. Cemre Kemer ikinci kez anne oldu. 2020 y\u0131l\u0131nda birinci \u00e7ocu\u011funu kuca\u011f\u0131na alan Cemre Kemer ikinci kez annelik duygusunu ya\u015fad\u0131.<\/p>\n<p><img loading=\"lazy\" decoding=\"async\" class=\"alignnone size-full wp-image-110843\" src=\"https:\/\/www.tgrthaber.com\/mavikadin\/wp-content\/uploads\/Ekran-goruntusu-2024-12-23-105307.png\" alt=\"\" width=\"1105\" height=\"699\" title=\"\" srcset=\"https:\/\/www.tgrthaber.com\/mavikadin\/wp-content\/uploads\/Ekran-goruntusu-2024-12-23-105307.png 1105w, https:\/\/www.tgrthaber.com\/mavikadin\/wp-content\/uploads\/Ekran-goruntusu-2024-12-23-105307-300x190.png 300w, https:\/\/www.tgrthaber.com\/mavikadin\/wp-content\/uploads\/Ekran-goruntusu-2024-12-23-105307-1024x648.png 1024w, https:\/\/www.tgrthaber.com\/mavikadin\/wp-content\/uploads\/Ekran-goruntusu-2024-12-23-105307-768x486.png 768w\" sizes=\"(max-width: 1105px) 100vw, 1105px\" \/><\/p>\n<p>Nisan ay\u0131nda bebe\u011fini kuca\u011f\u0131na alan isimlerden biri de Leyla dizisindeki performans\u0131yla herkesin g\u00fcndemine oturan Gonca Vuslateri oldu. G\u00fczel oyuncu bebe\u011fini Nisan ay\u0131nda kuca\u011f\u0131na ald\u0131 ve sosyal medyadan da payla\u015f\u0131m yaparak anneli\u011fini ya\u015f\u0131yor.<\/p>\n<p><img loading=\"lazy\" decoding=\"async\" class=\"alignnone size-full wp-image-110845\" src=\"https:\/\/www.tgrthaber.com\/mavikadin\/wp-content\/uploads\/Ekran-goruntusu-2024-12-23-105358.png\" alt=\"\" width=\"1172\" height=\"721\" title=\"\" srcset=\"https:\/\/www.tgrthaber.com\/mavikadin\/wp-content\/uploads\/Ekran-goruntusu-2024-12-23-105358.png 1172w, https:\/\/www.tgrthaber.com\/mavikadin\/wp-content\/uploads\/Ekran-goruntusu-2024-12-23-105358-300x185.png 300w, https:\/\/www.tgrthaber.com\/mavikadin\/wp-content\/uploads\/Ekran-goruntusu-2024-12-23-105358-1024x630.png 1024w, https:\/\/www.tgrthaber.com\/mavikadin\/wp-content\/uploads\/Ekran-goruntusu-2024-12-23-105358-768x472.png 768w\" sizes=\"(max-width: 1172px) 100vw, 1172px\" \/><\/p>\n<p>2024&#8217;te bebe\u011fini kuca\u011f\u0131na alan \u00fcnl\u00fclerden biri de Y\u0131ld\u0131z \u00c7a\u011fr\u0131 Atiksoy oldu. Berk Oktay ile evli olan Y\u0131ld\u0131z \u00c7a\u011fr\u0131 Atiksoy may\u0131s ay\u0131nda k\u0131z\u0131n\u0131 kuca\u011f\u0131na ald\u0131.<\/p>\n<p><img loading=\"lazy\" decoding=\"async\" class=\"alignnone size-full wp-image-110847\" src=\"https:\/\/www.tgrthaber.com\/mavikadin\/wp-content\/uploads\/Ekran-goruntusu-2024-12-23-105459.png\" alt=\"\" width=\"775\" height=\"601\" title=\"\" srcset=\"https:\/\/www.tgrthaber.com\/mavikadin\/wp-content\/uploads\/Ekran-goruntusu-2024-12-23-105459.png 775w, https:\/\/www.tgrthaber.com\/mavikadin\/wp-content\/uploads\/Ekran-goruntusu-2024-12-23-105459-300x233.png 300w, https:\/\/www.tgrthaber.com\/mavikadin\/wp-content\/uploads\/Ekran-goruntusu-2024-12-23-105459-768x596.png 768w\" sizes=\"(max-width: 775px) 100vw, 775px\" \/><\/p>\n<p>May\u0131s ay\u0131nda bebe\u011fini kuca\u011f\u0131na alan yabanc\u0131 isimlerden biri de Sofia Richie de 20 may\u0131sta anne olan isimlerden biri. \u0130lk kez anne olan \u00fcnl\u00fc isim herkesin ilgisin \u00e7ekmi\u015fti.<\/p>\n<p><img loading=\"lazy\" decoding=\"async\" class=\"alignnone size-full wp-image-110852\" src=\"https:\/\/www.tgrthaber.com\/mavikadin\/wp-content\/uploads\/Ekran-goruntusu-2024-12-23-105637.png\" alt=\"\" width=\"815\" height=\"629\" title=\"\" srcset=\"https:\/\/www.tgrthaber.com\/mavikadin\/wp-content\/uploads\/Ekran-goruntusu-2024-12-23-105637.png 815w, https:\/\/www.tgrthaber.com\/mavikadin\/wp-content\/uploads\/Ekran-goruntusu-2024-12-23-105637-300x232.png 300w, https:\/\/www.tgrthaber.com\/mavikadin\/wp-content\/uploads\/Ekran-goruntusu-2024-12-23-105637-768x593.png 768w\" sizes=\"(max-width: 815px) 100vw, 815px\" \/><\/p>\n<p>Caner Erdeniz ile 2019 y\u0131l\u0131ndan beri evli olan M\u00fcge Boz 1 Haziran g\u00fcn\u00fc ikinci bebe\u011fini kuca\u011f\u0131na ald\u0131. \u00c7iftin Vina ad\u0131nda bir k\u0131zlar\u0131 bulunuyor.<\/p>\n<p><img loading=\"lazy\" decoding=\"async\" class=\"alignnone size-full wp-image-110854\" src=\"https:\/\/www.tgrthaber.com\/mavikadin\/wp-content\/uploads\/Ekran-goruntusu-2024-12-23-105719.png\" alt=\"\" width=\"1172\" height=\"616\" title=\"\" srcset=\"https:\/\/www.tgrthaber.com\/mavikadin\/wp-content\/uploads\/Ekran-goruntusu-2024-12-23-105719.png 1172w, https:\/\/www.tgrthaber.com\/mavikadin\/wp-content\/uploads\/Ekran-goruntusu-2024-12-23-105719-300x158.png 300w, https:\/\/www.tgrthaber.com\/mavikadin\/wp-content\/uploads\/Ekran-goruntusu-2024-12-23-105719-1024x538.png 1024w, https:\/\/www.tgrthaber.com\/mavikadin\/wp-content\/uploads\/Ekran-goruntusu-2024-12-23-105719-768x404.png 768w\" sizes=\"(max-width: 1172px) 100vw, 1172px\" \/><\/p>\n<p>Emre Yetkin ile evlenen Burcu Biricik de 2024 y\u0131l\u0131nda bebe\u011fini kuca\u011f\u0131na alan \u00fcnl\u00fclerden biri. Temmuz ay\u0131nda bebe\u011fini kuca\u011f\u0131na alan Burcu Biricik 2016 y\u0131l\u0131nda Emre Yetkin ile evlenmi\u015fti.<\/p>\n<p><img loading=\"lazy\" decoding=\"async\" class=\"alignnone size-full wp-image-110857\" src=\"https:\/\/www.tgrthaber.com\/mavikadin\/wp-content\/uploads\/Ekran-goruntusu-2024-12-23-105805.png\" alt=\"\" width=\"1191\" height=\"708\" title=\"\" srcset=\"https:\/\/www.tgrthaber.com\/mavikadin\/wp-content\/uploads\/Ekran-goruntusu-2024-12-23-105805.png 1191w, https:\/\/www.tgrthaber.com\/mavikadin\/wp-content\/uploads\/Ekran-goruntusu-2024-12-23-105805-300x178.png 300w, https:\/\/www.tgrthaber.com\/mavikadin\/wp-content\/uploads\/Ekran-goruntusu-2024-12-23-105805-1024x609.png 1024w, https:\/\/www.tgrthaber.com\/mavikadin\/wp-content\/uploads\/Ekran-goruntusu-2024-12-23-105805-768x457.png 768w\" sizes=\"(max-width: 1191px) 100vw, 1191px\" \/><\/p>\n<p>Eyl\u00fcl ay\u0131nda bebe\u011fini kuca\u011f\u0131na alan isimlerden biri olan Dilan Telk\u00f6k 2019 y\u0131l\u0131nda e\u015fi Berkay Hardal ile evlenmi\u015fti. Eyl\u00fcl ay\u0131nda bebeklerini d\u00fcnyaya getiren \u00e7ift \u00e7ok konu\u015fulan bir do\u011fum yapm\u0131\u015ft\u0131.<\/p>\n<p><img loading=\"lazy\" decoding=\"async\" class=\"alignnone size-full wp-image-110858\" src=\"https:\/\/www.tgrthaber.com\/mavikadin\/wp-content\/uploads\/Ekran-goruntusu-2024-12-23-105856.png\" alt=\"\" width=\"1187\" height=\"695\" title=\"\" srcset=\"https:\/\/www.tgrthaber.com\/mavikadin\/wp-content\/uploads\/Ekran-goruntusu-2024-12-23-105856.png 1187w, https:\/\/www.tgrthaber.com\/mavikadin\/wp-content\/uploads\/Ekran-goruntusu-2024-12-23-105856-300x176.png 300w, https:\/\/www.tgrthaber.com\/mavikadin\/wp-content\/uploads\/Ekran-goruntusu-2024-12-23-105856-1024x600.png 1024w, https:\/\/www.tgrthaber.com\/mavikadin\/wp-content\/uploads\/Ekran-goruntusu-2024-12-23-105856-768x450.png 768w\" sizes=\"(max-width: 1187px) 100vw, 1187px\" \/><\/p>\n<p>Eyl\u00fcl ay\u0131nda bebe\u011fini kuca\u011f\u0131na alan \u00fcnl\u00fclerden bir di\u011feri de Prens dizisiyle herkesin g\u00f6nl\u00fcn\u00fc fetheden Giray Alt\u0131nok oldu. E\u015fi Cansu Dikta\u015f ile evli olan Giray Alt\u0131nok bebe\u011fini kuca\u011f\u0131na alman\u0131n mutlu\u011funu ya\u015fad\u0131.<\/p>\n<p>Eyl\u00fcl ay\u0131nda bebe\u011fini kuca\u011f\u0131na alan \u00fcnl\u00fclerden biri de Olivia Munn oldu. Ta\u015f\u0131y\u0131c\u0131 anne ile bebek sahibi olan Olivia Munn meme kanserini yendikten sonra ta\u015f\u0131y\u0131c\u0131 anne yoluyla bebek sahibi olarak bebe\u011fini kuca\u011f\u0131na ald\u0131.<\/p>\n<p>Atiye ise \u00fc\u00e7\u00fcnc\u00fc bebe\u011fini kuca\u011f\u0131na Aral\u0131k ay\u0131nda ald\u0131. Bebe\u011fini d\u00fcnyaya getiren Atiye ad\u0131n\u0131 Rumi koydu. \u00c7ok konu\u015fulan isimlerden biri olan Atiye bebe\u011fini d\u00fcnyaya getirmenin mutlulu\u011funu ya\u015f\u0131yor.<\/p>\n<p>Tu\u011f\u00e7e Kandemir de 2024 y\u0131l\u0131n\u0131n son g\u00fcnlerinde bebe\u011fini kuca\u011f\u0131na alan \u00fcnl\u00fc isimlerden biri oldu. 12 Aral\u0131k\u2019ta bebe\u011fini d\u00fcnyaya getiren Tu\u011f\u00e7e Kandemir Abdullah Karatay ile evlenmi\u015fti.<\/p>\n<h3>SON G\u00dcNLER\u0130 SAYANLAR<\/h3>\n<p>Paris\u2019te evlenerek mutlulu\u011funu evlili\u011fe ta\u015f\u0131yan Melisa Asl\u0131 Pamuk Yusuf Yaz\u0131c\u0131 ile beraber bebeklerini d\u00fcnyaya getirmek i\u00e7in g\u00fcn say\u0131yor. Eli kula\u011f\u0131nda olan bebek 2024 y\u0131l\u0131nda d\u00fcnyaya gelecek mi merak ediliyor.<\/p>\n<p><img loading=\"lazy\" decoding=\"async\" class=\"alignnone size-full wp-image-110860\" src=\"https:\/\/www.tgrthaber.com\/mavikadin\/wp-content\/uploads\/Ekran-goruntusu-2024-12-23-110220.png\" alt=\"\" width=\"597\" height=\"744\" title=\"\" srcset=\"https:\/\/www.tgrthaber.com\/mavikadin\/wp-content\/uploads\/Ekran-goruntusu-2024-12-23-110220.png 597w, https:\/\/www.tgrthaber.com\/mavikadin\/wp-content\/uploads\/Ekran-goruntusu-2024-12-23-110220-241x300.png 241w\" sizes=\"(max-width: 597px) 100vw, 597px\" \/><\/p>\n<p>\u0130talya&#8217;da nikah masas\u0131na oturan P\u0131nar Deniz ile Kaan Y\u0131ld\u0131r\u0131m \u00e7ifti de anne baba olmak i\u00e7in g\u00fcn sayan \u00fcnl\u00fclerden.<\/p>\n<p>&nbsp;<\/p>\n<p>2016 y\u0131l\u0131nda evlenerek mutluluklar\u0131n\u0131 ta\u00e7land\u0131ran Neslihan Atag\u00fcl de anne olmay\u0131 bekleyen \u00fcnl\u00fc isimlerden biri. Kadir Do\u011fulu ile bebekleri i\u00e7in g\u00fcn sayan \u00e7ift 2025 y\u0131l\u0131nda bebe\u011fini kuca\u011f\u0131na alacak.<\/p>\n<p><img loading=\"lazy\" decoding=\"async\" class=\"alignnone size-full wp-image-110861\" src=\"https:\/\/www.tgrthaber.com\/mavikadin\/wp-content\/uploads\/Ekran-goruntusu-2024-12-23-110257.png\" alt=\"\" width=\"591\" height=\"736\" title=\"\" srcset=\"https:\/\/www.tgrthaber.com\/mavikadin\/wp-content\/uploads\/Ekran-goruntusu-2024-12-23-110257.png 591w, https:\/\/www.tgrthaber.com\/mavikadin\/wp-content\/uploads\/Ekran-goruntusu-2024-12-23-110257-241x300.png 241w\" sizes=\"(max-width: 591px) 100vw, 591px\" \/><\/p>\n<p>Mike Schrama ile d\u00fcnya evine giren Karsu, ekim ay\u0131nda hamile oldu\u011funu duyurdu.<\/p>\n<p>&nbsp;<\/p>\n<p>Mutlu birlikteliklerini 2020 y\u0131l\u0131nda evlilikle ta\u00e7land\u0131ran Zeynep Tu\u011f\u00e7e Bayat-Cansel El\u00e7in \u00e7iftinden m\u00fcjdeli haber geldi. Oyuncu \u00e7ift, bebek beklediklerini takip\u00e7ileriyle payla\u015ft\u0131.<\/p>\n","protected":false},"excerpt":{"rendered":"<p>2024 y\u0131l\u0131nda bebe\u011fini kuca\u011f\u0131na alan \u00fcnl\u00fcler ve anne baba olmak i\u00e7in g\u00fcn sayan \u00fcnl\u00fcleri bir araya getirdik. G\u00fcndemi me\u015fgul eden \u00fcnl\u00fclerin bebekleri de kendileri kadar \u00e7ok konu\u015fuldu. <\/p>\n","protected":false},"author":25,"featured_media":110862,"comment_status":"closed","ping_status":"closed","sticky":false,"template":"","format":"standard","meta":{"rank_math_lock_modified_date":false,"footnotes":""},"categories":[76,78],"tags":[5604,5605,5606,2624,2858,3251,2472,2415,2414],"class_list":["post-110805","post","type-post","status-publish","format-standard","has-post-thumbnail","hentry","category-magazin","category-yasam","tag-anne-baba-olan-unluler","tag-azra-akin","tag-burcu-biricik","tag-dilan-telkok","tag-eda-ece","tag-giray-altinok","tag-gonca-vuslateri","tag-ido-tatlises","tag-yasemin-sefkatli"],"_links":{"self":[{"href":"https:\/\/www.tgrthaber.com\/mavikadin\/wp-json\/wp\/v2\/posts\/110805"}],"collection":[{"href":"https:\/\/www.tgrthaber.com\/mavikadin\/wp-json\/wp\/v2\/posts"}],"about":[{"href":"https:\/\/www.tgrthaber.com\/mavikadin\/wp-json\/wp\/v2\/types\/post"}],"author":[{"embeddable":true,"href":"https:\/\/www.tgrthaber.com\/mavikadin\/wp-json\/wp\/v2\/users\/25"}],"replies":[{"embeddable":true,"href":"https:\/\/www.tgrthaber.com\/mavikadin\/wp-json\/wp\/v2\/comments?post=110805"}],"version-history":[{"count":1,"href":"https:\/\/www.tgrthaber.com\/mavikadin\/wp-json\/wp\/v2\/posts\/110805\/revisions"}],"predecessor-version":[{"id":110863,"href":"https:\/\/www.tgrthaber.com\/mavikadin\/wp-json\/wp\/v2\/posts\/110805\/revisions\/110863"}],"wp:featuredmedia":[{"embeddable":true,"href":"https:\/\/www.tgrthaber.com\/mavikadin\/wp-json\/wp\/v2\/media\/110862"}],"wp:attachment":[{"href":"https:\/\/www.tgrthaber.com\/mavikadin\/wp-json\/wp\/v2\/media?parent=110805"}],"wp:term":[{"taxonomy":"category","embeddable":true,"href":"https:\/\/www.tgrthaber.com\/mavikadin\/wp-json\/wp\/v2\/categories?post=110805"},{"taxonomy":"post_tag","embeddable":true,"href":"https:\/\/www.tgrthaber.com\/mavikadin\/wp-json\/wp\/v2\/tags?post=110805"}],"curies":[{"name":"wp","href":"https:\/\/api.w.org\/{rel}","templated":true}]}}