{"id":110833,"date":"2024-12-23T10:59:52","date_gmt":"2024-12-23T07:59:52","guid":{"rendered":"https:\/\/www.tgrthaber.com\/mavikadin\/?p=110833"},"modified":"2024-12-23T10:59:52","modified_gmt":"2024-12-23T07:59:52","slug":"zembilli-ve-gonul-dagi-dizisi-arasindaki-benzerlik-sasirtti-yeni-bir-gonul-dagi-dizisi-mi-doguyor","status":"publish","type":"post","link":"https:\/\/www.tgrthaber.com\/mavikadin\/zembilli-ve-gonul-dagi-dizisi-arasindaki-benzerlik-sasirtti-yeni-bir-gonul-dagi-dizisi-mi-doguyor\/","title":{"rendered":"Zembilli ve G\u00f6n\u00fcl Da\u011f\u0131 dizisi aras\u0131ndaki benzerlik \u015fa\u015f\u0131rtt\u0131! Yeni bir G\u00f6n\u00fcl Da\u011f\u0131 dizisi mi do\u011fuyor?"},"content":{"rendered":"<p>Zembilli dizisi seyirci ile bulu\u015fmaya g\u00fcn say\u0131yor. ATV ekranlar\u0131nda izleyici kar\u015f\u0131s\u0131na \u00e7\u0131kmaya haz\u0131rlanan Zembilli ve TRT 1 ekranlar\u0131nda yay\u0131mlanan G\u00f6n\u00fcl Da\u011f\u0131 dizisi aras\u0131ndaki benzerlikler seyirciyi \u015fa\u015f\u0131rt\u0131yor. Benzerliklerin bu kadar fazla oldu\u011fu dizide yeni bir G\u00f6n\u00fcl Da\u011f\u0131 dizisi mi do\u011fuyor? sorusu beraberinde geliyor. Hem konusuyla hem de oyuncu kadrosuyla dikkatleri \u00fczerine \u00e7eken Zembilli, G\u00f6n\u00fcl Da\u011f\u0131 dizisine benzerli\u011fiyle de merak uyand\u0131r\u0131yor. Peki, Zembilli dizisinin konusu ne? G\u00f6n\u00fcl Da\u011f\u0131 dizisiyle hangi a\u00e7\u0131lardan benziyor? Gelin iki dizinin benzerliklerine birlikte g\u00f6z atal\u0131m\u2026<\/p>\n<h3>ZEMB\u0130LL\u0130 VE G\u00d6N\u00dcL DA\u011eI D\u0130Z\u0130S\u0130 ARASINDAK\u0130 BENZERL\u0130K \u015eA\u015eIRTTI!<\/h3>\n<p>ATV ekranlar\u0131nda izleyici ile bulu\u015fmaya haz\u0131rlanan Zembilli dizisi seyirci taraf\u0131ndan sab\u0131rs\u0131zl\u0131kla bekleniyor. Hem konusu hem oyuncu kadrosuyla dikkatleri \u00fczerine \u00e7eken Zembilli dizisinin, G\u00f6n\u00fcl Da\u011f\u0131 dizisine benzerli\u011fi de g\u00f6zlerden ka\u00e7m\u0131yor.<\/p>\n<p><img loading=\"lazy\" decoding=\"async\" class=\"alignnone wp-image-110849\" src=\"https:\/\/www.tgrthaber.com\/mavikadin\/wp-content\/uploads\/Adsiz-tasarim-2024-12-23T105324.216-1024x576.jpg\" alt=\"Zembilli ve G\u00f6n\u00fcl Da\u011f\u0131 dizisi aras\u0131ndaki benzerlik \u015fa\u015f\u0131rtt\u0131! \" width=\"1208\" height=\"680\" title=\"\" srcset=\"https:\/\/www.tgrthaber.com\/mavikadin\/wp-content\/uploads\/Adsiz-tasarim-2024-12-23T105324.216-1024x576.jpg 1024w, https:\/\/www.tgrthaber.com\/mavikadin\/wp-content\/uploads\/Adsiz-tasarim-2024-12-23T105324.216-300x169.jpg 300w, https:\/\/www.tgrthaber.com\/mavikadin\/wp-content\/uploads\/Adsiz-tasarim-2024-12-23T105324.216-768x432.jpg 768w, https:\/\/www.tgrthaber.com\/mavikadin\/wp-content\/uploads\/Adsiz-tasarim-2024-12-23T105324.216-1536x864.jpg 1536w, https:\/\/www.tgrthaber.com\/mavikadin\/wp-content\/uploads\/Adsiz-tasarim-2024-12-23T105324.216.jpg 1600w\" sizes=\"(max-width: 1208px) 100vw, 1208px\" \/><\/p>\n<p>\u015eimdiden merak konusu haline gelen Zembilli dizisi i\u00e7in geri say\u0131m ba\u015flad\u0131. ATV ekranlar\u0131n\u0131n iddial\u0131 dizileri aras\u0131nda yer alacak Zembilli, ilk teaser\u2019\u0131n yay\u0131mlanmas\u0131yla birlikte seyircinin yo\u011fun ilgisiyle kar\u015f\u0131la\u015fan dizinin konusu ve oyuncu kadrosu da merak ediliyor. Zembilli dizisinden ilk g\u00f6r\u00fcnt\u00fclerinin yay\u0131mlanmas\u0131yla birlikte, G\u00f6n\u00fcl Da\u011f\u0131 dizisine benzerli\u011fi herkesi \u015fa\u015f\u0131rtt\u0131.<\/p>\n<p>\u0130ki dizininde birbirine olan benzerlikleri ak\u0131llara yeni bir G\u00f6n\u00fcl Da\u011f\u0131 dizisi mi do\u011fuyor sorusunu getirdi. \u0130\u015fledikleri konular ve \u00e7ekim mekanlar\u0131yla birbirlerine olduk\u00e7a benzeyen iki dizi bakal\u0131m birbirine ne kadar benziyor?<\/p>\n<h3>YEN\u0130 B\u0130R G\u00d6N\u00dcL DA\u011eI D\u0130Z\u0130S\u0130 M\u0130 DO\u011eUYOR?<\/h3>\n<p>TRT 1 ekranlar\u0131n\u0131n yo\u011fun bir ilgiyle takip edilen dizisi G\u00f6n\u00fcl Da\u011f\u0131, konusuyla ve oyuncu kadrosuyla yay\u0131mland\u0131\u011f\u0131 g\u00fcnden bu yana dikkatleri \u00fczerine \u00e7ekmeyi ba\u015far\u0131yor. ATV ekranlar\u0131nda izleyici kar\u015f\u0131s\u0131na \u00e7\u0131kmaya haz\u0131rlanan Zembilli dizisi de t\u0131pk\u0131 G\u00f6n\u00fcl Da\u011f\u0131 dizisi gibi insanlar\u0131n hasret kalm\u0131\u015f k\u00f6y hayat\u0131n\u0131 ve birlikteli\u011fini seyirci ile bulu\u015fturmaya haz\u0131rlan\u0131yor.<\/p>\n<p><img loading=\"lazy\" decoding=\"async\" class=\"alignnone wp-image-110851\" src=\"https:\/\/www.tgrthaber.com\/mavikadin\/wp-content\/uploads\/Adsiz-tasarim-2024-12-23T105423.777-1024x576.jpg\" alt=\"Zembilli ve G\u00f6n\u00fcl Da\u011f\u0131 dizisi aras\u0131ndaki benzerlik \u015fa\u015f\u0131rtt\u0131! \" width=\"1208\" height=\"680\" title=\"\" srcset=\"https:\/\/www.tgrthaber.com\/mavikadin\/wp-content\/uploads\/Adsiz-tasarim-2024-12-23T105423.777-1024x576.jpg 1024w, https:\/\/www.tgrthaber.com\/mavikadin\/wp-content\/uploads\/Adsiz-tasarim-2024-12-23T105423.777-300x169.jpg 300w, https:\/\/www.tgrthaber.com\/mavikadin\/wp-content\/uploads\/Adsiz-tasarim-2024-12-23T105423.777-768x432.jpg 768w, https:\/\/www.tgrthaber.com\/mavikadin\/wp-content\/uploads\/Adsiz-tasarim-2024-12-23T105423.777-1536x864.jpg 1536w, https:\/\/www.tgrthaber.com\/mavikadin\/wp-content\/uploads\/Adsiz-tasarim-2024-12-23T105423.777.jpg 1600w\" sizes=\"(max-width: 1208px) 100vw, 1208px\" \/><\/p>\n<p>G\u00f6n\u00fcl Da\u011f\u0131 dizisi Mustafa \u00c7ift\u00e7i\u2019nin bozk\u0131r hikayelerinden esinlenerek haz\u0131rlanm\u0131\u015f ve seyirci kar\u015f\u0131s\u0131na \u00e7\u0131km\u0131\u015ft\u0131r. Zembilli dizisi ise k\u00fc\u00e7\u00fck bir Y\u00f6r\u00fck kasabas\u0131nda insanlar\u0131n ac\u0131 ve tatl\u0131 hikayelerini konu al\u0131yor. Bozk\u0131r topraklar\u0131nda bir Anadolu masal\u0131n\u0131 konu alan G\u00f6n\u00fcl Da\u011f\u0131, k\u00fc\u00e7\u00fck d\u00fcnyalar\u0131nda b\u00fcy\u00fck hayaller ye\u015ferten Anadolu \u00e7ocuklar\u0131n\u0131n hikayesi olarak kar\u015f\u0131m\u0131za \u00e7\u0131k\u0131yor. Zembilli dizisi de t\u0131pk\u0131 G\u00f6n\u00fcl Da\u011f\u0131 gibi Toros Da\u011flar\u0131\u2019n\u0131n eteklerinde bir Y\u00f6r\u00fck kasabas\u0131ndaki insanlar\u0131n ac\u0131, tatl\u0131 ve s\u00fcr\u00fckleyici bir hikayesiyle kar\u015f\u0131m\u0131za \u00e7\u0131k\u0131yor. Zembilli dizisinde de G\u00f6n\u00fcl Da\u011f\u0131 dizisinde oldu\u011fu gibi a\u015fk, dostluk, aile ba\u011flar\u0131 ve hayallerin pe\u015finden ko\u015fman\u0131n \u00f6nemi, dizinin ana temalar\u0131 aras\u0131nda yer al\u0131yor.<\/p>\n<p><img loading=\"lazy\" decoding=\"async\" class=\"alignnone wp-image-110853\" src=\"https:\/\/www.tgrthaber.com\/mavikadin\/wp-content\/uploads\/Adsiz-tasarim-2024-12-23T105712.147-1024x576.jpg\" alt=\"Zembilli ve G\u00f6n\u00fcl Da\u011f\u0131 dizisi aras\u0131ndaki benzerlik \u015fa\u015f\u0131rtt\u0131! \" width=\"1208\" height=\"680\" title=\"\" srcset=\"https:\/\/www.tgrthaber.com\/mavikadin\/wp-content\/uploads\/Adsiz-tasarim-2024-12-23T105712.147-1024x576.jpg 1024w, https:\/\/www.tgrthaber.com\/mavikadin\/wp-content\/uploads\/Adsiz-tasarim-2024-12-23T105712.147-300x169.jpg 300w, https:\/\/www.tgrthaber.com\/mavikadin\/wp-content\/uploads\/Adsiz-tasarim-2024-12-23T105712.147-768x432.jpg 768w, https:\/\/www.tgrthaber.com\/mavikadin\/wp-content\/uploads\/Adsiz-tasarim-2024-12-23T105712.147-1536x864.jpg 1536w, https:\/\/www.tgrthaber.com\/mavikadin\/wp-content\/uploads\/Adsiz-tasarim-2024-12-23T105712.147.jpg 1600w\" sizes=\"(max-width: 1208px) 100vw, 1208px\" \/><\/p>\n<p>Her iki dizinin de s\u0131cak ve samimi bir atmosferde \u015fekillenmesi, k\u00f6y ve kasaba ya\u015fant\u0131s\u0131n\u0131n seyirciye tam anlam\u0131yla i\u015fleyebilmesi, dizide seslendirilen t\u00fcrk\u00fcler, kost\u00fcmler ve mekanlar birbirlerine benzerlik g\u00f6steriyor. Her iki dizide seyirciye unutulmaz bir seyir deneyimi ya\u015fat\u0131rken, ayn\u0131 zamanda seyirciyi t\u00fcrl\u00fc entrikalara bo\u011fmadan huzurlu bir seyir keyfi veriyor. G\u00f6n\u00fcl Da\u011f\u0131 dizisi Eski\u015fehir\u2019in Sivrihisar il\u00e7esinde \u00e7ekilirken, Zembilli dizisi \u0130zmir\u2019in \u00d6demi\u015f il\u00e7esinde \u00e7ekiliyor.<\/p>\n<h3>ZEMB\u0130LL\u0130 D\u0130Z\u0130S\u0130 KONUSU<\/h3>\n<p>Zembilli dizisi, Toros Da\u011flar\u0131\u2019n\u0131n eteklerinde bir Y\u00f6r\u00fck kasabas\u0131ndaki insanlar\u0131n ac\u0131, tatl\u0131 ve s\u00fcr\u00fckleyici hikayelerini konu al\u0131yor. ATV ekranlar\u0131nda yay\u0131mlanmaya haz\u0131rlanan Zembilli dizisi, geleneklerin ve modern ya\u015fam\u0131n i\u00e7 i\u00e7e ge\u00e7ti\u011fi k\u00fc\u00e7\u00fck bir kasabada ya\u015fayan insanlar\u0131n hayatlar\u0131n\u0131 ele al\u0131yor.<\/p>\n<p><img loading=\"lazy\" decoding=\"async\" class=\"alignnone wp-image-110855\" src=\"https:\/\/www.tgrthaber.com\/mavikadin\/wp-content\/uploads\/Adsiz-tasarim-2024-12-23T105503.626-1024x576.jpg\" alt=\"Zembilli ve G\u00f6n\u00fcl Da\u011f\u0131 dizisi aras\u0131ndaki benzerlik \u015fa\u015f\u0131rtt\u0131! \" width=\"1208\" height=\"680\" title=\"\" srcset=\"https:\/\/www.tgrthaber.com\/mavikadin\/wp-content\/uploads\/Adsiz-tasarim-2024-12-23T105503.626-1024x576.jpg 1024w, https:\/\/www.tgrthaber.com\/mavikadin\/wp-content\/uploads\/Adsiz-tasarim-2024-12-23T105503.626-300x169.jpg 300w, https:\/\/www.tgrthaber.com\/mavikadin\/wp-content\/uploads\/Adsiz-tasarim-2024-12-23T105503.626-768x432.jpg 768w, https:\/\/www.tgrthaber.com\/mavikadin\/wp-content\/uploads\/Adsiz-tasarim-2024-12-23T105503.626-1536x864.jpg 1536w, https:\/\/www.tgrthaber.com\/mavikadin\/wp-content\/uploads\/Adsiz-tasarim-2024-12-23T105503.626.jpg 1600w\" sizes=\"(max-width: 1208px) 100vw, 1208px\" \/><\/p>\n<p>Zembilli dizisi, a\u015fk, dostluk, aile ba\u011flar\u0131 ve hayallerin pe\u015finden ko\u015fman\u0131n \u00f6nemini seyirciye derinden i\u015flemeye haz\u0131rlan\u0131yor. S\u0131cak ve samimi bir k\u00f6y ya\u015fant\u0131s\u0131 \u00e7er\u00e7evesinde \u015fekillenen dizi, izleyici ile bulu\u015fmaya sab\u0131rs\u0131zlan\u0131yor. Seyirciye huzur dolu bir seyir zevki ya\u015fatacak olan Zembilli dizisi, izleyiciler taraf\u0131ndan da merakla bekleniyor.<\/p>\n<p>Dizi, do\u011fal g\u00fczellikleriyle \u00fcnl\u00fc \u0130zmir\u2019in \u00d6demi\u015f il\u00e7esinde \u00e7ekiliyor. B\u00f6lgenin e\u015fsiz atmosferi, dizinin etkileyici sahnelerine ev sahipli\u011fi yaparak izleyicilere g\u00f6rsel bir \u015f\u00f6len sunmaya haz\u0131rlan\u0131yor.<\/p>\n<p><img loading=\"lazy\" decoding=\"async\" class=\"alignnone wp-image-110856\" src=\"https:\/\/www.tgrthaber.com\/mavikadin\/wp-content\/uploads\/Adsiz-tasarim-2024-12-23T105455.330-1024x576.jpg\" alt=\"Zembilli ve G\u00f6n\u00fcl Da\u011f\u0131 dizisi aras\u0131ndaki benzerlik \u015fa\u015f\u0131rtt\u0131! \" width=\"1208\" height=\"680\" title=\"\" srcset=\"https:\/\/www.tgrthaber.com\/mavikadin\/wp-content\/uploads\/Adsiz-tasarim-2024-12-23T105455.330-1024x576.jpg 1024w, https:\/\/www.tgrthaber.com\/mavikadin\/wp-content\/uploads\/Adsiz-tasarim-2024-12-23T105455.330-300x169.jpg 300w, https:\/\/www.tgrthaber.com\/mavikadin\/wp-content\/uploads\/Adsiz-tasarim-2024-12-23T105455.330-768x432.jpg 768w, https:\/\/www.tgrthaber.com\/mavikadin\/wp-content\/uploads\/Adsiz-tasarim-2024-12-23T105455.330-1536x864.jpg 1536w, https:\/\/www.tgrthaber.com\/mavikadin\/wp-content\/uploads\/Adsiz-tasarim-2024-12-23T105455.330.jpg 1600w\" sizes=\"(max-width: 1208px) 100vw, 1208px\" \/><\/p>\n<h3>ZEMB\u0130LL\u0130 D\u0130Z\u0130S\u0130 OYUNCULARI<\/h3>\n<p>\u0130\u015fte Zembilli oyuncu kadrosu:<\/p>\n<p>Sude Z\u00fclal G\u00fcler<\/p>\n<p>Emre Dinler<\/p>\n<p>Damlasu \u0130kizo\u011flu<\/p>\n<p>Atakan Ho\u015fg\u00f6ren<\/p>\n<p>Yal\u00e7\u0131n Haf\u0131zo\u011flu<\/p>\n<p>Murat Akkoyunlu<\/p>\n<p>Ruhi Sar\u0131<\/p>\n<p>Kadim Ya\u015far<\/p>\n<p>Melisa Bostanc\u0131o\u011flu<\/p>\n<p>Dilaray Ye\u015filyaprak<\/p>\n<p>\u00d6zg\u00fcr Cem Tu\u011fluk<\/p>\n<p>Hilmi \u00d6z\u00e7elik<\/p>\n<p>Elif \u00c7akman<\/p>\n<p>\u015eebnem Do\u011fruer<\/p>\n<p>Ay\u015fen Sezerel<\/p>\n<p>Handan Y\u0131ld\u0131r\u0131m<\/p>\n","protected":false},"excerpt":{"rendered":"<p>Yak\u0131n zamanda seyirci ile ATV ekranlar\u0131nda bulu\u015fmaya haz\u0131rlanan Zembilli dizisi hem konusuyla hem de oyuncu kadrosuyla dikkat \u00e7ekiyor. Zembilli dizisinin G\u00f6n\u00fcl Da\u011f\u0131 dizisine benzerli\u011fi de g\u00f6zlerden ka\u00e7m\u0131yor. Gelin birlikle iki dizinin benzerliklerine bakal\u0131m\u2026<\/p>\n","protected":false},"author":26,"featured_media":110848,"comment_status":"closed","ping_status":"closed","sticky":false,"template":"","format":"standard","meta":{"rank_math_lock_modified_date":false,"footnotes":""},"categories":[602],"tags":[3687,4317,4319],"class_list":["post-110833","post","type-post","status-publish","format-standard","has-post-thumbnail","hentry","category-diziler","tag-gonul-dagi","tag-zembilli","tag-zembilli-dizisi"],"_links":{"self":[{"href":"https:\/\/www.tgrthaber.com\/mavikadin\/wp-json\/wp\/v2\/posts\/110833"}],"collection":[{"href":"https:\/\/www.tgrthaber.com\/mavikadin\/wp-json\/wp\/v2\/posts"}],"about":[{"href":"https:\/\/www.tgrthaber.com\/mavikadin\/wp-json\/wp\/v2\/types\/post"}],"author":[{"embeddable":true,"href":"https:\/\/www.tgrthaber.com\/mavikadin\/wp-json\/wp\/v2\/users\/26"}],"replies":[{"embeddable":true,"href":"https:\/\/www.tgrthaber.com\/mavikadin\/wp-json\/wp\/v2\/comments?post=110833"}],"version-history":[{"count":1,"href":"https:\/\/www.tgrthaber.com\/mavikadin\/wp-json\/wp\/v2\/posts\/110833\/revisions"}],"predecessor-version":[{"id":110859,"href":"https:\/\/www.tgrthaber.com\/mavikadin\/wp-json\/wp\/v2\/posts\/110833\/revisions\/110859"}],"wp:featuredmedia":[{"embeddable":true,"href":"https:\/\/www.tgrthaber.com\/mavikadin\/wp-json\/wp\/v2\/media\/110848"}],"wp:attachment":[{"href":"https:\/\/www.tgrthaber.com\/mavikadin\/wp-json\/wp\/v2\/media?parent=110833"}],"wp:term":[{"taxonomy":"category","embeddable":true,"href":"https:\/\/www.tgrthaber.com\/mavikadin\/wp-json\/wp\/v2\/categories?post=110833"},{"taxonomy":"post_tag","embeddable":true,"href":"https:\/\/www.tgrthaber.com\/mavikadin\/wp-json\/wp\/v2\/tags?post=110833"}],"curies":[{"name":"wp","href":"https:\/\/api.w.org\/{rel}","templated":true}]}}