{"id":111089,"date":"2024-12-23T15:30:00","date_gmt":"2024-12-23T12:30:00","guid":{"rendered":"https:\/\/www.tgrthaber.com\/mavikadin\/?p=111089"},"modified":"2024-12-23T15:39:06","modified_gmt":"2024-12-23T12:39:06","slug":"sakir-pasa-ailesi-dizisinin-senaristi-hande-altayli-bakin-kimin-esi-cikti-kac-yasinda-ve-nereli-oldugu-merak-edildi","status":"publish","type":"post","link":"https:\/\/www.tgrthaber.com\/mavikadin\/sakir-pasa-ailesi-dizisinin-senaristi-hande-altayli-bakin-kimin-esi-cikti-kac-yasinda-ve-nereli-oldugu-merak-edildi\/","title":{"rendered":"\u015eakir Pa\u015fa Ailesi dizisinin senaristi Hande Altayl\u0131 bak\u0131n kimin e\u015fi \u00e7\u0131kt\u0131! Ka\u00e7 ya\u015f\u0131nda ve nereli oldu\u011fu merak edildi"},"content":{"rendered":"<p>NOW TV ekranlar\u0131n\u0131n yo\u011fun bir ilgiyle takip edilen dizisi \u015eakir Pa\u015fa Ailesi: Mucizeler ve Skandallar, ge\u00e7ti\u011fimiz haftalarda ekran maceras\u0131na ba\u015flam\u0131\u015ft\u0131. Yay\u0131mland\u0131\u011f\u0131 ilk b\u00f6l\u00fcm\u00fcnden itibaren seyirci taraf\u0131ndan b\u00fcy\u00fck bir be\u011feni toplayan dizinin senaristi Hande Altayl\u0131 bak\u0131n kimin e\u015fi \u00e7\u0131kt\u0131. Hem konusuyla hem de g\u00fc\u00e7l\u00fc oyuncu kadrosuyla dikkatleri \u00fczerine \u00e7eken \u015eakir Pa\u015fa Ailesi dizisinin senaristi herkesi \u015fa\u015f\u0131rtt\u0131. Bak\u0131n \u015eakir Pa\u015fa Ailesi: Mucizeler ve Skandallar dizisinin senaristi Hande Altayl\u0131 kimin e\u015fiymi\u015f\u2026<\/p>\n<h3>\u015eAK\u0130R PA\u015eA A\u0130LES\u0130 D\u0130Z\u0130S\u0130N\u0130N SENAR\u0130ST\u0130 HANDE ALTAYLI BAKIN K\u0130M\u0130N E\u015e\u0130 \u00c7IKTI!<\/h3>\n<p>Yay\u0131mland\u0131\u011f\u0131 g\u00fcnden bu yana ilgiyle takip edilen ve geni\u015f bir izleyici kitlesine sahip olan \u015eakir Pa\u015fa Ailesi: Mucizeler ve Skandallar dizisi hem konusuyla hem de g\u00fc\u00e7l\u00fc oyuncu kadrosuyla dikkatleri \u00fczerine \u00e7ekmeye devam ediyor. Dizinin senaristli\u011fini \u00fcstlenen Hande Altayl\u0131\u2019n\u0131n e\u015finin kim oldu\u011fu ise merak edildi. Ba\u015far\u0131l\u0131 kalemiyle dizinin gidi\u015fat\u0131na y\u00f6n veren Hande Altayl\u0131 bak\u0131n kimin e\u015fi \u00e7\u0131kt\u0131\u2026<\/p>\n<p><img loading=\"lazy\" decoding=\"async\" class=\"alignnone wp-image-111093\" src=\"https:\/\/www.tgrthaber.com\/mavikadin\/wp-content\/uploads\/Adsiz-tasarim-2024-12-23T152341.784-1024x576.jpg\" alt=\"\u015eakir Pa\u015fa Ailesi dizisinin senaristi Hande Altayl\u0131 bak\u0131n kimin e\u015fi \u00e7\u0131kt\u0131! \" width=\"1208\" height=\"680\" title=\"\" srcset=\"https:\/\/www.tgrthaber.com\/mavikadin\/wp-content\/uploads\/Adsiz-tasarim-2024-12-23T152341.784-1024x576.jpg 1024w, https:\/\/www.tgrthaber.com\/mavikadin\/wp-content\/uploads\/Adsiz-tasarim-2024-12-23T152341.784-300x169.jpg 300w, https:\/\/www.tgrthaber.com\/mavikadin\/wp-content\/uploads\/Adsiz-tasarim-2024-12-23T152341.784-768x432.jpg 768w, https:\/\/www.tgrthaber.com\/mavikadin\/wp-content\/uploads\/Adsiz-tasarim-2024-12-23T152341.784-1536x864.jpg 1536w, https:\/\/www.tgrthaber.com\/mavikadin\/wp-content\/uploads\/Adsiz-tasarim-2024-12-23T152341.784.jpg 1600w\" sizes=\"(max-width: 1208px) 100vw, 1208px\" \/><\/p>\n<p>Ge\u00e7ti\u011fimiz g\u00fcn ikinci b\u00f6l\u00fcm\u00fcyle seyirci kar\u015f\u0131s\u0131na \u00e7\u0131kan \u015eakir Pa\u015fa Ailesi: Mucizeler ve Skandallar dizisi NOW TV ekranlar\u0131n\u0131n iddial\u0131 dizileri aras\u0131nda yer al\u0131yor. Hem konusu hem de g\u00fc\u00e7l\u00fc oyuncu kadrosuyla seyircinin ilgisini \u00e7ekmeyi ba\u015faran dizinin y\u00f6netmen koltu\u011funda Bahad\u0131r Karata\u015f otururken, dizinin senaryosunu ise Hande Altayl\u0131 kaleme al\u0131yor.<\/p>\n<p><img loading=\"lazy\" decoding=\"async\" class=\"alignnone wp-image-111094\" src=\"https:\/\/www.tgrthaber.com\/mavikadin\/wp-content\/uploads\/Adsiz-tasarim-2024-12-23T152350.648-1024x576.jpg\" alt=\"\u015eakir Pa\u015fa Ailesi dizisinin senaristi Hande Altayl\u0131 bak\u0131n kimin e\u015fi \u00e7\u0131kt\u0131! \" width=\"1208\" height=\"680\" title=\"\" srcset=\"https:\/\/www.tgrthaber.com\/mavikadin\/wp-content\/uploads\/Adsiz-tasarim-2024-12-23T152350.648-1024x576.jpg 1024w, https:\/\/www.tgrthaber.com\/mavikadin\/wp-content\/uploads\/Adsiz-tasarim-2024-12-23T152350.648-300x169.jpg 300w, https:\/\/www.tgrthaber.com\/mavikadin\/wp-content\/uploads\/Adsiz-tasarim-2024-12-23T152350.648-768x432.jpg 768w, https:\/\/www.tgrthaber.com\/mavikadin\/wp-content\/uploads\/Adsiz-tasarim-2024-12-23T152350.648-1536x864.jpg 1536w, https:\/\/www.tgrthaber.com\/mavikadin\/wp-content\/uploads\/Adsiz-tasarim-2024-12-23T152350.648.jpg 1600w\" sizes=\"(max-width: 1208px) 100vw, 1208px\" \/><\/p>\n<p>Ba\u015far\u0131l\u0131 kalemiyle dizinin gidi\u015fat\u0131na y\u00f6n veren Hande Altayl\u0131, Gazeteci ve Yazar Fatih Altayl\u0131\u2019n\u0131n e\u015fi olarak kar\u015f\u0131m\u0131za \u00e7\u0131k\u0131yor. Gazeteci Fatih Altayl\u0131\u2019n\u0131n e\u015fi Hande Altayl\u0131, NOW TV\u2019nin pop\u00fcler dizisi \u015eakir Pa\u015fa Ailesi: Mucizeler ve Skandallar\u2019\u0131n senaristli\u011fini \u00fcstleniyor.<\/p>\n<h3>HANDE ALTAYLI K\u0130MD\u0130R, KA\u00c7 YA\u015eINDA?<\/h3>\n<p>Nezihe Hande Altayl\u0131, 17 Haziran 1971 tarihinde Bal\u0131kesir\u2019in Edremit il\u00e7esinde d\u00fcnyaya geldi. Avukat bir baba ve ev han\u0131m\u0131 bir annenin \u00e7ocu\u011fu olarak d\u00fcnyaya gelen Hande Altayl\u0131, ilkokul ve ortaokul e\u011fitimini ba\u015far\u0131yla tamamlad\u0131ktan sonra Galatasaray Lisesi\u2019nde yat\u0131l\u0131 bir \u015fekilde okumaya ba\u015flam\u0131\u015ft\u0131r.<\/p>\n<p><img loading=\"lazy\" decoding=\"async\" class=\"alignnone wp-image-111095\" src=\"https:\/\/www.tgrthaber.com\/mavikadin\/wp-content\/uploads\/Adsiz-tasarim-2024-12-23T152154.534-1024x576.jpg\" alt=\"\u015eakir Pa\u015fa Ailesi dizisinin senaristi Hande Altayl\u0131 bak\u0131n kimin e\u015fi \u00e7\u0131kt\u0131! \" width=\"1208\" height=\"680\" title=\"\" srcset=\"https:\/\/www.tgrthaber.com\/mavikadin\/wp-content\/uploads\/Adsiz-tasarim-2024-12-23T152154.534-1024x576.jpg 1024w, https:\/\/www.tgrthaber.com\/mavikadin\/wp-content\/uploads\/Adsiz-tasarim-2024-12-23T152154.534-300x169.jpg 300w, https:\/\/www.tgrthaber.com\/mavikadin\/wp-content\/uploads\/Adsiz-tasarim-2024-12-23T152154.534-768x432.jpg 768w, https:\/\/www.tgrthaber.com\/mavikadin\/wp-content\/uploads\/Adsiz-tasarim-2024-12-23T152154.534-1536x864.jpg 1536w, https:\/\/www.tgrthaber.com\/mavikadin\/wp-content\/uploads\/Adsiz-tasarim-2024-12-23T152154.534.jpg 1600w\" sizes=\"(max-width: 1208px) 100vw, 1208px\" \/><\/p>\n<p>Lise e\u011fitimini ba\u015far\u0131yla tamamlayan Hande Altayl\u0131, y\u00fcksek\u00f6\u011frenimini Bo\u011fazi\u00e7i \u00dcniversitesi Uluslararas\u0131 \u0130li\u015fkiler ve Siyaset Bilimi B\u00f6l\u00fcm\u00fc\u2019nde tamamlam\u0131\u015ft\u0131r. \u015eimdilerde 53 ya\u015f\u0131nda olan Altayl\u0131, \u00e7e\u015fitli ajanslarda reklam yazarl\u0131\u011f\u0131 ve \u015fark\u0131 s\u00f6z\u00fc yazarl\u0131\u011f\u0131 yapm\u0131\u015ft\u0131r. Kariyerine yazar, reklamc\u0131 ve \u015fark\u0131 s\u00f6z\u00fc yazar\u0131 olarak devam eden Altayl\u0131, 2006 y\u0131l\u0131nda ilk roman\u0131 \u201cA\u015fka \u015eeytan Kar\u0131\u015f\u0131r\u201d yay\u0131nlam\u0131\u015f ve bu kitab\u0131 o y\u0131l en \u00e7ok okunan kitaplar aras\u0131na girmi\u015ftir.<\/p>\n<p><img loading=\"lazy\" decoding=\"async\" class=\"alignnone wp-image-111099\" src=\"https:\/\/www.tgrthaber.com\/mavikadin\/wp-content\/uploads\/Adsiz-tasarim-2024-12-23T152246.207-1024x576.jpg\" alt=\"\u015eakir Pa\u015fa Ailesi dizisinin senaristi Hande Altayl\u0131 bak\u0131n kimin e\u015fi \u00e7\u0131kt\u0131! \" width=\"1208\" height=\"680\" title=\"\" srcset=\"https:\/\/www.tgrthaber.com\/mavikadin\/wp-content\/uploads\/Adsiz-tasarim-2024-12-23T152246.207-1024x576.jpg 1024w, https:\/\/www.tgrthaber.com\/mavikadin\/wp-content\/uploads\/Adsiz-tasarim-2024-12-23T152246.207-300x169.jpg 300w, https:\/\/www.tgrthaber.com\/mavikadin\/wp-content\/uploads\/Adsiz-tasarim-2024-12-23T152246.207-768x432.jpg 768w, https:\/\/www.tgrthaber.com\/mavikadin\/wp-content\/uploads\/Adsiz-tasarim-2024-12-23T152246.207-1536x864.jpg 1536w, https:\/\/www.tgrthaber.com\/mavikadin\/wp-content\/uploads\/Adsiz-tasarim-2024-12-23T152246.207.jpg 1600w\" sizes=\"(max-width: 1208px) 100vw, 1208px\" \/><\/p>\n<p>Bir\u00e7ok roman yazan Hande Altayl\u0131\u2019n\u0131n 2012 y\u0131l\u0131nda yay\u0131mlad\u0131\u011f\u0131 \u201cKahperengi\u201d adl\u0131 roman\u0131 dizi olarak uyarlanm\u0131\u015f ve \u201cMerhamet\u201d ad\u0131yla seyirciyle bulu\u015fmu\u015ftur. Altayl\u0131, \u015fimdilerde NOW TV ekranlar\u0131nda izleyici ile bulu\u015fan \u015eakir Pa\u015fa Ailesi: Mucizeler ve Skandallar dizisinin senaristli\u011fini yapmaktad\u0131r.<\/p>\n<h3>HANDE ALTAYLI K\u0130M\u0130N E\u015e\u0130?<\/h3>\n<p>\u00dcnl\u00fc Yazar Hande Altayl\u0131, \u00fcnl\u00fc Gazeteci Fatih Altayl\u0131 ile 1995 y\u0131l\u0131nda d\u00fcnyaevine girdi. 1995 y\u0131l\u0131ndan bu yana mutlu beraberlikleri devam eden \u00e7iftin 2000 y\u0131l\u0131nda \u201cZeynep\u201d ad\u0131nda bir k\u0131z \u00e7ocuklar\u0131 d\u00fcnyaya geldi.<\/p>\n<p><img loading=\"lazy\" decoding=\"async\" class=\"alignnone wp-image-111098\" src=\"https:\/\/www.tgrthaber.com\/mavikadin\/wp-content\/uploads\/Adsiz-tasarim-2024-12-23T152825.881-1024x576.jpg\" alt=\"\u015eakir Pa\u015fa Ailesi dizisinin senaristi Hande Altayl\u0131 bak\u0131n kimin e\u015fi \u00e7\u0131kt\u0131! \" width=\"1208\" height=\"680\" title=\"\" srcset=\"https:\/\/www.tgrthaber.com\/mavikadin\/wp-content\/uploads\/Adsiz-tasarim-2024-12-23T152825.881-1024x576.jpg 1024w, https:\/\/www.tgrthaber.com\/mavikadin\/wp-content\/uploads\/Adsiz-tasarim-2024-12-23T152825.881-300x169.jpg 300w, https:\/\/www.tgrthaber.com\/mavikadin\/wp-content\/uploads\/Adsiz-tasarim-2024-12-23T152825.881-768x432.jpg 768w, https:\/\/www.tgrthaber.com\/mavikadin\/wp-content\/uploads\/Adsiz-tasarim-2024-12-23T152825.881-1536x864.jpg 1536w, https:\/\/www.tgrthaber.com\/mavikadin\/wp-content\/uploads\/Adsiz-tasarim-2024-12-23T152825.881.jpg 1600w\" sizes=\"(max-width: 1208px) 100vw, 1208px\" \/><\/p>\n<p>\u015eimdilerde mutlu beraberliklerini devam ettiren \u00e7iftten Hande Altayl\u0131, NOW TV\u2019nin ba\u015far\u0131l\u0131 dizilerinden \u015eakir Pa\u015fa Ailesi: Mucizeler ve Skandallar dizisinde senaristlik yapmaktad\u0131r.<\/p>\n","protected":false},"excerpt":{"rendered":"<p>NOW TV ekranlar\u0131nda izleyici kar\u015f\u0131s\u0131na \u00e7\u0131kan \u015eakir Pa\u015fa Ailesi: Mucizeler ve Skandallar dizisinin senaristi Hande Altayl\u0131 bak\u0131n kimin e\u015fi \u00e7\u0131kt\u0131! Geni\u015f bir izleyici kitlesine sahip olan \u015eakir Pa\u015fa Ailesi dizisinin senaristi \u015fa\u015f\u0131rtt\u0131! Bak\u0131n \u015eakir Pa\u015fa Ailesinin senaristi kim\u2026 <\/p>\n","protected":false},"author":26,"featured_media":111092,"comment_status":"closed","ping_status":"closed","sticky":false,"template":"","format":"standard","meta":{"rank_math_lock_modified_date":false,"footnotes":""},"categories":[491],"tags":[5627,5626,2324,2963],"class_list":["post-111089","post","type-post","status-publish","format-standard","has-post-thumbnail","hentry","category-biyografi","tag-fatih-altayli","tag-hande-altayli","tag-sakir-pasa-ailesi","tag-sakir-pasa-ailesi-mucizeler-ve-skandallar"],"_links":{"self":[{"href":"https:\/\/www.tgrthaber.com\/mavikadin\/wp-json\/wp\/v2\/posts\/111089"}],"collection":[{"href":"https:\/\/www.tgrthaber.com\/mavikadin\/wp-json\/wp\/v2\/posts"}],"about":[{"href":"https:\/\/www.tgrthaber.com\/mavikadin\/wp-json\/wp\/v2\/types\/post"}],"author":[{"embeddable":true,"href":"https:\/\/www.tgrthaber.com\/mavikadin\/wp-json\/wp\/v2\/users\/26"}],"replies":[{"embeddable":true,"href":"https:\/\/www.tgrthaber.com\/mavikadin\/wp-json\/wp\/v2\/comments?post=111089"}],"version-history":[{"count":3,"href":"https:\/\/www.tgrthaber.com\/mavikadin\/wp-json\/wp\/v2\/posts\/111089\/revisions"}],"predecessor-version":[{"id":111103,"href":"https:\/\/www.tgrthaber.com\/mavikadin\/wp-json\/wp\/v2\/posts\/111089\/revisions\/111103"}],"wp:featuredmedia":[{"embeddable":true,"href":"https:\/\/www.tgrthaber.com\/mavikadin\/wp-json\/wp\/v2\/media\/111092"}],"wp:attachment":[{"href":"https:\/\/www.tgrthaber.com\/mavikadin\/wp-json\/wp\/v2\/media?parent=111089"}],"wp:term":[{"taxonomy":"category","embeddable":true,"href":"https:\/\/www.tgrthaber.com\/mavikadin\/wp-json\/wp\/v2\/categories?post=111089"},{"taxonomy":"post_tag","embeddable":true,"href":"https:\/\/www.tgrthaber.com\/mavikadin\/wp-json\/wp\/v2\/tags?post=111089"}],"curies":[{"name":"wp","href":"https:\/\/api.w.org\/{rel}","templated":true}]}}