{"id":111109,"date":"2024-12-23T16:01:31","date_gmt":"2024-12-23T13:01:31","guid":{"rendered":"https:\/\/www.tgrthaber.com\/mavikadin\/?p=111109"},"modified":"2024-12-23T16:07:41","modified_gmt":"2024-12-23T13:07:41","slug":"zembilli-dizisinin-basarili-oyuncusu-hilmi-ozcelik-kimdir-yasi-ve-oyunculuk-kariyeri-merak-edildi","status":"publish","type":"post","link":"https:\/\/www.tgrthaber.com\/mavikadin\/zembilli-dizisinin-basarili-oyuncusu-hilmi-ozcelik-kimdir-yasi-ve-oyunculuk-kariyeri-merak-edildi\/","title":{"rendered":"Zembilli dizisinin ba\u015far\u0131l\u0131 oyuncusu Hilmi \u00d6z\u00e7elik kimdir? Ya\u015f\u0131 ve oyunculuk kariyeri merak edildi"},"content":{"rendered":"<p>ATV ekranlar\u0131nda izleyici ile bulu\u015fmaya haz\u0131rlanan Zembilli dizisinin oyuncular\u0131ndan Hilmi \u00d6z\u00e7elik\u2019in kim oldu\u011fu merak edildi. Birbirinden gen\u00e7 yeteneklerin ve ba\u015far\u0131l\u0131 isimlerin yer ald\u0131\u011f\u0131 dizi, oyuncu kadrosu ve konusuyla dikkatleri \u00fczerine \u00e7ekiyor. Hen\u00fcz yay\u0131n tarihi belli olmayan dizinin oyuncu kadrosunda yer alan oyuncular\u0131n \u00f6zel hayatlar\u0131 da merak konusu oldu. Y\u00f6r\u00fck k\u00fclt\u00fcr\u00fcn\u00fc ele alan, geleneksel ve modern ya\u015fam tarz\u0131n\u0131 konu edinen dizide birbirinden yetenekli isimler bir araya geliyor.<\/p>\n<p>Peki, Zembilli dizisinin ba\u015far\u0131l\u0131 oyuncular\u0131ndan Hilmi \u00d6z\u00e7elik kimdir? Hilmi \u00d6z\u00e7elik ka\u00e7 ya\u015f\u0131nda, oyunculuk kariyerinde nas\u0131l ilerledi? Hilmi \u00d6z\u00e7elik hakk\u0131nda merak edilenleri sizin i\u00e7in ara\u015ft\u0131rd\u0131k. \u0130\u015fte Hilmi \u00d6z\u00e7elik hakk\u0131nda merak edilenler\u2026<\/p>\n<h3>H\u0130LM\u0130 \u00d6Z\u00c7EL\u0130K K\u0130MD\u0130R?<\/h3>\n<p>Hilmi \u00d6z\u00e7elik, 17 Kas\u0131m 1968 y\u0131l\u0131nda Rize\u2019de d\u00fcnyaya geldi. Ba\u015far\u0131l\u0131 oyuncu \u00d6z\u00e7elik, oyunculuk kariyerine ilk ad\u0131m\u0131n\u0131 tiyatro ile atm\u0131\u015ft\u0131r. \u015eimdilerde tiyatro, sinema ve televizyon oyunculu\u011fu yapan \u00d6z\u00e7elik, ba\u015far\u0131l\u0131 i\u015flere imza atarak kariyerini geli\u015ftirmi\u015ftir. Bir\u00e7ok tiyatro oyununda yer alan \u00d6z\u00e7elik, kariyerinin ilerleyen y\u0131llar\u0131nda \u00e7e\u015fitli sinema ve dizi projelerinde yer alarak kendini g\u00f6stermi\u015ftir.<\/p>\n<p><img loading=\"lazy\" decoding=\"async\" class=\"alignnone wp-image-111113\" src=\"https:\/\/www.tgrthaber.com\/mavikadin\/wp-content\/uploads\/Adsiz-tasarim-2024-12-23T155628.049-1024x576.jpg\" alt=\"Zembilli dizisinin ba\u015far\u0131l\u0131 oyuncusu Hilmi \u00d6z\u00e7elik kimdir? \" width=\"1208\" height=\"680\" title=\"\" srcset=\"https:\/\/www.tgrthaber.com\/mavikadin\/wp-content\/uploads\/Adsiz-tasarim-2024-12-23T155628.049-1024x576.jpg 1024w, https:\/\/www.tgrthaber.com\/mavikadin\/wp-content\/uploads\/Adsiz-tasarim-2024-12-23T155628.049-300x169.jpg 300w, https:\/\/www.tgrthaber.com\/mavikadin\/wp-content\/uploads\/Adsiz-tasarim-2024-12-23T155628.049-768x432.jpg 768w, https:\/\/www.tgrthaber.com\/mavikadin\/wp-content\/uploads\/Adsiz-tasarim-2024-12-23T155628.049-1536x864.jpg 1536w, https:\/\/www.tgrthaber.com\/mavikadin\/wp-content\/uploads\/Adsiz-tasarim-2024-12-23T155628.049.jpg 1600w\" sizes=\"(max-width: 1208px) 100vw, 1208px\" \/><\/p>\n<p>Hilmi \u00d6z\u00e7elik, ilk profesyonel oyunculuk deneyimini 2004 y\u0131l\u0131nda \u201cZ\u00fcmr\u00fct\u201d adl\u0131 televizyon dizisinde rol alarak ger\u00e7ekle\u015ftirmi\u015ftir. Z\u00fcmr\u00fct dizisinden sonra bir\u00e7ok dizi ve film projesinde yer alan \u00d6z\u00e7elik, Arka Sokaklar, K\u00fc\u00e7\u00fck A\u011fa, Bana Masal Anlatma ve Yok Art\u0131k gibi projelerde yer alm\u0131\u015ft\u0131r.<\/p>\n<h3>H\u0130LM\u0130 \u00d6Z\u00c7EL\u0130K OYUNCULUK KAR\u0130YER\u0130NDE NASIL \u0130LERLED\u0130?<\/h3>\n<p>\u015eimdilerde 56 ya\u015f\u0131nda olan ba\u015far\u0131l\u0131 oyuncu Hilmi \u00d6z\u00e7elik, televizyon dizilerinin yan\u0131 s\u0131ra sinema sekt\u00f6r\u00fcnde de olduk\u00e7a ba\u015far\u0131l\u0131 i\u015flere imza atm\u0131\u015f ve tiyatro alan\u0131nda da \u00e7e\u015fitli \u00e7al\u0131\u015fmalar yapm\u0131\u015ft\u0131r. 2004 y\u0131l\u0131nda oyunculu\u011fa ba\u015flayan ba\u015far\u0131l\u0131 oyuncu \u00d6z\u00e7elik, g\u00fcn\u00fcm\u00fczde hala bir\u00e7ok projede yer almaya devam ediyor.<\/p>\n<p><img loading=\"lazy\" decoding=\"async\" class=\"alignnone wp-image-111114\" src=\"https:\/\/www.tgrthaber.com\/mavikadin\/wp-content\/uploads\/Adsiz-tasarim-2024-12-23T155637.582-1024x576.jpg\" alt=\"Zembilli dizisinin ba\u015far\u0131l\u0131 oyuncusu Hilmi \u00d6z\u00e7elik kimdir? \" width=\"1208\" height=\"680\" title=\"\" srcset=\"https:\/\/www.tgrthaber.com\/mavikadin\/wp-content\/uploads\/Adsiz-tasarim-2024-12-23T155637.582-1024x576.jpg 1024w, https:\/\/www.tgrthaber.com\/mavikadin\/wp-content\/uploads\/Adsiz-tasarim-2024-12-23T155637.582-300x169.jpg 300w, https:\/\/www.tgrthaber.com\/mavikadin\/wp-content\/uploads\/Adsiz-tasarim-2024-12-23T155637.582-768x432.jpg 768w, https:\/\/www.tgrthaber.com\/mavikadin\/wp-content\/uploads\/Adsiz-tasarim-2024-12-23T155637.582-1536x864.jpg 1536w, https:\/\/www.tgrthaber.com\/mavikadin\/wp-content\/uploads\/Adsiz-tasarim-2024-12-23T155637.582.jpg 1600w\" sizes=\"(max-width: 1208px) 100vw, 1208px\" \/><\/p>\n<p>Hilmi \u00d6z\u00e7elik, 2018-2019 y\u0131llar\u0131 aras\u0131nda ATV ekranlar\u0131nda yay\u0131mlanan \u201cSen Anlat Karadeniz\u201d dizisinde \u201cCemil Da\u011fdeviren\u201d karakterine can vererek pop\u00fclerli\u011fini art\u0131rm\u0131\u015f ve kariyerinde \u00f6nemli bir noktaya gelmi\u015ftir. \u00d6z\u00e7elik, Sen Anlat Karadeniz dizisinin ard\u0131ndan 2022 y\u0131l\u0131nda yine ATV ekranlar\u0131nda izleyici ile bulu\u015fan \u201cYaln\u0131z Kurt\u201d dizisinde \u201cPolis Ahmet\u201d karakterine can vermi\u015f ve ba\u015far\u0131l\u0131 oyunculu\u011fuyla ad\u0131ndan s\u00f6z ettirmi\u015ftir.<\/p>\n<h3>ZEMB\u0130LL\u0130 D\u0130Z\u0130S\u0130YLE \u0130ZLEY\u0130C\u0130 KAR\u015eISINA \u00c7IKIYOR!<\/h3>\n<p>Son olarak yine ATV ekranlar\u0131nda yay\u0131mlanan \u201cK\u00f6r Nokta\u201d dizisiyle izleyici kar\u015f\u0131s\u0131na \u00e7\u0131kan Hilmi \u00d6z\u00e7elik, dizinin k\u0131sa s\u00fcrmesinin ard\u0131ndan yeni projelere y\u00f6nelmi\u015ftir. \u015eimdiler ATV ekranlar\u0131nda izleyici ile bulu\u015fmaya haz\u0131rlanan \u201cZembilli\u201d dizisinde boy g\u00f6sterecek \u00d6z\u00e7elik\u2019in oyunculuk performans\u0131 da merak ediliyor. Hem konusuyla hem de g\u00fc\u00e7l\u00fc oyuncu kadrosuyla izleyici ile bulu\u015fmaya haz\u0131rlanan Zembilli dizisi seyirci taraf\u0131ndan merakla bekleniyor.<\/p>\n<p><img loading=\"lazy\" decoding=\"async\" class=\"alignnone wp-image-111116\" src=\"https:\/\/www.tgrthaber.com\/mavikadin\/wp-content\/uploads\/Adsiz-tasarim-2024-12-23T155742.994-1024x576.jpg\" alt=\"Zembilli dizisinin ba\u015far\u0131l\u0131 oyuncusu Hilmi \u00d6z\u00e7elik kimdir? \" width=\"1208\" height=\"680\" title=\"\" srcset=\"https:\/\/www.tgrthaber.com\/mavikadin\/wp-content\/uploads\/Adsiz-tasarim-2024-12-23T155742.994-1024x576.jpg 1024w, https:\/\/www.tgrthaber.com\/mavikadin\/wp-content\/uploads\/Adsiz-tasarim-2024-12-23T155742.994-300x169.jpg 300w, https:\/\/www.tgrthaber.com\/mavikadin\/wp-content\/uploads\/Adsiz-tasarim-2024-12-23T155742.994-768x432.jpg 768w, https:\/\/www.tgrthaber.com\/mavikadin\/wp-content\/uploads\/Adsiz-tasarim-2024-12-23T155742.994-1536x864.jpg 1536w, https:\/\/www.tgrthaber.com\/mavikadin\/wp-content\/uploads\/Adsiz-tasarim-2024-12-23T155742.994.jpg 1600w\" sizes=\"(max-width: 1208px) 100vw, 1208px\" \/><\/p>\n<h3>H\u0130LM\u0130 \u00d6Z\u00c7EL\u0130K\u2019\u0130N ROL ALDI\u011eI D\u0130Z\u0130 VE F\u0130LMLER<\/h3>\n<p>K\u00f6r Nokta \u2013 2024<\/p>\n<p>Pigment (Sinema Filmi) &#8211; 2022<\/p>\n<p>Yaln\u0131z Kurt \u2013 2022<\/p>\n<p>Dersaadet Apartman\u0131 (Sinema Filmi) \u2013 2020<\/p>\n<p>Sen Anlat Karadeniz \u2013 2018-2019<\/p>\n<p>K\u0131z Karde\u015fler (Sinema Filmi) \u2013 2019<\/p>\n<p>Maide&#8217;nin Alt\u0131n G\u00fcn\u00fc (Sinema Filmi) \u2013 2017<\/p>\n<p>\u00c7etin Ceviz 2 (Sinema Filmi) \u2013 2016<\/p>\n<p>Ek\u015fi Elmalar (Sinema Filmi) \u2013 2016<\/p>\n<p>Yok Art\u0131k! 2 (Sinema Filmi) \u2013 2016<\/p>\n<p>Yok Art\u0131k (Sinema Filmi) \u2013 2015<\/p>\n<p>Tutar m\u0131 Tutar \u2013 2015<\/p>\n<p>\u00c7ar\u015f\u0131 Pazar (Sinema Filmi) \u2013 2015<\/p>\n<p>Bana Masal Anlatma (Sinema Filmi) \u2013 2015<\/p>\n<p>Kar\u0131\u015f\u0131k Kaset (Sinema Filmi) \u2013 2014<\/p>\n<p>K\u00fc\u00e7\u00fck A\u011fa \u2013 2014<\/p>\n<p>Bensiz (Sinema Filmi) \u2013 2014<\/p>\n<p>Silsile (Sinema Filmi) \u2013 2014<\/p>\n<p>Okul: Hayal Bile Etme (Sinema Filmi) \u2013 2014<\/p>\n<p>Y\u00fcre\u011fine Sor (Sinema Filmi) \u2013 2010<\/p>\n<p>Sunshine from Where the Darkness Comes (K\u0131sa Video Film) \u2013 2009<\/p>\n<p>Arka Sokaklar \u2013 2008<\/p>\n<p>Last Decision (K\u0131sa Film) \u2013 2007<\/p>\n<p>Eksi 18 \u2013 2006<\/p>\n<p>Hac\u0131 \u2013 2006<\/p>\n<p>Eve Giden Yol 1914 (Sinema Filmi) \u2013 2006<\/p>\n<p>Son Bir Nefes \u0130\u00e7in (K\u0131sa Film) \u2013 2005<\/p>\n<p>Z\u00fcmr\u00fct \u2013 2004<\/p>\n","protected":false},"excerpt":{"rendered":"<p>ATV ekranlar\u0131nda seyirci ile bulu\u015fmaya haz\u0131rlanan Zembilli dizisi hem konusu hem de oyuncu kadrosuyla olduk\u00e7a merak ediliyor. Dizide yer alan oyuncular\u0131n \u00f6zel hayatlar\u0131 da merak ediliyor. Peki, dizinin ba\u015far\u0131l\u0131 oyuncular\u0131ndan Hilmi \u00d6z\u00e7elik kimdir? \u0130\u015fte detaylar\u2026 <\/p>\n","protected":false},"author":26,"featured_media":111117,"comment_status":"closed","ping_status":"closed","sticky":false,"template":"","format":"standard","meta":{"rank_math_lock_modified_date":false,"footnotes":""},"categories":[491],"tags":[5629,4317,5497],"class_list":["post-111109","post","type-post","status-publish","format-standard","has-post-thumbnail","hentry","category-biyografi","tag-hilmi-ozcelik","tag-zembilli","tag-zembilli-dizi"],"_links":{"self":[{"href":"https:\/\/www.tgrthaber.com\/mavikadin\/wp-json\/wp\/v2\/posts\/111109"}],"collection":[{"href":"https:\/\/www.tgrthaber.com\/mavikadin\/wp-json\/wp\/v2\/posts"}],"about":[{"href":"https:\/\/www.tgrthaber.com\/mavikadin\/wp-json\/wp\/v2\/types\/post"}],"author":[{"embeddable":true,"href":"https:\/\/www.tgrthaber.com\/mavikadin\/wp-json\/wp\/v2\/users\/26"}],"replies":[{"embeddable":true,"href":"https:\/\/www.tgrthaber.com\/mavikadin\/wp-json\/wp\/v2\/comments?post=111109"}],"version-history":[{"count":1,"href":"https:\/\/www.tgrthaber.com\/mavikadin\/wp-json\/wp\/v2\/posts\/111109\/revisions"}],"predecessor-version":[{"id":111119,"href":"https:\/\/www.tgrthaber.com\/mavikadin\/wp-json\/wp\/v2\/posts\/111109\/revisions\/111119"}],"wp:featuredmedia":[{"embeddable":true,"href":"https:\/\/www.tgrthaber.com\/mavikadin\/wp-json\/wp\/v2\/media\/111117"}],"wp:attachment":[{"href":"https:\/\/www.tgrthaber.com\/mavikadin\/wp-json\/wp\/v2\/media?parent=111109"}],"wp:term":[{"taxonomy":"category","embeddable":true,"href":"https:\/\/www.tgrthaber.com\/mavikadin\/wp-json\/wp\/v2\/categories?post=111109"},{"taxonomy":"post_tag","embeddable":true,"href":"https:\/\/www.tgrthaber.com\/mavikadin\/wp-json\/wp\/v2\/tags?post=111109"}],"curies":[{"name":"wp","href":"https:\/\/api.w.org\/{rel}","templated":true}]}}