{"id":111394,"date":"2024-12-24T00:09:10","date_gmt":"2024-12-23T21:09:10","guid":{"rendered":"https:\/\/www.tgrthaber.com\/mavikadin\/?p=111394"},"modified":"2024-12-24T00:18:05","modified_gmt":"2024-12-23T21:18:05","slug":"hazal-kaya-fitik-ameliyati-oldu-15-yildir-canima-kastediyordu-paylasimi-dikkat-cekti","status":"publish","type":"post","link":"https:\/\/www.tgrthaber.com\/mavikadin\/hazal-kaya-fitik-ameliyati-oldu-15-yildir-canima-kastediyordu-paylasimi-dikkat-cekti\/","title":{"rendered":"Hazal Kaya f\u0131t\u0131k ameliyat\u0131 oldu! &#8216;1,5 y\u0131ld\u0131r can\u0131ma kastediyordu&#8217; payla\u015f\u0131m\u0131 dikkat \u00e7ekti"},"content":{"rendered":"<p class=\"p1\">\u00dcnl\u00fc oyuncu Hazal Kaya, sosyal medya hesab\u0131ndan yapt\u0131\u011f\u0131 bir payla\u015f\u0131mla f\u0131t\u0131k ameliyat\u0131 oldu\u011funu takip\u00e7ileriyle payla\u015ft\u0131. Uzun s\u00fcredir ya\u015fad\u0131\u011f\u0131 a\u011fr\u0131lar nedeniyle zorlu bir s\u00fcre\u00e7 ge\u00e7irdi\u011fini belirten Kaya, &#8220;1,5 y\u0131ld\u0131r can\u0131ma kastediyordu&#8221; s\u00f6zleriyle ya\u015fad\u0131\u011f\u0131 rahats\u0131zl\u0131\u011f\u0131n ciddiyetini dile getirdi. Ameliyat\u0131n\u0131n ba\u015far\u0131l\u0131 ge\u00e7ti\u011fini ve sa\u011fl\u0131k durumunun iyiye gitti\u011fini aktaran oyuncuya sosyal medyada hayranlar\u0131ndan ve meslekta\u015flar\u0131ndan &#8216;ge\u00e7mi\u015f olsun&#8217; mesajlar\u0131 ya\u011fd\u0131. Hayranlar\u0131, oyuncunun k\u0131sa s\u00fcrede sa\u011fl\u0131\u011f\u0131na kavu\u015fmas\u0131 i\u00e7in iyi dileklerini ilettti.<\/p>\n<h3>HAZAL KAYA FITIK AMEL\u0130YATI OLDU<\/h3>\n<p class=\"p1\">\u00dcnl\u00fc oyuncu Hazal Kaya, sosyal medya hesab\u0131ndan yapt\u0131\u011f\u0131 samimi bir a\u00e7\u0131klamayla f\u0131t\u0131k ameliyat\u0131 oldu\u011funu duyurdu. Uzun zamand\u0131r ciddi a\u011fr\u0131larla m\u00fccadele etti\u011fini ifade eden Kaya, &#8220;1,5 y\u0131ld\u0131r adeta can\u0131ma kastediyordu&#8221; s\u00f6zleriyle ya\u015fad\u0131\u011f\u0131 s\u0131k\u0131nt\u0131n\u0131n boyutlar\u0131n\u0131 g\u00f6zler \u00f6n\u00fcne serdi. Ameliyat\u0131n\u0131n ba\u015far\u0131l\u0131 ge\u00e7ti\u011fini ve sa\u011fl\u0131k durumunun h\u0131zla iyile\u015fti\u011fini belirten oyuncu payla\u015f\u0131m\u0131nda, \u20182008-2009 civar\u0131 A\u015fk-\u0131 Memnu setinde tan\u0131\u015ft\u0131\u011f\u0131m \u00e7ok muhterem bel f\u0131t\u0131\u011f\u0131mla bug\u00fcn ani bir \u015fekilde ayr\u0131lmak zorunda kald\u0131k. 1,5 y\u0131ld\u0131r can\u0131ma kastediyordu, art\u0131k nihayet a\u011fr\u0131s\u0131z bir hayat\u0131m olacak diye umuyorum. Pardon oldu bile\u2019 ifadelerine yer verdi. Kaya\u2019n\u0131n bu payla\u015f\u0131m\u0131na k\u0131sa s\u00fcre i\u00e7erisinde hayranlar\u0131 ge\u00e7mi\u015f olsun mesajlar\u0131 ya\u011fd\u0131rd\u0131.<\/p>\n<p><img loading=\"lazy\" decoding=\"async\" class=\"alignnone wp-image-111404 size-full\" src=\"https:\/\/www.tgrthaber.com\/mavikadin\/wp-content\/uploads\/Hazal-Kaya-fitik-ameliyati-oldu-15-yildir-canima-kastediyordu-paylasimi-dikkat-cekti-.png\" alt=\"\" width=\"1208\" height=\"720\" title=\"\" srcset=\"https:\/\/www.tgrthaber.com\/mavikadin\/wp-content\/uploads\/Hazal-Kaya-fitik-ameliyati-oldu-15-yildir-canima-kastediyordu-paylasimi-dikkat-cekti-.png 1208w, https:\/\/www.tgrthaber.com\/mavikadin\/wp-content\/uploads\/Hazal-Kaya-fitik-ameliyati-oldu-15-yildir-canima-kastediyordu-paylasimi-dikkat-cekti--300x179.png 300w, https:\/\/www.tgrthaber.com\/mavikadin\/wp-content\/uploads\/Hazal-Kaya-fitik-ameliyati-oldu-15-yildir-canima-kastediyordu-paylasimi-dikkat-cekti--1024x610.png 1024w, https:\/\/www.tgrthaber.com\/mavikadin\/wp-content\/uploads\/Hazal-Kaya-fitik-ameliyati-oldu-15-yildir-canima-kastediyordu-paylasimi-dikkat-cekti--768x458.png 768w\" sizes=\"(max-width: 1208px) 100vw, 1208px\" \/><\/p>\n<h3>HAZAL KAYA K\u0130MD\u0130R, KA\u00c7 YA\u015eINDA?<\/h3>\n<p class=\"p1\">1990 do\u011fumlu Hazal Kaya, \u0130stanbul Balat&#8217;ta avukat bir ailede d\u00fcnyaya geldi. \u0130lkokul e\u011fitimini Gaziosmanpa\u015fa \u0130lk\u00f6\u011fretim Okulu&#8217;nda tamamlayan Kaya, lise e\u011fitimini \u0130stanbul \u0130talyan Lisesi&#8217;nde ald\u0131. 2009 y\u0131l\u0131nda ise \u0130stanbul Bilgi \u00dcniversitesi Sahne ve G\u00f6steri Sanatlar\u0131 Y\u00f6netimi, Performans b\u00f6l\u00fcm\u00fcne girdi. K\u00fc\u00e7\u00fck ya\u015flardan itibaren sanata olan ilgisiyle dikkat \u00e7eken Kaya, 4,5 ya\u015f\u0131nda keman \u00e7almaya ba\u015flam\u0131\u015f ve 7 ya\u015f\u0131nda bale dersleri almaya devam etmi\u015ftir.<\/p>\n<p><img loading=\"lazy\" decoding=\"async\" class=\"alignnone wp-image-111405 size-full\" src=\"https:\/\/www.tgrthaber.com\/mavikadin\/wp-content\/uploads\/Hazal-Kaya-fitik-ameliyati-oldu-15-yildir-canima-kastediyordu-paylasimi-dikkat-cekti-6.png\" alt=\"\" width=\"1208\" height=\"720\" title=\"\" srcset=\"https:\/\/www.tgrthaber.com\/mavikadin\/wp-content\/uploads\/Hazal-Kaya-fitik-ameliyati-oldu-15-yildir-canima-kastediyordu-paylasimi-dikkat-cekti-6.png 1208w, https:\/\/www.tgrthaber.com\/mavikadin\/wp-content\/uploads\/Hazal-Kaya-fitik-ameliyati-oldu-15-yildir-canima-kastediyordu-paylasimi-dikkat-cekti-6-300x179.png 300w, https:\/\/www.tgrthaber.com\/mavikadin\/wp-content\/uploads\/Hazal-Kaya-fitik-ameliyati-oldu-15-yildir-canima-kastediyordu-paylasimi-dikkat-cekti-6-1024x610.png 1024w, https:\/\/www.tgrthaber.com\/mavikadin\/wp-content\/uploads\/Hazal-Kaya-fitik-ameliyati-oldu-15-yildir-canima-kastediyordu-paylasimi-dikkat-cekti-6-768x458.png 768w\" sizes=\"(max-width: 1208px) 100vw, 1208px\" \/><\/p>\n<p class=\"p1\">Lise y\u0131llar\u0131nda okulun tiyatro kolu ve korosunda aktif olarak yer al\u0131rken, ayn\u0131 d\u00f6nemde ajanslara ba\u015fvurup katalog \u00e7ekimlerine kat\u0131lmaya ba\u015flad\u0131. Hazal Kaya&#8217;n\u0131n televizyon d\u00fcnyas\u0131na ad\u0131m atmas\u0131 ise 2006 y\u0131l\u0131na dayan\u0131yor; Cola Turka&#8217;n\u0131n reklam y\u00fcz\u00fc oldu ve 2006 y\u0131l\u0131nda Acemi Cad\u0131 dizisinde konuk oyuncu olarak Pelin karakterini oynad\u0131. 2007 y\u0131l\u0131nda ise Genco adl\u0131 dizide ba\u015frol oynayarak televizyon kariyerine h\u0131zl\u0131 bir giri\u015f yapt\u0131. Kaya&#8217;n\u0131n b\u00fcy\u00fck \u00e7\u0131k\u0131\u015f\u0131 ise Kanal D&#8217;de yay\u0131nlanan A\u015fk-\u0131 Memnu dizisinde Nihal Ziyagil karakteriydi. Sanat hayat\u0131na ders alarak devam eden Hazal Kaya, Ekol Drama&#8217;da Ayla Algan&#8217;dan, daha sonra ise \u00dcmit \u00c7\u0131rak&#8217;tan oyunculuk e\u011fitimi ald\u0131. T\u00fcrk\u00e7e d\u0131\u015f\u0131nda \u0130ngilizce, \u0130talyanca ve Almanca dillerini de ba\u015far\u0131l\u0131 bir \u015fekilde konu\u015fabilmektedir.<\/p>\n","protected":false},"excerpt":{"rendered":"<p>\u00dcnl\u00fc oyuncu Hazal Kaya, sosyal medya hesab\u0131ndan yapt\u0131\u011f\u0131 payla\u015f\u0131mla f\u0131t\u0131k ameliyat\u0131 ge\u00e7irdi\u011fini duyurdu. Bir bu\u00e7uk y\u0131ld\u0131r s\u00fcren \u015fiddetli a\u011fr\u0131larla m\u00fccadele etti\u011fini belirten Kaya, rahats\u0131zl\u0131\u011f\u0131n\u0131n ciddiyetine dikkat \u00e7ekti.<\/p>\n","protected":false},"author":16,"featured_media":111408,"comment_status":"closed","ping_status":"closed","sticky":false,"template":"","format":"standard","meta":{"rank_math_lock_modified_date":false,"footnotes":""},"categories":[76],"tags":[5742,5743],"class_list":["post-111394","post","type-post","status-publish","format-standard","has-post-thumbnail","hentry","category-magazin","tag-hazal-kaya-fitik-ameliyati","tag-hazal-kaya-kimdir"],"_links":{"self":[{"href":"https:\/\/www.tgrthaber.com\/mavikadin\/wp-json\/wp\/v2\/posts\/111394"}],"collection":[{"href":"https:\/\/www.tgrthaber.com\/mavikadin\/wp-json\/wp\/v2\/posts"}],"about":[{"href":"https:\/\/www.tgrthaber.com\/mavikadin\/wp-json\/wp\/v2\/types\/post"}],"author":[{"embeddable":true,"href":"https:\/\/www.tgrthaber.com\/mavikadin\/wp-json\/wp\/v2\/users\/16"}],"replies":[{"embeddable":true,"href":"https:\/\/www.tgrthaber.com\/mavikadin\/wp-json\/wp\/v2\/comments?post=111394"}],"version-history":[{"count":3,"href":"https:\/\/www.tgrthaber.com\/mavikadin\/wp-json\/wp\/v2\/posts\/111394\/revisions"}],"predecessor-version":[{"id":111414,"href":"https:\/\/www.tgrthaber.com\/mavikadin\/wp-json\/wp\/v2\/posts\/111394\/revisions\/111414"}],"wp:featuredmedia":[{"embeddable":true,"href":"https:\/\/www.tgrthaber.com\/mavikadin\/wp-json\/wp\/v2\/media\/111408"}],"wp:attachment":[{"href":"https:\/\/www.tgrthaber.com\/mavikadin\/wp-json\/wp\/v2\/media?parent=111394"}],"wp:term":[{"taxonomy":"category","embeddable":true,"href":"https:\/\/www.tgrthaber.com\/mavikadin\/wp-json\/wp\/v2\/categories?post=111394"},{"taxonomy":"post_tag","embeddable":true,"href":"https:\/\/www.tgrthaber.com\/mavikadin\/wp-json\/wp\/v2\/tags?post=111394"}],"curies":[{"name":"wp","href":"https:\/\/api.w.org\/{rel}","templated":true}]}}