{"id":111432,"date":"2024-12-24T01:16:33","date_gmt":"2024-12-23T22:16:33","guid":{"rendered":"https:\/\/www.tgrthaber.com\/mavikadin\/?p=111432"},"modified":"2024-12-24T14:11:50","modified_gmt":"2024-12-24T11:11:50","slug":"kizilcik-serbetinde-gorkem-felaketi-hem-kendi-oldu-hem-de-digerleri","status":"publish","type":"post","link":"https:\/\/www.tgrthaber.com\/mavikadin\/kizilcik-serbetinde-gorkem-felaketi-hem-kendi-oldu-hem-de-digerleri\/","title":{"rendered":"K\u0131z\u0131lc\u0131k \u015eerbeti&#8217;nde G\u00f6rkem felaketi! Hem kendi \u00f6ld\u00fc hem de di\u011ferleri"},"content":{"rendered":"<p>Cuma ak\u015fam\u0131 K\u0131z\u0131lc\u0131k \u015eerbeti, tansiyonu y\u00fcksek bir b\u00f6l\u00fcmle ekranlara damgas\u0131n\u0131 vurdu. G\u00f6rkem karakterinin (\u00d6zge \u00d6zacar) yapt\u0131\u011f\u0131 planlar\u0131n a\u00e7\u0131\u011fa \u00e7\u0131kmas\u0131 ve kontrolden \u00e7\u0131kan \u00f6fkesi diziyi adeta kaosa s\u00fcr\u00fckledi. Dizinin yeni b\u00f6l\u00fcm\u00fcnde ya\u015fananlar izleyicilere b\u00fcy\u00fck bir \u015fok ya\u015fatacak.<\/p>\n<h3>KIZILCIK \u015eERBET\u0130&#8217;NDE G\u00d6RMEK FELAKET\u0130<\/h3>\n<p>K\u0131z\u0131lc\u0131k \u015eerbeti yeni b\u00f6l\u00fcm fragman\u0131nda yer alan detaylar, G\u00f6rkem\u2019in \u00e7\u0131kard\u0131\u011f\u0131 yang\u0131nda 4 ki\u015finin \u00f6ld\u00fc\u011f\u00fcn\u00fc, 4 ki\u015finin a\u011f\u0131r, toplam 9 ki\u015finin yaraland\u0131\u011f\u0131n\u0131 g\u00f6steriyor.<\/p>\n<p>Son b\u00f6l\u00fcmde G\u00f6rkem\u2019in vedas\u0131 kesinle\u015firken, kimlerin diziden ayr\u0131laca\u011f\u0131 sorusunu da g\u00fcndeme getirdi.<\/p>\n<p><img loading=\"lazy\" decoding=\"async\" class=\"alignnone wp-image-111434\" src=\"https:\/\/www.tgrthaber.com\/mavikadin\/wp-content\/uploads\/gorkem-1.jpg\" alt=\"\" width=\"740\" height=\"416\" title=\"\" srcset=\"https:\/\/www.tgrthaber.com\/mavikadin\/wp-content\/uploads\/gorkem-1.jpg 1120w, https:\/\/www.tgrthaber.com\/mavikadin\/wp-content\/uploads\/gorkem-1-300x169.jpg 300w, https:\/\/www.tgrthaber.com\/mavikadin\/wp-content\/uploads\/gorkem-1-1024x576.jpg 1024w, https:\/\/www.tgrthaber.com\/mavikadin\/wp-content\/uploads\/gorkem-1-768x432.jpg 768w\" sizes=\"(max-width: 740px) 100vw, 740px\" \/><\/p>\n<h3>G\u00d6RKEM&#8217;\u0130N HA\u0130N PLANI ORTAYA \u00c7IKTI<\/h3>\n<p>Do\u011fa ve Fatih\u2019in yeniden bir araya gelmesiyle ba\u015flayan gerilim, G\u00f6rkem\u2019in y\u0131k\u0131c\u0131 hamlesiyle zirveye ula\u015ft\u0131. Fatih\u2019in ailesine kar\u015f\u0131 yapt\u0131\u011f\u0131 oyunlar\u0131 ortaya \u00e7\u0131kan G\u00f6rkem, ger\u00e7eklerin ortaya \u00e7\u0131kmas\u0131n\u0131 hazmedemedi. Ya\u015fananlar kar\u015f\u0131s\u0131nda \u00e7\u0131lg\u0131na d\u00f6nen G\u00f6rkem, Do\u011fa ve Fatih&#8217;in ailelerini bir araya getiren y\u0131lba\u015f\u0131 etkinli\u011finde ak\u0131llara durgunluk veren bir olaya imza att\u0131<\/p>\n<p>Etkinlik alan\u0131n\u0131 ate\u015fe veren G\u00f6rkem, yaln\u0131zca kendini de\u011fil, \u00e7evresindeki herkesi tehlikeye att\u0131. G\u00f6rkem\u2019in bu olayda \u00f6lece\u011fi zaten biliniyordu, ancak fragmanda a\u00e7\u0131klanan \u00f6l\u00fc say\u0131s\u0131 ve yaral\u0131lar, diziden ayr\u0131lan isimlerin kimlerin olaca\u011f\u0131na dair meraklar\u0131 art\u0131rd\u0131.<\/p>\n<!--[if lt IE 9]><script>document.createElement('video');<\/script><![endif]-->\n\t<div class=\"wp-playlist wp-video-playlist wp-playlist-light\">\n\t\t<video controls=\"controls\" preload=\"none\" width=\"618\"\n\t\t height=\"348\"\t><\/video>\n\t<div class=\"wp-playlist-next\"><\/div>\n\t<div class=\"wp-playlist-prev\"><\/div>\n\t<noscript>\n\t<ol>\n\t\t<li><a href='https:\/\/www.tgrthaber.com\/mavikadin\/wp-content\/uploads\/kizilcik-serbeti-4.mp4'>k\u0131z\u0131lc\u0131k \u015ferbeti<\/a><\/li>\t<\/ol>\n\t<\/noscript>\n\t<script type=\"application\/json\" class=\"wp-playlist-script\">{\"type\":\"video\",\"tracklist\":true,\"tracknumbers\":true,\"images\":true,\"artists\":true,\"tracks\":[{\"src\":\"https:\\\/\\\/www.tgrthaber.com\\\/mavikadin\\\/wp-content\\\/uploads\\\/kizilcik-serbeti-4.mp4\",\"type\":\"video\\\/mp4\",\"title\":\"k\\u0131z\\u0131lc\\u0131k \\u015ferbeti\",\"caption\":\"\",\"description\":\"\",\"meta\":{\"length_formatted\":\"0:54\"},\"dimensions\":{\"original\":{\"width\":640,\"height\":360},\"resized\":{\"width\":618,\"height\":348}},\"image\":{\"src\":\"https:\\\/\\\/www.tgrthaber.com\\\/mavikadin\\\/wp-includes\\\/images\\\/media\\\/video.svg\",\"width\":48,\"height\":64},\"thumb\":{\"src\":\"https:\\\/\\\/www.tgrthaber.com\\\/mavikadin\\\/wp-includes\\\/images\\\/media\\\/video.svg\",\"width\":48,\"height\":64}}]}<\/script>\n<\/div>\n\t\n<h3>KIZILCIK \u015eERBET\u0130&#8217;NDEN K\u0130MLER G\u0130D\u0130YOR?<\/h3>\n<p>K\u0131z\u0131lc\u0131k \u015eerbeti yeni b\u00f6l\u00fcm fragman\u0131nda 4 ki\u015finin \u00f6ld\u00fc\u011f\u00fc s\u00f6ylenirken bu \u00f6l\u00fcmler dizinin kadrosunda b\u00fcy\u00fck de\u011fi\u015fikliklerin ya\u015fanaca\u011f\u0131n\u0131n sinyalini veriyor. K\u0131z\u0131lc\u0131k \u015eerbeti&#8217;nde G\u00f6rkem karakterini oynayan \u00d6zge \u00d6zacar d\u0131\u015f\u0131nda hangi oyuncular\u0131n diziye veda edece\u011fi ilerleyen b\u00f6l\u00fcmlerde yan\u0131t bulacak.<\/p>\n<p><img loading=\"lazy\" decoding=\"async\" class=\"alignnone wp-image-111435\" src=\"https:\/\/www.tgrthaber.com\/mavikadin\/wp-content\/uploads\/ozge-ozacar.jpg\" alt=\"\" width=\"711\" height=\"400\" title=\"\" srcset=\"https:\/\/www.tgrthaber.com\/mavikadin\/wp-content\/uploads\/ozge-ozacar.jpg 1280w, https:\/\/www.tgrthaber.com\/mavikadin\/wp-content\/uploads\/ozge-ozacar-300x169.jpg 300w, https:\/\/www.tgrthaber.com\/mavikadin\/wp-content\/uploads\/ozge-ozacar-1024x576.jpg 1024w, https:\/\/www.tgrthaber.com\/mavikadin\/wp-content\/uploads\/ozge-ozacar-768x432.jpg 768w\" sizes=\"(max-width: 711px) 100vw, 711px\" \/><\/p>\n<h3>\u00d6ZGE \u00d6ZACAR K\u0130MD\u0130R?<\/h3>\n<p>G\u00f6rkem karakterine hayat veren \u00d6zge \u00d6zacar, yetenekli oyunculu\u011fuyla dizinin en dikkat \u00e7eken isimlerinden biri oldu.<\/p>\n<p>22 Nisan 1995 y\u0131l\u0131nda \u0130stanbul&#8217;da do\u011fan \u00d6zge \u00d6zacar Marmara \u00dcniversitesi \u0130leti\u015fim Fak\u00fcltesi mezunu.<\/p>\n<p>\u0130ngilizce ve Frans\u0131zca bilen \u00d6zacar, may\u0131s ay\u0131nda Cannes Film Festivali\u2019nde k\u0131rm\u0131z\u0131 hal\u0131da boy g\u00f6stererek uluslararas\u0131 arenada da ad\u0131ndan s\u00f6z ettirdi.<\/p>\n<p>Tatl\u0131 K\u00fc\u00e7\u00fck Yalanc\u0131lar (2015) \u2013 M\u00fcge<br \/>\nOyunbozan (2016) \u2013 Zeynep<br \/>\nLise Devriyesi (2017) \u2013 Meltem<br \/>\nMeryem (2017-2018) \u2013 Naz Sargun<br \/>\nSevgili Ge\u00e7mi\u015f (2019) \u2013 Azra Y\u0131lmaz<br \/>\nKefaret (2020-2021) \u2013 Meltem Serez<br \/>\nBaba (2022) \u2013 Cansu<br \/>\nK\u0131smet (2023 &#8211; devam ediyor) \u2013 Melike<\/p>\n<p><img loading=\"lazy\" decoding=\"async\" class=\"alignnone wp-image-111437\" src=\"https:\/\/www.tgrthaber.com\/mavikadin\/wp-content\/uploads\/fa421764cec893a0bce47b99c4684bce_840-1.jpg\" alt=\"\" width=\"725\" height=\"483\" title=\"\" srcset=\"https:\/\/www.tgrthaber.com\/mavikadin\/wp-content\/uploads\/fa421764cec893a0bce47b99c4684bce_840-1.jpg 840w, https:\/\/www.tgrthaber.com\/mavikadin\/wp-content\/uploads\/fa421764cec893a0bce47b99c4684bce_840-1-300x200.jpg 300w, https:\/\/www.tgrthaber.com\/mavikadin\/wp-content\/uploads\/fa421764cec893a0bce47b99c4684bce_840-1-768x512.jpg 768w\" sizes=\"(max-width: 725px) 100vw, 725px\" \/><\/p>\n","protected":false},"excerpt":{"rendered":"<p>K\u0131z\u0131lc\u0131k \u015eerbeti&#8217;nde G\u00f6rkem&#8217;in hain planlar\u0131n\u0131n ortaya \u00e7\u0131k\u0131\u015f\u0131 ve ard\u0131ndan ya\u015fananlar diziyi kaosa s\u00fcr\u00fckledi. Etkinlik alan\u0131nda \u00e7\u0131kan yang\u0131nda 4 ki\u015fi \u00f6ld\u00fc, 9 ki\u015fi ise yaraland\u0131. G\u00f6rkem\u2019in diziye veda edece\u011fi yeni b\u00f6l\u00fcmde, di\u011fer 3 karakterin kimler oldu\u011fu merak konusu oldu. Peki K\u0131z\u0131lc\u0131k \u015eerbeti&#8217;nde kimler \u00f6ld\u00fc? <\/p>\n","protected":false},"author":4,"featured_media":111438,"comment_status":"closed","ping_status":"closed","sticky":false,"template":"","format":"standard","meta":{"rank_math_lock_modified_date":false,"footnotes":""},"categories":[602],"tags":[158,157,3645,136],"class_list":["post-111432","post","type-post","status-publish","format-standard","has-post-thumbnail","hentry","category-diziler","tag-fragman","tag-kizilcik-serbeti","tag-ozge-ozacar","tag-yeni-bolum"],"_links":{"self":[{"href":"https:\/\/www.tgrthaber.com\/mavikadin\/wp-json\/wp\/v2\/posts\/111432"}],"collection":[{"href":"https:\/\/www.tgrthaber.com\/mavikadin\/wp-json\/wp\/v2\/posts"}],"about":[{"href":"https:\/\/www.tgrthaber.com\/mavikadin\/wp-json\/wp\/v2\/types\/post"}],"author":[{"embeddable":true,"href":"https:\/\/www.tgrthaber.com\/mavikadin\/wp-json\/wp\/v2\/users\/4"}],"replies":[{"embeddable":true,"href":"https:\/\/www.tgrthaber.com\/mavikadin\/wp-json\/wp\/v2\/comments?post=111432"}],"version-history":[{"count":2,"href":"https:\/\/www.tgrthaber.com\/mavikadin\/wp-json\/wp\/v2\/posts\/111432\/revisions"}],"predecessor-version":[{"id":111607,"href":"https:\/\/www.tgrthaber.com\/mavikadin\/wp-json\/wp\/v2\/posts\/111432\/revisions\/111607"}],"wp:featuredmedia":[{"embeddable":true,"href":"https:\/\/www.tgrthaber.com\/mavikadin\/wp-json\/wp\/v2\/media\/111438"}],"wp:attachment":[{"href":"https:\/\/www.tgrthaber.com\/mavikadin\/wp-json\/wp\/v2\/media?parent=111432"}],"wp:term":[{"taxonomy":"category","embeddable":true,"href":"https:\/\/www.tgrthaber.com\/mavikadin\/wp-json\/wp\/v2\/categories?post=111432"},{"taxonomy":"post_tag","embeddable":true,"href":"https:\/\/www.tgrthaber.com\/mavikadin\/wp-json\/wp\/v2\/tags?post=111432"}],"curies":[{"name":"wp","href":"https:\/\/api.w.org\/{rel}","templated":true}]}}