{"id":111454,"date":"2024-12-24T02:08:15","date_gmt":"2024-12-23T23:08:15","guid":{"rendered":"https:\/\/www.tgrthaber.com\/mavikadin\/?p=111454"},"modified":"2024-12-24T02:10:51","modified_gmt":"2024-12-23T23:10:51","slug":"kizil-goncalarin-zeynepi-mina-demirtasin-gercek-yasi-sosyal-medyayi-salladi","status":"publish","type":"post","link":"https:\/\/www.tgrthaber.com\/mavikadin\/kizil-goncalarin-zeynepi-mina-demirtasin-gercek-yasi-sosyal-medyayi-salladi\/","title":{"rendered":"K\u0131z\u0131l Goncalar\u2019\u0131n Zeynep\u2019i Mina Demirta\u015f&#8217;\u0131n ger\u00e7ek ya\u015f\u0131 sosyal medyay\u0131 sallad\u0131"},"content":{"rendered":"<p>K\u0131z\u0131l Goncalar dizisinde Zeynep karakterine hayat veren Mina Demirta\u015f, ba\u015far\u0131l\u0131 oyunculu\u011fu ve etkileyici performans\u0131yla dikkat \u00e7ekiyor. Gen\u00e7 ya\u015f\u0131nda elde etti\u011fi ba\u015far\u0131larla hayran kitlesini geni\u015fleten Demirta\u015f\u2019\u0131n ger\u00e7ek ya\u015f\u0131 ve hayat\u0131 ile ilgili detaylar merak edilen konular aras\u0131nda.<\/p>\n<h3>KIZIL GONCALAR&#8217;IN ZEYNEP&#8217;\u0130 M\u0130NA DEM\u0130RTA\u015e&#8217;IN GER\u00c7EK YA\u015eI<\/h3>\n<p>19 \u015eubat 2005 do\u011fumlu olan Mina Demirta\u015f, \u015fu anda 18 ya\u015f\u0131nda. Hen\u00fcz lise \u00f6\u011frenimini s\u00fcrd\u00fcren gen\u00e7 oyuncu, kariyerine \u00e7ocuk ya\u015fta ad\u0131m att\u0131 ve k\u0131sa s\u00fcrede sekt\u00f6rde ad\u0131ndan s\u00f6z ettirmeyi ba\u015fard\u0131.<\/p>\n<p>Mina Demirta\u015f, 2021 y\u0131l\u0131nda \u201cAkif\u201d filminde Suad karakteriyle sinema d\u00fcnyas\u0131na ad\u0131m att\u0131. 2022\u2019de \u201cKabahat\u201d filminde Reyhan karakteriyle ilk ba\u015frol deneyimini ya\u015fad\u0131 ve bu performans\u0131yla 2022 Uluslararas\u0131 Adana Alt\u0131n Koza Film Festivali\u2019nde \u201cUmut Veren Gen\u00e7 Kad\u0131n Oyuncu\u201d \u00f6d\u00fcl\u00fcne lay\u0131k g\u00f6r\u00fcld\u00fc.<\/p>\n<p><img loading=\"lazy\" decoding=\"async\" class=\"alignnone wp-image-111455\" src=\"https:\/\/www.tgrthaber.com\/mavikadin\/wp-content\/uploads\/Ekran-goruntusu-2024-12-24-015658.png\" alt=\"\" width=\"793\" height=\"446\" title=\"\" srcset=\"https:\/\/www.tgrthaber.com\/mavikadin\/wp-content\/uploads\/Ekran-goruntusu-2024-12-24-015658.png 973w, https:\/\/www.tgrthaber.com\/mavikadin\/wp-content\/uploads\/Ekran-goruntusu-2024-12-24-015658-300x169.png 300w, https:\/\/www.tgrthaber.com\/mavikadin\/wp-content\/uploads\/Ekran-goruntusu-2024-12-24-015658-768x432.png 768w\" sizes=\"(max-width: 793px) 100vw, 793px\" \/><\/p>\n<p>2023\u2019te ise \u201cBeraber\u201d filminde Azra karakterini canland\u0131ran Demirta\u015f, ayn\u0131 y\u0131l yay\u0131nlanmaya ba\u015flayan K\u0131z\u0131l Goncalar dizisinde ba\u015frol oynayarak kariyerinde b\u00fcy\u00fck bir \u00e7\u0131k\u0131\u015f yapt\u0131.<\/p>\n<p>2021: Akif \u2013 Suad<\/p>\n<p>2022: Kabahat \u2013 Reyhan (Ba\u015frol)<\/p>\n<p>2023: Beraber \u2013 Azra<\/p>\n<p>2023-2024: K\u0131z\u0131l Goncalar \u2013 Zeynep (Ba\u015frol)<\/p>\n<p>\u0130stanbul\u2019da do\u011fup b\u00fcy\u00fcyen Mina Demirta\u015f, \u00f6zel hayat\u0131n\u0131 g\u00f6z \u00f6n\u00fcnde ya\u015famaktan ka\u00e7\u0131n\u0131yor. Sosyal medya platformlar\u0131nda aktif olan oyuncu, Instagram hesab\u0131 @mina_dmrts \u00fczerinden genellikle tatil, set arkas\u0131 anlar ve g\u00fcnl\u00fck ya\u015fam\u0131ndan foto\u011fraflar payla\u015fmaktad\u0131r.<\/p>\n<p><img loading=\"lazy\" decoding=\"async\" class=\"alignnone wp-image-111456\" src=\"https:\/\/www.tgrthaber.com\/mavikadin\/wp-content\/uploads\/Ekran-goruntusu-2024-12-24-015717.png\" alt=\"\" width=\"749\" height=\"408\" title=\"\" srcset=\"https:\/\/www.tgrthaber.com\/mavikadin\/wp-content\/uploads\/Ekran-goruntusu-2024-12-24-015717.png 1177w, https:\/\/www.tgrthaber.com\/mavikadin\/wp-content\/uploads\/Ekran-goruntusu-2024-12-24-015717-300x163.png 300w, https:\/\/www.tgrthaber.com\/mavikadin\/wp-content\/uploads\/Ekran-goruntusu-2024-12-24-015717-1024x558.png 1024w, https:\/\/www.tgrthaber.com\/mavikadin\/wp-content\/uploads\/Ekran-goruntusu-2024-12-24-015717-768x418.png 768w\" sizes=\"(max-width: 749px) 100vw, 749px\" \/><\/p>\n<p>Demirta\u015f, bo\u015f zamanlar\u0131nda kitap okumay\u0131, m\u00fczik dinlemeyi ve arkada\u015flar\u0131yla vakit ge\u00e7irmeyi seviyor. Gen\u00e7 ya\u015fta yakalad\u0131\u011f\u0131 ba\u015far\u0131n\u0131n yan\u0131 s\u0131ra \u00f6zg\u00fcn tarz\u0131yla da dikkat \u00e7eken oyuncu, sa\u00e7 modelleri ve k\u0131yafet se\u00e7imleriyle hayranlar\u0131n\u0131n be\u011fenisini topluyor.<\/p>\n<!--[if lt IE 9]><script>document.createElement('video');<\/script><![endif]-->\n\t<div class=\"wp-playlist wp-video-playlist wp-playlist-light\">\n\t\t<video controls=\"controls\" preload=\"none\" width=\"618\"\n\t\t height=\"348\"\t><\/video>\n\t<div class=\"wp-playlist-next\"><\/div>\n\t<div class=\"wp-playlist-prev\"><\/div>\n\t<noscript>\n\t<ol>\n\t\t<li><a href='https:\/\/www.tgrthaber.com\/mavikadin\/wp-content\/uploads\/kizil-goncalar-fragman.mp4'>k\u0131z\u0131l goncalar fragman<\/a><\/li>\t<\/ol>\n\t<\/noscript>\n\t<script type=\"application\/json\" class=\"wp-playlist-script\">{\"type\":\"video\",\"tracklist\":true,\"tracknumbers\":true,\"images\":true,\"artists\":true,\"tracks\":[{\"src\":\"https:\\\/\\\/www.tgrthaber.com\\\/mavikadin\\\/wp-content\\\/uploads\\\/kizil-goncalar-fragman.mp4\",\"type\":\"video\\\/mp4\",\"title\":\"k\\u0131z\\u0131l goncalar fragman\",\"caption\":\"\",\"description\":\"\",\"meta\":{\"length_formatted\":\"0:48\"},\"dimensions\":{\"original\":{\"width\":640,\"height\":360},\"resized\":{\"width\":618,\"height\":348}},\"image\":{\"src\":\"https:\\\/\\\/www.tgrthaber.com\\\/mavikadin\\\/wp-includes\\\/images\\\/media\\\/video.svg\",\"width\":48,\"height\":64},\"thumb\":{\"src\":\"https:\\\/\\\/www.tgrthaber.com\\\/mavikadin\\\/wp-includes\\\/images\\\/media\\\/video.svg\",\"width\":48,\"height\":64}}]}<\/script>\n<\/div>\n\t\n<h3>KIZIL GONCALAR ZEYNEP KARAKTER\u0130 \u00c7OK SEV\u0130LD\u0130<\/h3>\n<p>Zeynep Tezel, K\u0131z\u0131l Goncalar dizisinde Mina Demirta\u015f\u2019\u0131n canland\u0131rd\u0131\u011f\u0131 etkileyici bir karakter. Ailesiyle birlikte ilk kez b\u00fcy\u00fck bir \u015fehre gelen Zeynep, okumay\u0131 \u00e7ok isteyen ve \u00fcst\u00fcn zek\u00e2ya sahip bir gen\u00e7 k\u0131zd\u0131r. Babas\u0131n\u0131n evlendirme planlar\u0131na kar\u015f\u0131 m\u00fccadele eden Zeynep, annesi ve bir profes\u00f6r\u00fcn deste\u011fiyle Fransa\u2019da okuma hayalini ger\u00e7ekle\u015ftirmek i\u00e7in gizli planlar yapmaktad\u0131r.<\/p>\n<p><img loading=\"lazy\" decoding=\"async\" class=\"alignnone wp-image-111457\" src=\"https:\/\/www.tgrthaber.com\/mavikadin\/wp-content\/uploads\/Ekran-goruntusu-2024-12-24-015733.png\" alt=\"\" width=\"765\" height=\"415\" title=\"\" srcset=\"https:\/\/www.tgrthaber.com\/mavikadin\/wp-content\/uploads\/Ekran-goruntusu-2024-12-24-015733.png 1146w, https:\/\/www.tgrthaber.com\/mavikadin\/wp-content\/uploads\/Ekran-goruntusu-2024-12-24-015733-300x163.png 300w, https:\/\/www.tgrthaber.com\/mavikadin\/wp-content\/uploads\/Ekran-goruntusu-2024-12-24-015733-1024x556.png 1024w, https:\/\/www.tgrthaber.com\/mavikadin\/wp-content\/uploads\/Ekran-goruntusu-2024-12-24-015733-768x417.png 768w\" sizes=\"(max-width: 765px) 100vw, 765px\" \/><\/p>\n","protected":false},"excerpt":{"rendered":"<p>Mina Demirta\u015f, K\u0131z\u0131l Goncalar dizisindeki Zeynep rol\u00fcyle g\u00f6n\u00fcllere taht kurdu. \u00d6d\u00fclleri ve dikkat \u00e7eken tarz\u0131yla b\u00fcy\u00fck bir hayran kitlesine sahip olan Mina Demirta\u015f&#8217;\u0131n ger\u00e7ek ya\u015f\u0131 sosyal medyada g\u00fcndem oldu. Peki Mina Demirta\u015f ka\u00e7 ya\u015f\u0131nda?<\/p>\n","protected":false},"author":4,"featured_media":111458,"comment_status":"closed","ping_status":"closed","sticky":false,"template":"","format":"standard","meta":{"rank_math_lock_modified_date":false,"footnotes":""},"categories":[602],"tags":[2306,5762,2863,433],"class_list":["post-111454","post","type-post","status-publish","format-standard","has-post-thumbnail","hentry","category-diziler","tag-kizil-goncalar","tag-kizil-goncalar-zeynep","tag-mina-demirtas","tag-zeynep"],"_links":{"self":[{"href":"https:\/\/www.tgrthaber.com\/mavikadin\/wp-json\/wp\/v2\/posts\/111454"}],"collection":[{"href":"https:\/\/www.tgrthaber.com\/mavikadin\/wp-json\/wp\/v2\/posts"}],"about":[{"href":"https:\/\/www.tgrthaber.com\/mavikadin\/wp-json\/wp\/v2\/types\/post"}],"author":[{"embeddable":true,"href":"https:\/\/www.tgrthaber.com\/mavikadin\/wp-json\/wp\/v2\/users\/4"}],"replies":[{"embeddable":true,"href":"https:\/\/www.tgrthaber.com\/mavikadin\/wp-json\/wp\/v2\/comments?post=111454"}],"version-history":[{"count":3,"href":"https:\/\/www.tgrthaber.com\/mavikadin\/wp-json\/wp\/v2\/posts\/111454\/revisions"}],"predecessor-version":[{"id":111462,"href":"https:\/\/www.tgrthaber.com\/mavikadin\/wp-json\/wp\/v2\/posts\/111454\/revisions\/111462"}],"wp:featuredmedia":[{"embeddable":true,"href":"https:\/\/www.tgrthaber.com\/mavikadin\/wp-json\/wp\/v2\/media\/111458"}],"wp:attachment":[{"href":"https:\/\/www.tgrthaber.com\/mavikadin\/wp-json\/wp\/v2\/media?parent=111454"}],"wp:term":[{"taxonomy":"category","embeddable":true,"href":"https:\/\/www.tgrthaber.com\/mavikadin\/wp-json\/wp\/v2\/categories?post=111454"},{"taxonomy":"post_tag","embeddable":true,"href":"https:\/\/www.tgrthaber.com\/mavikadin\/wp-json\/wp\/v2\/tags?post=111454"}],"curies":[{"name":"wp","href":"https:\/\/api.w.org\/{rel}","templated":true}]}}