{"id":111463,"date":"2025-01-08T02:32:45","date_gmt":"2025-01-07T23:32:45","guid":{"rendered":"https:\/\/www.tgrthaber.com\/mavikadin\/?p=111463"},"modified":"2025-01-08T21:35:27","modified_gmt":"2025-01-08T18:35:27","slug":"leyla-hayat-ask-adalet-dizisi-hangi-diziden-uyarlama-avenida-brasil-ile-arasindaki-farklar","status":"publish","type":"post","link":"https:\/\/www.tgrthaber.com\/mavikadin\/leyla-hayat-ask-adalet-dizisi-hangi-diziden-uyarlama-avenida-brasil-ile-arasindaki-farklar\/","title":{"rendered":"Leyla: Hayat&#8230; A\u015fk&#8230; Adalet&#8230; dizisi hangi diziden uyarlama? Avenida Brasil ile aras\u0131ndaki farklar"},"content":{"rendered":"<p>Now TV\u2019nin yeni sezon dizilerinden biri olan Leyla: Hayat&#8230; A\u015fk&#8230; Adalet&#8230;, \u00e7arp\u0131c\u0131 hikayesi ve g\u00fc\u00e7l\u00fc kadrosuyla seyircilerin ilgisini \u00e7ekmeyi ba\u015fard\u0131. Ancak Leyla dizisnin orijinal bir yap\u0131m olmad\u0131\u011f\u0131 ve Brezilya&#8217;n\u0131n unutulmaz dizisi Avenida Brasil\u2019den uyarland\u0131\u011f\u0131 ortaya \u00e7\u0131kt\u0131. \u0130\u015fte dizinin hikayesi, uyarlama s\u00fcreci ve dikkat \u00e7eken detaylar\u0131!<\/p>\n<h3>LEYLA: HAYAT&#8230; A\u015eK&#8230; ADALET, AVEN\u0130DA BRAS\u0130L&#8217;DEN UYARLANDI<\/h3>\n<p>Brezilya\u2019da yay\u0131nlanan ve Latin Amerika\u2019da izlenme rekorlar\u0131 k\u0131ran Avenida Brasil, intikam, a\u015fk ve aile dram\u0131n\u0131 etkileyici bir \u015fekilde ele alan bir dizi olarak y\u0131llarca konu\u015fuldu. Orijinal yap\u0131mda \u201cNina\u201d karakteri etraf\u0131nda \u015fekillenen hikaye, Leyla dizisinde yeniden kurguland\u0131.<\/p>\n<p>Avenida Brasil, toplam 179 b\u00f6l\u00fcm s\u00fcren uzun bir ser\u00fcvenle ekranlarda yer ald\u0131. T\u00fcrkiye uyarlamas\u0131nda Leyla karakteri \u00fczerinden ilerleyen hikaye, benzer \u015fekilde izleyicilere duygusal bir yolculuk sunmay\u0131 hedefliyor.<\/p>\n<p><img loading=\"lazy\" decoding=\"async\" class=\"alignnone wp-image-111464\" src=\"https:\/\/www.tgrthaber.com\/mavikadin\/wp-content\/uploads\/Ekran-goruntusu-2024-12-24-021406.png\" alt=\"\" width=\"798\" height=\"415\" title=\"\" srcset=\"https:\/\/www.tgrthaber.com\/mavikadin\/wp-content\/uploads\/Ekran-goruntusu-2024-12-24-021406.png 1106w, https:\/\/www.tgrthaber.com\/mavikadin\/wp-content\/uploads\/Ekran-goruntusu-2024-12-24-021406-300x156.png 300w, https:\/\/www.tgrthaber.com\/mavikadin\/wp-content\/uploads\/Ekran-goruntusu-2024-12-24-021406-1024x532.png 1024w, https:\/\/www.tgrthaber.com\/mavikadin\/wp-content\/uploads\/Ekran-goruntusu-2024-12-24-021406-768x399.png 768w\" sizes=\"(max-width: 798px) 100vw, 798px\" \/><\/p>\n<h3>LEYLA: HAYAT&#8230; A\u015eK&#8230; ADALET KONUSU<\/h3>\n<p>Hen\u00fcz k\u00fc\u00e7\u00fck ya\u015fta annesini kaybeden Leyla, babas\u0131n\u0131n yeniden evlenmesiyle hayat\u0131 alt\u00fcst olan bir gen\u00e7 k\u0131zd\u0131r. \u00dcvey annesi Nur taraf\u0131ndan bir \u00e7\u00f6pl\u00fc\u011fe terk edilen Leyla, y\u0131llar s\u00fcren zorluklar\u0131n ard\u0131ndan intikam almak i\u00e7in geri d\u00f6ner. Ancak bu s\u00fcre\u00e7te, hem ge\u00e7mi\u015fiyle y\u00fczle\u015fir hem de hayat\u0131n\u0131n a\u015fk\u0131n\u0131 bulur.<\/p>\n<p>Dizi, Leyla\u2019n\u0131n hayat\u0131n\u0131 mahveden \u00fcvey annesiyle olan m\u00fccadelesini ve intikam aray\u0131\u015f\u0131n\u0131 izleyiciye aktar\u0131yor.<\/p>\n<p><img loading=\"lazy\" decoding=\"async\" class=\"alignnone wp-image-111465\" src=\"https:\/\/www.tgrthaber.com\/mavikadin\/wp-content\/uploads\/Ekran-goruntusu-2024-12-24-013014.png\" alt=\"\" width=\"711\" height=\"399\" title=\"\" srcset=\"https:\/\/www.tgrthaber.com\/mavikadin\/wp-content\/uploads\/Ekran-goruntusu-2024-12-24-013014.png 1151w, https:\/\/www.tgrthaber.com\/mavikadin\/wp-content\/uploads\/Ekran-goruntusu-2024-12-24-013014-300x168.png 300w, https:\/\/www.tgrthaber.com\/mavikadin\/wp-content\/uploads\/Ekran-goruntusu-2024-12-24-013014-1024x575.png 1024w, https:\/\/www.tgrthaber.com\/mavikadin\/wp-content\/uploads\/Ekran-goruntusu-2024-12-24-013014-768x431.png 768w\" sizes=\"(max-width: 711px) 100vw, 711px\" \/><\/p>\n<h3>LEYLA: HAYAT&#8230; A\u015eK&#8230; ADALET KONUSU<\/h3>\n<p>Ba\u015frollerinde Alperen Duymaz ve Cemre Baysel\u2019in yer ald\u0131\u011f\u0131 dizide, g\u00fc\u00e7l\u00fc bir oyuncu kadrosu bulunuyor:<\/p>\n<p>Alperen Duymaz \u2013 \u0130ntikam ve adalet aray\u0131\u015f\u0131ndaki g\u00fc\u00e7l\u00fc bir karakteri canland\u0131r\u0131yor.<\/p>\n<p>Cemre Baysel \u2013 Leyla rol\u00fcyle dikkat \u00e7ekiyor.<\/p>\n<p>Yi\u011fit Kirazc\u0131 \u2013 Diziye damga vuran baba-o\u011ful ili\u015fkisini canland\u0131r\u0131yor.<\/p>\n<p>Gonca Vuslateri \u2013 \u00dcvey anne Nur karakterine hayat veriyor.<\/p>\n<p><img loading=\"lazy\" decoding=\"async\" class=\"alignnone wp-image-111466\" src=\"https:\/\/www.tgrthaber.com\/mavikadin\/wp-content\/uploads\/Ekran-goruntusu-2024-12-24-012851.png\" alt=\"\" width=\"846\" height=\"497\" title=\"\" srcset=\"https:\/\/www.tgrthaber.com\/mavikadin\/wp-content\/uploads\/Ekran-goruntusu-2024-12-24-012851.png 1117w, https:\/\/www.tgrthaber.com\/mavikadin\/wp-content\/uploads\/Ekran-goruntusu-2024-12-24-012851-300x176.png 300w, https:\/\/www.tgrthaber.com\/mavikadin\/wp-content\/uploads\/Ekran-goruntusu-2024-12-24-012851-1024x601.png 1024w, https:\/\/www.tgrthaber.com\/mavikadin\/wp-content\/uploads\/Ekran-goruntusu-2024-12-24-012851-768x451.png 768w\" sizes=\"(max-width: 846px) 100vw, 846px\" \/><\/p>\n<h3>KARAKTERLER ARASINDAK\u0130 YA\u015e FARKI G\u00dcNDEM OLDU<\/h3>\n<p>Dizi, yaln\u0131zca etkileyici hikayesiyle de\u011fil, ayn\u0131 zamanda karakterler aras\u0131ndaki ya\u015f fark\u0131 nedeniyle de g\u00fcndeme geldi. \u00d6zellikle Yi\u011fit Kirazc\u0131 ve Alperen Duymaz\u2019\u0131n baba-o\u011ful karakterlerini canland\u0131rmas\u0131, sosyal medyada ele\u015ftirilere yol a\u00e7t\u0131. Ancak oyuncular\u0131n performans\u0131, bu ele\u015ftirilerin \u00f6tesinde bir etki yaratarak izleyicileri hikayenin i\u00e7ine \u00e7ekmeyi ba\u015fard\u0131.<\/p>\n<p><img loading=\"lazy\" decoding=\"async\" class=\"alignnone wp-image-111467\" src=\"https:\/\/www.tgrthaber.com\/mavikadin\/wp-content\/uploads\/Ekran-goruntusu-2024-12-24-022808.png\" alt=\"\" width=\"874\" height=\"505\" title=\"\" srcset=\"https:\/\/www.tgrthaber.com\/mavikadin\/wp-content\/uploads\/Ekran-goruntusu-2024-12-24-022808.png 1137w, https:\/\/www.tgrthaber.com\/mavikadin\/wp-content\/uploads\/Ekran-goruntusu-2024-12-24-022808-300x173.png 300w, https:\/\/www.tgrthaber.com\/mavikadin\/wp-content\/uploads\/Ekran-goruntusu-2024-12-24-022808-1024x592.png 1024w, https:\/\/www.tgrthaber.com\/mavikadin\/wp-content\/uploads\/Ekran-goruntusu-2024-12-24-022808-768x444.png 768w\" sizes=\"(max-width: 874px) 100vw, 874px\" \/><\/p>\n<h3>LEYLA: HAYAT&#8230; A\u015eK&#8230; ADALET \u0130LE AVEN\u0130DA BRAS\u0130L ARASINDAK\u0130 FARKLAR<\/h3>\n<p>Her ne kadar Leyla dizisi Avenida Brasil\u2019den uyarland\u0131ysa da, T\u00fcrk k\u00fclt\u00fcr\u00fcne uygun \u015fekilde yeniden kurgulanm\u0131\u015f. Orijinal hikayede \u201cNina\u201d karakteri \u00fczerinden ilerleyen olay \u00f6rg\u00fcs\u00fc, T\u00fcrk uyarlamas\u0131nda Leyla karakterine odaklanarak daha farkl\u0131 bir perspektif sunuyor.<\/p>\n<p><img loading=\"lazy\" decoding=\"async\" class=\"alignnone wp-image-111468\" src=\"https:\/\/www.tgrthaber.com\/mavikadin\/wp-content\/uploads\/Ekran-goruntusu-2024-12-24-022932.png\" alt=\"\" width=\"877\" height=\"496\" title=\"\" srcset=\"https:\/\/www.tgrthaber.com\/mavikadin\/wp-content\/uploads\/Ekran-goruntusu-2024-12-24-022932.png 1173w, https:\/\/www.tgrthaber.com\/mavikadin\/wp-content\/uploads\/Ekran-goruntusu-2024-12-24-022932-300x170.png 300w, https:\/\/www.tgrthaber.com\/mavikadin\/wp-content\/uploads\/Ekran-goruntusu-2024-12-24-022932-1024x579.png 1024w, https:\/\/www.tgrthaber.com\/mavikadin\/wp-content\/uploads\/Ekran-goruntusu-2024-12-24-022932-768x434.png 768w\" sizes=\"(max-width: 877px) 100vw, 877px\" \/><\/p>\n","protected":false},"excerpt":{"rendered":"<p>Alperen Duymaz ve Cemre Baysel\u2019in ba\u015frollerinde yer ald\u0131\u011f\u0131 Leyla: Hayat&#8230; A\u015fk&#8230; Adalet&#8230;, Brezilya\u2019n\u0131n efsane dizisi Avenida Brasil\u2019den uyarlanan bir hikayeyle ekranlara geliyor. \u0130ntikam, a\u015fk ve yeniden do\u011fu\u015f konular\u0131n\u0131n odakland\u0131\u011f\u0131 dizi, sezonun en \u00e7ok konu\u015fulan yap\u0131mlar\u0131 aras\u0131nda.<\/p>\n","protected":false},"author":4,"featured_media":111469,"comment_status":"closed","ping_status":"closed","sticky":false,"template":"","format":"standard","meta":{"rank_math_lock_modified_date":false,"footnotes":""},"categories":[602],"tags":[5763,2520,1055,2521],"class_list":["post-111463","post","type-post","status-publish","format-standard","has-post-thumbnail","hentry","category-diziler","tag-avenida-brasil","tag-cemre-baysel","tag-leyla","tag-leyla-hayat-ask-adalet"],"_links":{"self":[{"href":"https:\/\/www.tgrthaber.com\/mavikadin\/wp-json\/wp\/v2\/posts\/111463"}],"collection":[{"href":"https:\/\/www.tgrthaber.com\/mavikadin\/wp-json\/wp\/v2\/posts"}],"about":[{"href":"https:\/\/www.tgrthaber.com\/mavikadin\/wp-json\/wp\/v2\/types\/post"}],"author":[{"embeddable":true,"href":"https:\/\/www.tgrthaber.com\/mavikadin\/wp-json\/wp\/v2\/users\/4"}],"replies":[{"embeddable":true,"href":"https:\/\/www.tgrthaber.com\/mavikadin\/wp-json\/wp\/v2\/comments?post=111463"}],"version-history":[{"count":3,"href":"https:\/\/www.tgrthaber.com\/mavikadin\/wp-json\/wp\/v2\/posts\/111463\/revisions"}],"predecessor-version":[{"id":118893,"href":"https:\/\/www.tgrthaber.com\/mavikadin\/wp-json\/wp\/v2\/posts\/111463\/revisions\/118893"}],"wp:featuredmedia":[{"embeddable":true,"href":"https:\/\/www.tgrthaber.com\/mavikadin\/wp-json\/wp\/v2\/media\/111469"}],"wp:attachment":[{"href":"https:\/\/www.tgrthaber.com\/mavikadin\/wp-json\/wp\/v2\/media?parent=111463"}],"wp:term":[{"taxonomy":"category","embeddable":true,"href":"https:\/\/www.tgrthaber.com\/mavikadin\/wp-json\/wp\/v2\/categories?post=111463"},{"taxonomy":"post_tag","embeddable":true,"href":"https:\/\/www.tgrthaber.com\/mavikadin\/wp-json\/wp\/v2\/tags?post=111463"}],"curies":[{"name":"wp","href":"https:\/\/api.w.org\/{rel}","templated":true}]}}