{"id":111495,"date":"2024-12-24T09:29:42","date_gmt":"2024-12-24T06:29:42","guid":{"rendered":"https:\/\/www.tgrthaber.com\/mavikadin\/?p=111495"},"modified":"2024-12-24T09:30:24","modified_gmt":"2024-12-24T06:30:24","slug":"nejat-isler-duzenli-yasama-gecmeye-karar-verdi-hayatini-degistirecek-mi","status":"publish","type":"post","link":"https:\/\/www.tgrthaber.com\/mavikadin\/nejat-isler-duzenli-yasama-gecmeye-karar-verdi-hayatini-degistirecek-mi\/","title":{"rendered":"Nejat \u0130\u015fler d\u00fczenli ya\u015fama ge\u00e7meye karar verdi! Hayat\u0131n\u0131 de\u011fi\u015ftirecek mi?"},"content":{"rendered":"<p>Nejat \u0130\u015fler g\u00fcndemden d\u00fc\u015fm\u00fcyor. Y\u0131llard\u0131r otelde kalan ve d\u00fczenli bir ya\u015fant\u0131s\u0131 olmad\u0131\u011f\u0131 gibi \u00e7evresi taraf\u0131ndan da a\u015f\u0131r\u0131 derecede alkol ald\u0131\u011f\u0131 i\u00e7in uyar\u0131l\u0131yor. \u00dcnl\u00fc camias\u0131ndan seven yak\u0131n isimlerin Nejat \u0130\u015fler \u2018in hayat\u0131n\u0131 d\u00fczene sokmas\u0131 i\u00e7in konu\u015fmalar yapt\u0131\u011f\u0131 s\u00f6yleniyor. Nejat i\u015fler bu uyar\u0131lar\u0131 dikkate alm\u0131\u015f olacak ki art\u0131k otel ya\u015fant\u0131s\u0131ndan yerle\u015fik d\u00fczene ge\u00e7meye karar vermi\u015f.<\/p>\n<h3>NEJAT \u0130\u015eLER D\u00dcZENL\u0130 YA\u015eAMA GE\u00c7\u0130YOR<\/h3>\n<p>Nejat \u0130\u015fler en son &#8216;Merakl\u0131 Adam\u0131n 10 G\u00fcn\u00fc&#8217; dizisinde dijital platformda ekranlara gelmi\u015f ve televizyonda uzun s\u00fcredir g\u00f6r\u00fcnm\u00fcyordu. Her gece alkol\u00fc fazla ka\u00e7\u0131rd\u0131\u011f\u0131 s\u00f6ylenen Nejat \u0130\u015fler hayat\u0131n\u0131 sadece otelde ge\u00e7iriyor. Y\u0131llard\u0131r otelde kalan Nejat \u0130\u015fler ev sahibi olmay\u0131 da h\u0131rs\u0131zl\u0131k olarak g\u00f6r\u00fcyor. Ancak son zamanlarda alkol\u00fc fazla ka\u00e7\u0131rmas\u0131 ve ge\u00e7ti\u011fimiz g\u00fcnlerde bir mek\u00e2ndan \u00e7\u0131karken birden y\u0131\u011f\u0131lmas\u0131 herkesin dikkatini \u00e7ekmi\u015fti. Hayat\u0131n\u0131 istikrarl\u0131 \u015fekilde d\u00fczensiz ge\u00e7irmeye devam eden Nejat \u0130\u015fler ile sevdi\u011fi \u00fcnl\u00fc isimler konu\u015fmu\u015f.<\/p>\n<p><img loading=\"lazy\" decoding=\"async\" class=\"alignnone size-full wp-image-111500\" src=\"https:\/\/www.tgrthaber.com\/mavikadin\/wp-content\/uploads\/Ekran-goruntusu-2024-12-24-092606.png\" alt=\"\" width=\"992\" height=\"657\" title=\"\" srcset=\"https:\/\/www.tgrthaber.com\/mavikadin\/wp-content\/uploads\/Ekran-goruntusu-2024-12-24-092606.png 992w, https:\/\/www.tgrthaber.com\/mavikadin\/wp-content\/uploads\/Ekran-goruntusu-2024-12-24-092606-300x199.png 300w, https:\/\/www.tgrthaber.com\/mavikadin\/wp-content\/uploads\/Ekran-goruntusu-2024-12-24-092606-768x509.png 768w\" sizes=\"(max-width: 992px) 100vw, 992px\" \/><\/p>\n<p>Nejat \u0130\u015fleri\u2019n alkol\u00fc b\u0131rakmas\u0131 ve hayat\u0131n\u0131 d\u00fczene koymas\u0131 i\u00e7in ise yard\u0131mc\u0131 olmaya ba\u015flam\u0131\u015flar. Ancak Nejat \u0130\u015fler durumu d\u00fczeltecek mi merak ediliyor. Y\u0131llard\u0131r otelde ya\u015fayan Nejat \u0130\u015fler art\u0131k ev bakmaya ba\u015flad\u0131. Ancak ev fiyatlar\u0131n\u0131 g\u00f6r\u00fcnce \u00e7ok \u015fa\u015f\u0131rm\u0131\u015f. Ev sahibi olmay\u0131 h\u0131rs\u0131zl\u0131k olarak niteleyen Nejat \u0130\u015fler yerle\u015fik d\u00fczene ge\u00e7mek istiyor. Ev fiyatlar\u0131n\u0131 y\u00fcksek olmas\u0131 sebebiyle yeni i\u015f projelerinin pe\u015fine d\u00fc\u015fen Nejat \u0130\u015fler \u00f6ncelerde &#8216;M\u00fclk edinmek gibi bir derdim yok. M\u00fclkiyet h\u0131rs\u0131zl\u0131k gibi bir \u015fey.&#8217; demi\u015fti.<\/p>\n<p><img loading=\"lazy\" decoding=\"async\" class=\"alignnone size-full wp-image-111501\" src=\"https:\/\/www.tgrthaber.com\/mavikadin\/wp-content\/uploads\/Ekran-goruntusu-2024-12-24-092612.png\" alt=\"\" width=\"1216\" height=\"701\" title=\"\" srcset=\"https:\/\/www.tgrthaber.com\/mavikadin\/wp-content\/uploads\/Ekran-goruntusu-2024-12-24-092612.png 1216w, https:\/\/www.tgrthaber.com\/mavikadin\/wp-content\/uploads\/Ekran-goruntusu-2024-12-24-092612-300x173.png 300w, https:\/\/www.tgrthaber.com\/mavikadin\/wp-content\/uploads\/Ekran-goruntusu-2024-12-24-092612-1024x590.png 1024w, https:\/\/www.tgrthaber.com\/mavikadin\/wp-content\/uploads\/Ekran-goruntusu-2024-12-24-092612-768x443.png 768w\" sizes=\"(max-width: 1216px) 100vw, 1216px\" \/><\/p>\n<p>Beyo\u011flu\u2019nda daire arayan ve evlere paras\u0131 yetmeyen Nejat \u0130\u015fler yat\u0131r\u0131m yapacak i\u015f f\u0131rsatlar\u0131n\u0131 de\u011ferlendiriyor. Nejat \u0130\u015fler ge\u00e7en gece de bir mek\u00e2ndan \u00e7\u0131kt\u0131\u011f\u0131nda ayakta durmakta g\u00fc\u00e7l\u00fck \u00e7ekti. Arkada\u015flar\u0131n\u0131n \u00e7abalar\u0131na ra\u011fmen yere y\u0131\u011f\u0131lan oyuncu herkesi merakland\u0131rd\u0131. Hayat\u0131n\u0131 otelde ge\u00e7irerek her gece alkol alan Nejat \u0130\u015fler hayat\u0131n\u0131 d\u00fczene sokacak m\u0131 bilinmiyor. \u00c7evresindeki sevdi\u011fi isimler de Nejat \u0130\u015fler ile konu\u015farak daha d\u00fczenli bir ya\u015fant\u0131s\u0131 olmas\u0131 i\u00e7in \u00e7abal\u0131yorlar.<\/p>\n<p><img loading=\"lazy\" decoding=\"async\" class=\"alignnone size-full wp-image-111502\" src=\"https:\/\/www.tgrthaber.com\/mavikadin\/wp-content\/uploads\/Ekran-goruntusu-2024-12-24-092619.png\" alt=\"\" width=\"1103\" height=\"749\" title=\"\" srcset=\"https:\/\/www.tgrthaber.com\/mavikadin\/wp-content\/uploads\/Ekran-goruntusu-2024-12-24-092619.png 1103w, https:\/\/www.tgrthaber.com\/mavikadin\/wp-content\/uploads\/Ekran-goruntusu-2024-12-24-092619-300x204.png 300w, https:\/\/www.tgrthaber.com\/mavikadin\/wp-content\/uploads\/Ekran-goruntusu-2024-12-24-092619-1024x695.png 1024w, https:\/\/www.tgrthaber.com\/mavikadin\/wp-content\/uploads\/Ekran-goruntusu-2024-12-24-092619-768x522.png 768w\" sizes=\"(max-width: 1103px) 100vw, 1103px\" \/><\/p>\n<p>Nejat \u0130\u015fler en son dijital platformda &#8216;K\u00f6t\u00fc Adam\u0131n 10 G\u00fcn\u00fc&#8217; dizisinde yer alm\u0131\u015f devam serisi olarak da &#8216;Merakl\u0131 Adam\u0131n 10 G\u00fcn\u00fc&#8217; dizisiyle ekranlara gelmi\u015fti. Uzun s\u00fcredir televizyonda g\u00f6r\u00fclmeyen Nejat \u0130\u015fler en son Aile dizisinde yer alm\u0131\u015ft\u0131. Dizi \u00e7ok uzun s\u00fcrmeyince Nejat \u0130\u015fler \u2018in televizyondaki varl\u0131\u011f\u0131 da bitti.<\/p>\n","protected":false},"excerpt":{"rendered":"<p>Nejat \u0130\u015fler hayat\u0131n\u0131 d\u00fczene sokmaya karar verdi ancak ev fiyatlar\u0131 oyuncunun \u00f6n\u00fcn\u00fc kapatt\u0131. Uzun zamand\u0131r otelde kalan Nejat \u0130\u015fler ev fiyatlar\u0131n\u0131 g\u00f6r\u00fcnce \u015fok ya\u015fad\u0131. <\/p>\n","protected":false},"author":25,"featured_media":111503,"comment_status":"closed","ping_status":"closed","sticky":false,"template":"","format":"standard","meta":{"rank_math_lock_modified_date":false,"footnotes":""},"categories":[76],"tags":[5774,5775,5064],"class_list":["post-111495","post","type-post","status-publish","format-standard","has-post-thumbnail","hentry","category-magazin","tag-iyi-adamin-10-gunu","tag-merakli-adamin-10-gunu","tag-nejat-isler"],"_links":{"self":[{"href":"https:\/\/www.tgrthaber.com\/mavikadin\/wp-json\/wp\/v2\/posts\/111495"}],"collection":[{"href":"https:\/\/www.tgrthaber.com\/mavikadin\/wp-json\/wp\/v2\/posts"}],"about":[{"href":"https:\/\/www.tgrthaber.com\/mavikadin\/wp-json\/wp\/v2\/types\/post"}],"author":[{"embeddable":true,"href":"https:\/\/www.tgrthaber.com\/mavikadin\/wp-json\/wp\/v2\/users\/25"}],"replies":[{"embeddable":true,"href":"https:\/\/www.tgrthaber.com\/mavikadin\/wp-json\/wp\/v2\/comments?post=111495"}],"version-history":[{"count":1,"href":"https:\/\/www.tgrthaber.com\/mavikadin\/wp-json\/wp\/v2\/posts\/111495\/revisions"}],"predecessor-version":[{"id":111504,"href":"https:\/\/www.tgrthaber.com\/mavikadin\/wp-json\/wp\/v2\/posts\/111495\/revisions\/111504"}],"wp:featuredmedia":[{"embeddable":true,"href":"https:\/\/www.tgrthaber.com\/mavikadin\/wp-json\/wp\/v2\/media\/111503"}],"wp:attachment":[{"href":"https:\/\/www.tgrthaber.com\/mavikadin\/wp-json\/wp\/v2\/media?parent=111495"}],"wp:term":[{"taxonomy":"category","embeddable":true,"href":"https:\/\/www.tgrthaber.com\/mavikadin\/wp-json\/wp\/v2\/categories?post=111495"},{"taxonomy":"post_tag","embeddable":true,"href":"https:\/\/www.tgrthaber.com\/mavikadin\/wp-json\/wp\/v2\/tags?post=111495"}],"curies":[{"name":"wp","href":"https:\/\/api.w.org\/{rel}","templated":true}]}}