{"id":111496,"date":"2024-12-24T09:31:01","date_gmt":"2024-12-24T06:31:01","guid":{"rendered":"https:\/\/www.tgrthaber.com\/mavikadin\/?p=111496"},"modified":"2024-12-24T09:34:07","modified_gmt":"2024-12-24T06:34:07","slug":"keremcem-yillar-sonra-klip-cekti-romantik-klipteki-partneri-yagmur-yuksel-oldu","status":"publish","type":"post","link":"https:\/\/www.tgrthaber.com\/mavikadin\/keremcem-yillar-sonra-klip-cekti-romantik-klipteki-partneri-yagmur-yuksel-oldu\/","title":{"rendered":"Keremcem y\u0131llar sonra klip \u00e7ekti! Romantik klipteki partneri Ya\u011fmur Y\u00fcksel oldu"},"content":{"rendered":"<p>Keremcem tam 11 y\u0131l aradan sonra Bizi Unutma \u015fark\u0131s\u0131na klip \u00e7ekti. 6. st\u00fcdyo alb\u00fcm\u00fc \u201c6\u201dn\u0131n \u00fc\u00e7\u00fcnc\u00fc video klibinde \u00fcnl\u00fc isme y\u0131ld\u0131z\u0131 parlayan oyunculardan Ya\u011fmur Y\u00fcksel E\u015flik etti.<\/p>\n<p>\u0130ran\u2019\u0131n \u00fcnl\u00fc besteci ve \u015fark\u0131c\u0131lar\u0131ndan Mohsen Yeganeh\u2018in \u201cBehet Ghol Midam\u201d \u015fark\u0131s\u0131na T\u00fcrk\u00e7e s\u00f6zler yazan Keremcem d\u00fczenlemesi Alper Erin\u00e7 taraf\u0131ndan yap\u0131lan \u015fark\u0131n\u0131n klibi reenkarnasyon \u00f6yk\u00fcs\u00fcn\u00fc i\u015fliyor.<\/p>\n<h3>KEREMCEM YA\u011eMUR Y\u00dcKSEL&#8217;LE PARTNER OLDU<\/h3>\n<p>Kan \u00c7i\u00e7ekleri dizisinin y\u0131ld\u0131z oyuncusu Ya\u011fmur Y\u00fcksel Keremcem\u2019e bu klibinde e\u015flik etti. T\u00fcm styling\u2019i de Sena Se\u00e7en haz\u0131rlad\u0131.<\/p>\n<div style=\"width: 640px;\" class=\"wp-video\"><!--[if lt IE 9]><script>document.createElement('video');<\/script><![endif]-->\n<video class=\"wp-video-shortcode\" id=\"video-111496-1\" width=\"640\" height=\"640\" preload=\"metadata\" controls=\"controls\"><source type=\"video\/mp4\" src=\"https:\/\/www.tgrthaber.com\/mavikadin\/wp-content\/uploads\/Keremcem.mp4?_=1\" \/><a href=\"https:\/\/www.tgrthaber.com\/mavikadin\/wp-content\/uploads\/Keremcem.mp4\">https:\/\/www.tgrthaber.com\/mavikadin\/wp-content\/uploads\/Keremcem.mp4<\/a><\/video><\/div>\n<p>Can K\u00e2tipz\u00e2de ve \u00d6zge Mine K\u00e2tipz\u00e2de\u2018nin kaleme ald\u0131\u011f\u0131 klibin hikayesi Keremcem\u2019in foto\u011fraf\u00e7\u0131 dedesi Halit Tezer\u2018in, vefat\u0131ndan hemen \u00f6nce Keremcem\u2019e anlatt\u0131\u011f\u0131 bir olaydan esinlenilerek olu\u015fturuldu.<\/p>\n<p>\u0130ki g\u00fcn s\u00fcren klip \u00e7ekimleri film tad\u0131nda Sirkeci\u2019de ger\u00e7ekle\u015ftirildi. Klipte ge\u00e7mi\u015f d\u00f6nemle g\u00fcn\u00fcm\u00fcz aras\u0131nda zamansal d\u00f6ng\u00fclerle anlat\u0131l\u0131yor.<\/p>\n<p><img loading=\"lazy\" decoding=\"async\" class=\"alignnone wp-image-111498\" src=\"https:\/\/www.tgrthaber.com\/mavikadin\/wp-content\/uploads\/Keremcem-1.jpg\" alt=\"\" width=\"1208\" height=\"805\" title=\"\" srcset=\"https:\/\/www.tgrthaber.com\/mavikadin\/wp-content\/uploads\/Keremcem-1.jpg 1080w, https:\/\/www.tgrthaber.com\/mavikadin\/wp-content\/uploads\/Keremcem-1-300x200.jpg 300w, https:\/\/www.tgrthaber.com\/mavikadin\/wp-content\/uploads\/Keremcem-1-1024x683.jpg 1024w, https:\/\/www.tgrthaber.com\/mavikadin\/wp-content\/uploads\/Keremcem-1-768x512.jpg 768w\" sizes=\"(max-width: 1208px) 100vw, 1208px\" \/><\/p>\n<h3>KEREMCEM K\u0130MD\u0130R ?<\/h3>\n<p>Tam ad\u0131 Kerem Cem D\u00fcr\u00fck olan Keremcem 28 Aral\u0131k 1977\u2019de Mu\u011fla Milas\u2019da d\u00fcnyaya geldi.<\/p>\n<p>\u00dcnl\u00fc isim Ger\u00e7ekte 28 Aral\u0131k 1977, resmi kayda g\u00f6re ise 5 Ocak 1978 tarihinde Milas\u2019ta do\u011fdu.<\/p>\n<p>\u0130lk\u00f6\u011frenimini Milas Sakarya \u0130lkokulu\u2019nda tamamlad\u0131. \u0130zmir \u00d6zel Fatih Koleji\u2019ndeki orta\u00f6\u011freniminin ard\u0131ndan Mu\u011fla Turgutreis Lisesi\u2019nden 1995 senesinde mezun oldu.<\/p>\n<p>Ege \u00dcniversitesi Uluslararas\u0131 \u0130li\u015fkiler B\u00f6l\u00fcm\u00fc\u2019nden 2003\u2019te mezun oldu.<\/p>\n<p>Lise y\u0131llar\u0131nda gitar \u00e7almaya ba\u015flayan Keremcem, s\u00f6z\u00fc ve m\u00fczi\u011fi kendisine ait ilk bestesi olan ve ilk alb\u00fcm\u00fcnde de yer alan \u201cElimde De\u011fil\u201d \u015fark\u0131s\u0131n\u0131 1996\u2019da Ankara&#8217;da yapt\u0131.<\/p>\n<p><img loading=\"lazy\" decoding=\"async\" class=\"alignnone size-full wp-image-111507\" src=\"https:\/\/www.tgrthaber.com\/mavikadin\/wp-content\/uploads\/Keremcem-Ask-Oyunu_restored.jpeg\" alt=\"\" width=\"2000\" height=\"1332\" title=\"\" srcset=\"https:\/\/www.tgrthaber.com\/mavikadin\/wp-content\/uploads\/Keremcem-Ask-Oyunu_restored.jpeg 2000w, https:\/\/www.tgrthaber.com\/mavikadin\/wp-content\/uploads\/Keremcem-Ask-Oyunu_restored-300x200.jpeg 300w, https:\/\/www.tgrthaber.com\/mavikadin\/wp-content\/uploads\/Keremcem-Ask-Oyunu_restored-1024x682.jpeg 1024w, https:\/\/www.tgrthaber.com\/mavikadin\/wp-content\/uploads\/Keremcem-Ask-Oyunu_restored-768x511.jpeg 768w, https:\/\/www.tgrthaber.com\/mavikadin\/wp-content\/uploads\/Keremcem-Ask-Oyunu_restored-1536x1023.jpeg 1536w\" sizes=\"(max-width: 2000px) 100vw, 2000px\" \/><\/p>\n<p>\u00dcniversite y\u0131llar\u0131nda tan\u0131\u015ft\u0131\u011f\u0131 arkada\u015f\u0131 Yunus Adak\u2019la beste \u00e7al\u0131\u015fmalar\u0131na devam etti.<\/p>\n<p>2001\u2019de Yonca Evcimik\u2019in te\u015fvikiyle \u0130stanbul\u2019a geldi. Evcimik vas\u0131tas\u0131yla 2004\u2019te Aykut G\u00fcrel\u2019le \u00e7al\u0131\u015fmaya ba\u015flad\u0131. 2004\u2019te ilk alb\u00fcm\u00fc Eyl\u00fcl, \u0130rem Records etiketiyle piyasaya \u00e7\u0131kt\u0131.<\/p>\n<p>\u201cNerelere Gideyim\u201d, \u201cPardes\u00fc\u201d, \u201cA\u011flayal\u0131m Beraber\u201d ve \u201cA\u015fk Oyunu\u201d gibi sevilen \u015fark\u0131lar\u0131n\u0131 i\u00e7eren bu alb\u00fcm Keremcem\u2019e \u201cPopsav\u201d ve \u201cAlt\u0131n Kelebek\u201dten \u201cEn \u0130yi \u00c7\u0131k\u0131\u015f Yapan Erkek Sanat\u00e7\u0131\u201d \u00f6d\u00fcllerini getirdi.<\/p>\n<p><img loading=\"lazy\" decoding=\"async\" class=\"alignnone size-full wp-image-111509\" src=\"https:\/\/www.tgrthaber.com\/mavikadin\/wp-content\/uploads\/Keremcem-altin-kelebek.jpg\" alt=\"\" width=\"1600\" height=\"900\" title=\"\" srcset=\"https:\/\/www.tgrthaber.com\/mavikadin\/wp-content\/uploads\/Keremcem-altin-kelebek.jpg 1600w, https:\/\/www.tgrthaber.com\/mavikadin\/wp-content\/uploads\/Keremcem-altin-kelebek-300x169.jpg 300w, https:\/\/www.tgrthaber.com\/mavikadin\/wp-content\/uploads\/Keremcem-altin-kelebek-1024x576.jpg 1024w, https:\/\/www.tgrthaber.com\/mavikadin\/wp-content\/uploads\/Keremcem-altin-kelebek-768x432.jpg 768w, https:\/\/www.tgrthaber.com\/mavikadin\/wp-content\/uploads\/Keremcem-altin-kelebek-1536x864.jpg 1536w\" sizes=\"(max-width: 1600px) 100vw, 1600px\" \/><\/p>\n<p>\u00dcnl\u00fc isim TRT\u2019de yay\u0131nlanan TV filmi \u201cKerem \u0130le Asl\u0131\u201d filminde \u201cKerem\u201di oynad\u0131.<\/p>\n<p>2005 y\u0131l\u0131nda A\u015fk Oyunu isimli dizide Sarp karakterini \u00fcstlendi. Ayn\u0131 sene Seden G\u00fcrel\u2019le d\u00fcet alb\u00fcmleri Maia&#8217;y\u0131 \u00e7\u0131kartt\u0131lar.<\/p>\n<p>Yine ayn\u0131 y\u0131l Sezen Aksu ve \u00d6zdemir Erdo\u011fan\u2019\u0131n sevilen \u015fark\u0131s\u0131 \u201cK\u00fc\u00e7\u00fck Bir A\u015fk Masal\u0131&#8221;n\u0131 yeniden yorumlad\u0131lar.<\/p>\n","protected":false},"excerpt":{"rendered":"<p>\u00dcnl\u00fc \u015fark\u0131c\u0131 Keremcem y\u0131llar sonra klip \u00e7ekti. Keremcem\u2019in 11 y\u0131l aradan sonra yay\u0131mlad\u0131\u011f\u0131 6. st\u00fcdyo alb\u00fcm\u00fc \u201c6\u201dn\u0131n \u00fc\u00e7\u00fcnc\u00fc video klibi \u201cBizi Unutma\u201d \u015fark\u0131s\u0131nda partneri Ya\u011fmur Y\u00fcksel oldu.<\/p>\n","protected":false},"author":5,"featured_media":111499,"comment_status":"closed","ping_status":"closed","sticky":false,"template":"","format":"standard","meta":{"rank_math_lock_modified_date":false,"footnotes":""},"categories":[76],"tags":[3685,2282],"class_list":["post-111496","post","type-post","status-publish","format-standard","has-post-thumbnail","hentry","category-magazin","tag-keremcem","tag-yagmur-yuksel"],"_links":{"self":[{"href":"https:\/\/www.tgrthaber.com\/mavikadin\/wp-json\/wp\/v2\/posts\/111496"}],"collection":[{"href":"https:\/\/www.tgrthaber.com\/mavikadin\/wp-json\/wp\/v2\/posts"}],"about":[{"href":"https:\/\/www.tgrthaber.com\/mavikadin\/wp-json\/wp\/v2\/types\/post"}],"author":[{"embeddable":true,"href":"https:\/\/www.tgrthaber.com\/mavikadin\/wp-json\/wp\/v2\/users\/5"}],"replies":[{"embeddable":true,"href":"https:\/\/www.tgrthaber.com\/mavikadin\/wp-json\/wp\/v2\/comments?post=111496"}],"version-history":[{"count":3,"href":"https:\/\/www.tgrthaber.com\/mavikadin\/wp-json\/wp\/v2\/posts\/111496\/revisions"}],"predecessor-version":[{"id":111510,"href":"https:\/\/www.tgrthaber.com\/mavikadin\/wp-json\/wp\/v2\/posts\/111496\/revisions\/111510"}],"wp:featuredmedia":[{"embeddable":true,"href":"https:\/\/www.tgrthaber.com\/mavikadin\/wp-json\/wp\/v2\/media\/111499"}],"wp:attachment":[{"href":"https:\/\/www.tgrthaber.com\/mavikadin\/wp-json\/wp\/v2\/media?parent=111496"}],"wp:term":[{"taxonomy":"category","embeddable":true,"href":"https:\/\/www.tgrthaber.com\/mavikadin\/wp-json\/wp\/v2\/categories?post=111496"},{"taxonomy":"post_tag","embeddable":true,"href":"https:\/\/www.tgrthaber.com\/mavikadin\/wp-json\/wp\/v2\/tags?post=111496"}],"curies":[{"name":"wp","href":"https:\/\/api.w.org\/{rel}","templated":true}]}}