{"id":111722,"date":"2024-12-24T16:54:33","date_gmt":"2024-12-24T13:54:33","guid":{"rendered":"https:\/\/www.tgrthaber.com\/mavikadin\/?p=111722"},"modified":"2024-12-24T16:54:33","modified_gmt":"2024-12-24T13:54:33","slug":"mersinli-kadin-girisimci-dunya-pazarina-acildi-busra-kisa-cagir-kadinlara-ornek-oldu","status":"publish","type":"post","link":"https:\/\/www.tgrthaber.com\/mavikadin\/mersinli-kadin-girisimci-dunya-pazarina-acildi-busra-kisa-cagir-kadinlara-ornek-oldu\/","title":{"rendered":"Mersinli kad\u0131n giri\u015fimci d\u00fcnya pazar\u0131na a\u00e7\u0131ld\u0131! B\u00fc\u015fra K\u0131sa \u00c7a\u011f\u0131r kad\u0131nlara \u00f6rnek oldu"},"content":{"rendered":"<p>B\u00fcy\u00fck\u015fehir Belediyesinin e\u011fitim programlar\u0131 ile i\u015f d\u00fcnyas\u0131nda pek \u00e7ok yenili\u011fi takip etme imkan\u0131 bulan \u00c7a\u011f\u0131r, yerel pazarda ba\u015flatt\u0131\u011f\u0131 \u00fcretim ser\u00fcvenini yeni bir at\u00f6lye kurarak h\u0131zla global pazara ta\u015f\u0131d\u0131.<\/p>\n<p>B\u00fc\u015fra K\u0131sa \u00c7a\u011f\u0131r\u2019\u0131n ba\u015far\u0131 \u00f6yk\u00fcs\u00fc, kad\u0131n giri\u015fimcilerin \u00f6n\u00fcndeki engelleri a\u015fabilmesi i\u00e7in toplumsal desteklerin ve do\u011fru f\u0131rsatlar\u0131n ne kadar \u00f6nemli oldu\u011funu g\u00f6steriyor. Yerel pazardan global pazara y\u00fckselmek, cesaret ve stratejik ad\u0131mlar gerektirse de, B\u00fc\u015fra\u2019n\u0131n hikayesi, kad\u0131n giri\u015fimcilerin daha b\u00fcy\u00fck ba\u015far\u0131lara imza atabilece\u011fini g\u00f6zler \u00f6n\u00fcne seriyor. B\u00fcy\u00fck\u015fehir Belediyesi\u2019nin sa\u011flad\u0131\u011f\u0131 bu desteklerin, kad\u0131nlar\u0131n ekonomik g\u00fc\u00e7lerini art\u0131rmalar\u0131na ve kendi i\u015flerini kurmalar\u0131na nas\u0131l katk\u0131 sa\u011flad\u0131\u011f\u0131 da \u00f6nemli bir ders veriyor.<\/p>\n<div style=\"width: 512px;\" class=\"wp-video\"><!--[if lt IE 9]><script>document.createElement('video');<\/script><![endif]-->\n<video class=\"wp-video-shortcode\" id=\"video-111722-1\" width=\"512\" height=\"288\" preload=\"metadata\" controls=\"controls\"><source type=\"video\/mp4\" src=\"https:\/\/www.tgrthaber.com\/mavikadin\/wp-content\/uploads\/Mersin-3.mp4?_=1\" \/><a href=\"https:\/\/www.tgrthaber.com\/mavikadin\/wp-content\/uploads\/Mersin-3.mp4\">https:\/\/www.tgrthaber.com\/mavikadin\/wp-content\/uploads\/Mersin-3.mp4<\/a><\/video><\/div>\n<p>B\u00fc\u015fra K\u0131sa \u00c7a\u011f\u0131r&#8217;\u0131n hikayesi, kad\u0131n giri\u015fimciler i\u00e7in ilham verici bir ba\u015far\u0131 \u00f6yk\u00fcs\u00fc. Mersin&#8217;de yerel pazarda k\u00fc\u00e7\u00fck bir butik i\u015fletme olarak ba\u015flad\u0131\u011f\u0131 \u00fcretim ser\u00fcveni, B\u00fcy\u00fck\u015fehir Belediyesi&#8217;nin sa\u011flad\u0131\u011f\u0131 desteklerle h\u0131zla b\u00fcy\u00fcm\u00fc\u015f ve global pazara a\u00e7\u0131lm\u0131\u015f. \u0130\u015fte bu hikayeyi detayl\u0131ca inceledi\u011fimizde, birka\u00e7 \u00f6nemli noktay\u0131 vurgulamak faydal\u0131 olacakt\u0131r:<\/p>\n<p><strong>1. YEREL PAZARDAN GLOBAL PAZARA Y\u00dcKSEL\u0130\u015e<\/strong><\/p>\n<p>B\u00fc\u015fra K\u0131sa \u00c7a\u011f\u0131r, ilk olarak Suntaka markas\u0131 ile anne bebek \u00fcr\u00fcnleri satmaya ba\u015flad\u0131. K\u00fc\u00e7\u00fck bir butik i\u015fletme olarak ba\u015flad\u0131\u011f\u0131 bu yolculuk, zamanla Mersin B\u00fcy\u00fck\u015fehir Belediyesi\u2019nin destekleriyle b\u00fcy\u00fck bir ba\u015far\u0131ya d\u00f6n\u00fc\u015ft\u00fc. \u00dcretici kad\u0131nlar i\u00e7in kurulan stantlarda yer alarak yerel pazarda kendine sa\u011flam bir yer edinmeyi ba\u015faran \u00c7a\u011f\u0131r, ayn\u0131 zamanda Mamaluv markas\u0131 ile global pazara a\u00e7\u0131ld\u0131. Kendi at\u00f6lyesini kurarak, kad\u0131nlara i\u015f imk\u00e2n\u0131 yaratmaya da ba\u015flad\u0131.<\/p>\n<p><strong>2. B\u00dcY\u00dcK\u015eEH\u0130R BELED\u0130YES\u0130N\u0130N KADIN G\u0130R\u0130\u015e\u0130MC\u0130LERE DESTE\u011e\u0130<\/strong><\/p>\n<p>B\u00fcy\u00fck\u015fehir Belediyesi&#8217;nin sa\u011flad\u0131\u011f\u0131 e\u011fitim programlar\u0131, kad\u0131n giri\u015fimcilerin i\u015f d\u00fcnyas\u0131nda kar\u015f\u0131la\u015ft\u0131klar\u0131 engelleri a\u015fmalar\u0131na yard\u0131mc\u0131 oluyor. Bu programlar sayesinde \u00c7a\u011f\u0131r, i\u015f d\u00fcnyas\u0131ndaki yenilikleri takip edebilmi\u015f ve kendisini geli\u015ftirebilmi\u015ftir. Belediyenin ayr\u0131ca \u00fccretsiz stant deste\u011fi ile \u00fcretici kad\u0131nlar, \u00fcr\u00fcnlerini daha geni\u015f bir kitleye tan\u0131tma f\u0131rsat\u0131 buluyor. \u00c7a\u011f\u0131r\u2019\u0131n da dedi\u011fi gibi, bu stantlar \u00f6zellikle Mersin\u2019in en yo\u011fun b\u00f6lgelerinde kurularak, giri\u015fimcilerin h\u0131zl\u0131ca daha fazla insana ula\u015fmalar\u0131n\u0131 sa\u011fl\u0131yor.<\/p>\n<p><strong>3. KADINLARA EKONOM\u0130K DESTEK VE TOPLUMSAL G\u00dc\u00c7LENME<\/strong><\/p>\n<p>B\u00fcy\u00fck\u015fehir Belediyesi, sadece ekonomik destek sa\u011flamakla kalmay\u0131p, ayn\u0131 zamanda kad\u0131nlar\u0131n toplumsal g\u00fcc\u00fcn\u00fc art\u0131rmak ad\u0131na \u00f6nemli bir ad\u0131m at\u0131yor. \u00c7a\u011f\u0131r, evde \u00fcretim yapan ancak b\u00fct\u00e7esi k\u0131s\u0131tl\u0131 olan kad\u0131nlar\u0131n da bu f\u0131rsatlarla giri\u015fimcilik d\u00fcnyas\u0131na ad\u0131m atabildi\u011fini belirtiyor. Belediye taraf\u0131ndan sa\u011flanan stantlar ve e\u011fitimler, kad\u0131nlara sosyal ve ekonomik a\u00e7\u0131dan g\u00fc\u00e7lenme f\u0131rsat\u0131 sunuyor.<\/p>\n<p><img loading=\"lazy\" decoding=\"async\" class=\"alignnone wp-image-111726\" src=\"https:\/\/www.tgrthaber.com\/mavikadin\/wp-content\/uploads\/MErsin-3.jpg\" alt=\"\" width=\"1208\" height=\"680\" title=\"\" srcset=\"https:\/\/www.tgrthaber.com\/mavikadin\/wp-content\/uploads\/MErsin-3.jpg 1920w, https:\/\/www.tgrthaber.com\/mavikadin\/wp-content\/uploads\/MErsin-3-300x169.jpg 300w, https:\/\/www.tgrthaber.com\/mavikadin\/wp-content\/uploads\/MErsin-3-1024x576.jpg 1024w, https:\/\/www.tgrthaber.com\/mavikadin\/wp-content\/uploads\/MErsin-3-768x432.jpg 768w, https:\/\/www.tgrthaber.com\/mavikadin\/wp-content\/uploads\/MErsin-3-1536x864.jpg 1536w\" sizes=\"(max-width: 1208px) 100vw, 1208px\" \/><\/p>\n<p><strong>4. G\u0130R\u0130\u015e\u0130MC\u0130 KADINLARIN \u00d6ZG\u00dcVEN KAZANMASI<\/strong><\/p>\n<p>B\u00fc\u015fra K\u0131sa \u00c7a\u011f\u0131r&#8217;\u0131n deneyimlerinden bir di\u011fer \u00f6nemli ders, giri\u015fimcilik yolculu\u011funda \u00f6zg\u00fcvenin ne kadar \u00f6nemli oldu\u011fudur. B\u00fcy\u00fck\u015fehir Belediyesi&#8217;nin destekleri ve e\u011fitim programlar\u0131, kad\u0131nlar\u0131n kendi i\u015flerini kurabilmeleri i\u00e7in gerekli olan cesareti ve bilgiyi sa\u011fl\u0131yor. \u00c7a\u011f\u0131r, bu desteklerin kendisinin ve di\u011fer kad\u0131n giri\u015fimcilerin daha b\u00fcy\u00fck ad\u0131mlar atabilmelerine olanak tan\u0131d\u0131\u011f\u0131n\u0131 vurguluyor.<\/p>\n<p><strong>5. SOSYAL SORUMLULUK VE TOPLUMDA ETK\u0130 OLU\u015eTURMA<\/strong><\/p>\n<p>B\u00fc\u015fra K\u0131sa \u00c7a\u011f\u0131r, sadece i\u015fini b\u00fcy\u00fctmekle kalmay\u0131p, kad\u0131nlara da i\u015f imk\u00e2n\u0131 yaratma amac\u0131n\u0131 ta\u015f\u0131yor. Kendi at\u00f6lyesinde kad\u0131nlara i\u015f olana\u011f\u0131 sunarak, ekonomik ba\u011f\u0131ms\u0131zl\u0131klar\u0131n\u0131 kazanmalar\u0131na yard\u0131mc\u0131 oluyor. Bu durum, i\u015f d\u00fcnyas\u0131nda sadece bireysel ba\u015far\u0131 de\u011fil, ayn\u0131 zamanda toplumsal bir d\u00f6n\u00fc\u015f\u00fcm yaratma amac\u0131n\u0131 ta\u015f\u0131yan bir giri\u015fimcilik modelini ortaya koyuyor.<\/p>\n","protected":false},"excerpt":{"rendered":"<p>Mersin&#8217;de yerel pazarda butik i\u015fletmeci olarak \u00fcretime ba\u015flayan kad\u0131n giri\u015fimci B\u00fc\u015fra K\u0131sa \u00c7a\u011f\u0131r \u00fcretici kad\u0131n stantlar\u0131nda olduktan sonra zaman i\u00e7inde d\u00fcnya pazar\u0131na a\u00e7\u0131lmay\u0131 ba\u015fard\u0131. B\u00fcy\u00fck\u015fehir Belediyesinin e\u011fitim programlar\u0131 kapsam\u0131nda e\u011fitim programlar\u0131n\u0131 takip etme f\u0131rsat\u0131 bulan \u00c7a\u011f\u0131r\u2019\u0131n ba\u015far\u0131 \u00f6yk\u00fcs\u00fc etkileyici.<\/p>\n","protected":false},"author":5,"featured_media":111723,"comment_status":"closed","ping_status":"closed","sticky":false,"template":"","format":"standard","meta":{"rank_math_lock_modified_date":false,"footnotes":""},"categories":[2149],"tags":[5812,5811],"class_list":["post-111722","post","type-post","status-publish","format-standard","has-post-thumbnail","hentry","category-guclu-kadin","tag-kadin-girisimci","tag-mersinli-kadin-girisimci"],"_links":{"self":[{"href":"https:\/\/www.tgrthaber.com\/mavikadin\/wp-json\/wp\/v2\/posts\/111722"}],"collection":[{"href":"https:\/\/www.tgrthaber.com\/mavikadin\/wp-json\/wp\/v2\/posts"}],"about":[{"href":"https:\/\/www.tgrthaber.com\/mavikadin\/wp-json\/wp\/v2\/types\/post"}],"author":[{"embeddable":true,"href":"https:\/\/www.tgrthaber.com\/mavikadin\/wp-json\/wp\/v2\/users\/5"}],"replies":[{"embeddable":true,"href":"https:\/\/www.tgrthaber.com\/mavikadin\/wp-json\/wp\/v2\/comments?post=111722"}],"version-history":[{"count":1,"href":"https:\/\/www.tgrthaber.com\/mavikadin\/wp-json\/wp\/v2\/posts\/111722\/revisions"}],"predecessor-version":[{"id":111728,"href":"https:\/\/www.tgrthaber.com\/mavikadin\/wp-json\/wp\/v2\/posts\/111722\/revisions\/111728"}],"wp:featuredmedia":[{"embeddable":true,"href":"https:\/\/www.tgrthaber.com\/mavikadin\/wp-json\/wp\/v2\/media\/111723"}],"wp:attachment":[{"href":"https:\/\/www.tgrthaber.com\/mavikadin\/wp-json\/wp\/v2\/media?parent=111722"}],"wp:term":[{"taxonomy":"category","embeddable":true,"href":"https:\/\/www.tgrthaber.com\/mavikadin\/wp-json\/wp\/v2\/categories?post=111722"},{"taxonomy":"post_tag","embeddable":true,"href":"https:\/\/www.tgrthaber.com\/mavikadin\/wp-json\/wp\/v2\/tags?post=111722"}],"curies":[{"name":"wp","href":"https:\/\/api.w.org\/{rel}","templated":true}]}}