{"id":111774,"date":"2024-12-24T18:07:36","date_gmt":"2024-12-24T15:07:36","guid":{"rendered":"https:\/\/www.tgrthaber.com\/mavikadin\/?p=111774"},"modified":"2024-12-26T17:17:13","modified_gmt":"2024-12-26T14:17:13","slug":"masterchef-serkan-guzelcoban-kimdir-dunyanin-tek-engelli-michelin-restorani-sahibinin-kariyeri-arastiriliyor","status":"publish","type":"post","link":"https:\/\/www.tgrthaber.com\/mavikadin\/masterchef-serkan-guzelcoban-kimdir-dunyanin-tek-engelli-michelin-restorani-sahibinin-kariyeri-arastiriliyor\/","title":{"rendered":"MasterChef Serkan G\u00fczel\u00e7oban kimdir? D\u00fcnyan\u0131n tek engelli Michelin restoran\u0131 sahibinin kariyeri ara\u015ft\u0131r\u0131l\u0131yor!"},"content":{"rendered":"<p class=\"p1\">Serkan G\u00fczel\u00e7oban, yaln\u0131zca mutfak sanatlar\u0131ndaki ustal\u0131\u011f\u0131yla de\u011fil, ayn\u0131 zamanda ilham veren ya\u015fam \u00f6yk\u00fcs\u00fcyle de dikkat \u00e7eken bir isim. D\u00fcnya \u00e7ap\u0131nda gastronomi alan\u0131nda kazand\u0131\u011f\u0131 ba\u015far\u0131lar, onu T\u00fcrk mutfa\u011f\u0131n\u0131n \u00f6nemli temsilcilerinden biri haline getirdi. Michelin y\u0131ld\u0131z\u0131 kazanan ikinci T\u00fcrk \u015fef olarak gurbetten zirveye uzanan yolculu\u011fu, sadece azmi ve yetene\u011fiyle de\u011fil, ayn\u0131 zamanda hayalleri ger\u00e7ekle\u015ftirme konusundaki kararl\u0131l\u0131\u011f\u0131yla da \u00f6rnek te\u015fkil ediyor. Ayr\u0131ca, d\u00fcnyan\u0131n ilk ve tek engelli dostu Michelin y\u0131ld\u0131zl\u0131 restoran\u0131n\u0131n sahibi ve i\u015fletmecisi olarak da gastronomi d\u00fcnyas\u0131nda bir ilki ger\u00e7ekle\u015ftirdi. Bu ak\u015fam MasterChef T\u00fcrkiye sahnesinde konuk j\u00fcri olarak yer alan Serkan G\u00fczel\u00e7oban, yar\u0131\u015fmac\u0131lara hem rehberlik edecek hem de onlardan s\u0131n\u0131rlar\u0131n\u0131 zorlamalar\u0131n\u0131 bekleyecek. Yar\u0131\u015fman\u0131n bu \u00f6zel b\u00f6l\u00fcm\u00fcnde G\u00fczel\u00e7oban, kendi tariflerinden biri olan &#8220;Denizli&#8217;nin Horozu&#8221; yeme\u011fiyle dikkatleri \u00fczerine \u00e7ekti. Peki, mutfak d\u00fcnyas\u0131nda bir y\u0131ld\u0131z gibi parlayan ve engelleri a\u015farak ba\u015far\u0131ya ula\u015fan Serkan G\u00fczel\u00e7oban kimdir? Ka\u00e7 ya\u015f\u0131nda, nereli? \u0130\u015fte MasterCher konuk j\u00fcrisi Serkan G\u00fczel\u00e7oban\u2019\u0131n hayat\u0131na dair t\u00fcm merak edilenler\u2026<\/p>\n<hr \/>\n<h3>D\u00dcNYANIN TEK ENGELL\u0130 M\u0130CHEL\u0130N RESTORANI SAH\u0130N\u0130 SERKAN G\u00dcZEL\u00c7OBAN MASTERCHEF&#8217;TE<\/h3>\n<p class=\"p1\">Serkan G\u00fczel\u00e7oban, gastronomi d\u00fcnyas\u0131nda sadece ba\u015far\u0131l\u0131 bir \u015fef de\u011fil, ayn\u0131 zamanda hayat\u0131yla da ilham veren bir lider olarak tan\u0131n\u0131yor. Almanya\u2019da do\u011fup b\u00fcy\u00fcyen ve gurbet\u00e7i bir ailenin \u00e7ocu\u011fu olarak hayata ba\u015flayan G\u00fczel\u00e7oban, zorluklar\u0131 a\u015farak Michelin y\u0131ld\u0131z\u0131na ula\u015fan ikinci T\u00fcrk \u015fef unvan\u0131n\u0131 kazand\u0131. Ancak onun ba\u015far\u0131 hikayesi yaln\u0131zca mutfak becerileriyle s\u0131n\u0131rl\u0131 de\u011fil; d\u00fcnyan\u0131n ilk ve tek engelli dostu Michelin y\u0131ld\u0131zl\u0131 restoran\u0131n\u0131 kurarak gastronomi d\u00fcnyas\u0131nda sosyal bir fark\u0131ndal\u0131k hareketi ba\u015flatt\u0131. Restoran\u0131, hem e\u015fsiz lezzetleri hem de kapsay\u0131c\u0131 yap\u0131s\u0131yla dikkat \u00e7ekiyor ve bu yakla\u015f\u0131m\u0131yla toplumsal e\u015fitlik ve insan haklar\u0131 konular\u0131nda \u00f6rnek bir giri\u015fim olarak \u00f6ne \u00e7\u0131k\u0131yor. G\u00fczel\u00e7oban\u2019\u0131n mutfa\u011f\u0131, sadece tat alma duyusuna de\u011fil, ayn\u0131 zamanda ruhlara dokunmay\u0131 hedefleyen bir sanat alan\u0131 olarak de\u011ferlendiriliyor.<\/p>\n<hr \/>\n<p><img loading=\"lazy\" decoding=\"async\" class=\"alignnone wp-image-111775 size-full\" src=\"https:\/\/www.tgrthaber.com\/mavikadin\/wp-content\/uploads\/MasterChef-Serkan-Guzelcoban-kimdir-Dunyanin-tek-engelli-Michelin-restorani-sahibinin-kariyeri-arastiriliyor.png\" alt=\"serkan g\u00fczel\u00e7oban \" width=\"1208\" height=\"720\" title=\"\" srcset=\"https:\/\/www.tgrthaber.com\/mavikadin\/wp-content\/uploads\/MasterChef-Serkan-Guzelcoban-kimdir-Dunyanin-tek-engelli-Michelin-restorani-sahibinin-kariyeri-arastiriliyor.png 1208w, https:\/\/www.tgrthaber.com\/mavikadin\/wp-content\/uploads\/MasterChef-Serkan-Guzelcoban-kimdir-Dunyanin-tek-engelli-Michelin-restorani-sahibinin-kariyeri-arastiriliyor-300x179.png 300w, https:\/\/www.tgrthaber.com\/mavikadin\/wp-content\/uploads\/MasterChef-Serkan-Guzelcoban-kimdir-Dunyanin-tek-engelli-Michelin-restorani-sahibinin-kariyeri-arastiriliyor-1024x610.png 1024w, https:\/\/www.tgrthaber.com\/mavikadin\/wp-content\/uploads\/MasterChef-Serkan-Guzelcoban-kimdir-Dunyanin-tek-engelli-Michelin-restorani-sahibinin-kariyeri-arastiriliyor-768x458.png 768w\" sizes=\"(max-width: 1208px) 100vw, 1208px\" \/><\/p>\n<h3>MASTERCHEF\u00a0 SERKAN G\u00dcZEL\u00c7OBAN K\u0130MD\u0130R, KA\u00c7 YA\u015eINDA?<\/h3>\n<p class=\"p2\">Serkan G\u00fczel\u00e7oban, 27 Aral\u0131k 1984&#8217;te Almanya&#8217;n\u0131n Stuttgart-Heslach b\u00f6lgesinde d\u00fcnyaya geldi. Denizlili bir ailenin \u00e7ocu\u011fu olan G\u00fczel\u00e7oban, erken ya\u015flardan itibaren \u00e7al\u0131\u015fkanl\u0131\u011f\u0131 ve azmiyle dikkat \u00e7ekti. Mutfak sanatlar\u0131na olan tutkusu, \u00e7ocukluk y\u0131llar\u0131nda ailesinden ald\u0131\u011f\u0131 ilhamla \u015fekillenmeye ba\u015flad\u0131.<\/p>\n<p class=\"p2\">2001 y\u0131l\u0131nda bir stajyer olarak mutfa\u011fa ilk ad\u0131m\u0131n\u0131 atan Serkan G\u00fczel\u00e7oban, kariyerinde bir\u00e7ok \u00fcnl\u00fc \u015fefle \u00e7al\u0131\u015fma \u015fans\u0131 elde ederek gastronomi d\u00fcnyas\u0131nda kendine sa\u011flam bir yer edindi. Onun vizyonu, yaln\u0131zca ba\u015far\u0131l\u0131 bir \u015fef olmakla s\u0131n\u0131rl\u0131 kalmad\u0131; sosyal bir fark\u0131ndal\u0131k olu\u015fturma misyonuyla mutfak sanatlar\u0131n\u0131 daha geni\u015f bir perspektifle ele ald\u0131.<\/p>\n<hr \/>\n<p><img loading=\"lazy\" decoding=\"async\" class=\"alignnone wp-image-111776 size-full\" src=\"https:\/\/www.tgrthaber.com\/mavikadin\/wp-content\/uploads\/MasterChef-Serkan-Guzelcoban-kimdir-Dunyanin-tek-engelli-Michelin-restorani-sahibinin-kariyeri-arastiriliyor4.png\" alt=\"masterchef \" width=\"1208\" height=\"720\" title=\"\" srcset=\"https:\/\/www.tgrthaber.com\/mavikadin\/wp-content\/uploads\/MasterChef-Serkan-Guzelcoban-kimdir-Dunyanin-tek-engelli-Michelin-restorani-sahibinin-kariyeri-arastiriliyor4.png 1208w, https:\/\/www.tgrthaber.com\/mavikadin\/wp-content\/uploads\/MasterChef-Serkan-Guzelcoban-kimdir-Dunyanin-tek-engelli-Michelin-restorani-sahibinin-kariyeri-arastiriliyor4-300x179.png 300w, https:\/\/www.tgrthaber.com\/mavikadin\/wp-content\/uploads\/MasterChef-Serkan-Guzelcoban-kimdir-Dunyanin-tek-engelli-Michelin-restorani-sahibinin-kariyeri-arastiriliyor4-1024x610.png 1024w, https:\/\/www.tgrthaber.com\/mavikadin\/wp-content\/uploads\/MasterChef-Serkan-Guzelcoban-kimdir-Dunyanin-tek-engelli-Michelin-restorani-sahibinin-kariyeri-arastiriliyor4-768x458.png 768w\" sizes=\"(max-width: 1208px) 100vw, 1208px\" \/><\/p>\n<p class=\"p2\">2013 y\u0131l\u0131nda Almanya\u2019da \u201cRestaurant Handicap\u201d isimli restoran\u0131n\u0131 a\u00e7arak gastronomi d\u00fcnyas\u0131nda e\u015fsiz bir ilke imza att\u0131. D\u00fcnyan\u0131n ilk engelli \u00e7al\u0131\u015fanlarla hizmet veren restoran\u0131 olan Handicap, hem sosyal sorumluluk anlay\u0131\u015f\u0131 hem de lezzetleriyle k\u0131sa s\u00fcrede b\u00fcy\u00fck bir ba\u015far\u0131 elde etti.<\/p>\n<p class=\"p2\">Kas\u0131m 2014\u2019te 1 Michelin Y\u0131ld\u0131z\u0131 alarak uluslararas\u0131 arenada ad\u0131n\u0131 duyuran Serkan G\u00fczel\u00e7oban, bu ba\u015far\u0131yla Michelin y\u0131ld\u0131z\u0131 kazanan ikinci T\u00fcrk \u015fef unvan\u0131n\u0131 kazand\u0131. Bir y\u0131l sonra, Kas\u0131m 2015\u2019te prestijli Gault&amp;Millau rehberinden 16 puan alarak ba\u015far\u0131s\u0131n\u0131 per\u00e7inledi. G\u00fczel\u00e7oban, yaln\u0131zca mutfakta de\u011fil, toplumsal e\u015fitlik ve kapsay\u0131c\u0131l\u0131k konular\u0131nda da bir \u00f6nc\u00fc olarak an\u0131lmaya devam ediyor.<\/p>\n","protected":false},"excerpt":{"rendered":"<p>MasterChef T\u00fcrkiye\u2019nin bu ak\u015famki konu\u011fu D\u00fcnyan\u0131n ilk ve tek engelli Michelin restoran\u0131 sahibi ve i\u015fletmecisi Serkan G\u00fczel\u00e7oban oldu. Kariyeri ve hayat\u0131 merak edilen \u00fcnl\u00fc \u015fefin biyografisi ara\u015ft\u0131r\u0131l\u0131yor. Peki Serkan G\u00fczel\u00e7oban kimdir, ka\u00e7 ya\u015f\u0131nda, nereli? \u0130\u015fte merak edilen sorular\u0131n cevaplar\u0131\u2026 <\/p>\n","protected":false},"author":16,"featured_media":111777,"comment_status":"closed","ping_status":"closed","sticky":false,"template":"","format":"standard","meta":{"rank_math_lock_modified_date":false,"footnotes":""},"categories":[491],"tags":[5821,5820,5823,5822],"class_list":["post-111774","post","type-post","status-publish","format-standard","has-post-thumbnail","hentry","category-biyografi","tag-masterchef-konuk-jurisi-serkan-guzelcoban-kimdir","tag-masterchef-serkan-guzelcoban-kimdir","tag-serkan-guzel-coban-engelli-michelin-restorani-sahibi","tag-serkan-guzelcoban-kac-yasinda"],"_links":{"self":[{"href":"https:\/\/www.tgrthaber.com\/mavikadin\/wp-json\/wp\/v2\/posts\/111774"}],"collection":[{"href":"https:\/\/www.tgrthaber.com\/mavikadin\/wp-json\/wp\/v2\/posts"}],"about":[{"href":"https:\/\/www.tgrthaber.com\/mavikadin\/wp-json\/wp\/v2\/types\/post"}],"author":[{"embeddable":true,"href":"https:\/\/www.tgrthaber.com\/mavikadin\/wp-json\/wp\/v2\/users\/16"}],"replies":[{"embeddable":true,"href":"https:\/\/www.tgrthaber.com\/mavikadin\/wp-json\/wp\/v2\/comments?post=111774"}],"version-history":[{"count":2,"href":"https:\/\/www.tgrthaber.com\/mavikadin\/wp-json\/wp\/v2\/posts\/111774\/revisions"}],"predecessor-version":[{"id":112692,"href":"https:\/\/www.tgrthaber.com\/mavikadin\/wp-json\/wp\/v2\/posts\/111774\/revisions\/112692"}],"wp:featuredmedia":[{"embeddable":true,"href":"https:\/\/www.tgrthaber.com\/mavikadin\/wp-json\/wp\/v2\/media\/111777"}],"wp:attachment":[{"href":"https:\/\/www.tgrthaber.com\/mavikadin\/wp-json\/wp\/v2\/media?parent=111774"}],"wp:term":[{"taxonomy":"category","embeddable":true,"href":"https:\/\/www.tgrthaber.com\/mavikadin\/wp-json\/wp\/v2\/categories?post=111774"},{"taxonomy":"post_tag","embeddable":true,"href":"https:\/\/www.tgrthaber.com\/mavikadin\/wp-json\/wp\/v2\/tags?post=111774"}],"curies":[{"name":"wp","href":"https:\/\/api.w.org\/{rel}","templated":true}]}}