{"id":111780,"date":"2024-12-24T18:31:10","date_gmt":"2024-12-24T15:31:10","guid":{"rendered":"https:\/\/www.tgrthaber.com\/mavikadin\/?p=111780"},"modified":"2024-12-24T18:31:10","modified_gmt":"2024-12-24T15:31:10","slug":"sen-aglama-istanbul-aysegul-unsal-kimdir-yasi-ve-oyunculuk-kariyeri-merak-edildi","status":"publish","type":"post","link":"https:\/\/www.tgrthaber.com\/mavikadin\/sen-aglama-istanbul-aysegul-unsal-kimdir-yasi-ve-oyunculuk-kariyeri-merak-edildi\/","title":{"rendered":"Sen A\u011flama \u0130stanbul Ay\u015feg\u00fcl \u00dcnsal kimdir? Ya\u015f\u0131 ve oyunculuk kariyeri merak edildi"},"content":{"rendered":"<p>Star TV ekranlar\u0131n\u0131n iddial\u0131 dizileri aras\u0131nda yer alan \u201cSen A\u011flama \u0130stanbul\u201d ge\u00e7ti\u011fimiz haftalarda ekran maceras\u0131na ba\u015flam\u0131\u015ft\u0131. Hem konusuyla hem de g\u00fc\u00e7l\u00fc oyuncu kadrosuyla dikkatleri \u00fczerine \u00e7eken Sen A\u011flama \u0130stanbul dizisi, seyirci taraf\u0131ndan yo\u011fun ilgi g\u00f6r\u00fcyor. G\u00fc\u00e7l\u00fc oyuncu kadrosuyla dikkatleri \u00fczerine \u00e7eken dizide \u015eehrazat karakterinin annesine hayat veren Ay\u015feg\u00fcl \u00dcnsal\u2019\u0131n da kim oldu\u011fu seyirci taraf\u0131ndan merak ediliyor. Sen A\u011flama \u0130stanbul dizisinin ba\u015far\u0131l\u0131 oyuncusu Ay\u015feg\u00fcl \u00dcnsal hakk\u0131nda merak edilenleri sizin i\u00e7in ara\u015ft\u0131rd\u0131k.<\/p>\n<p>Peki, Sen A\u011flama \u0130stanbul dizisinin ba\u015far\u0131l\u0131 oyuncusu Ay\u015feg\u00fcl \u00dcnsal kimdir? Ay\u015feg\u00fcl \u00dcnsal ka\u00e7 ya\u015f\u0131nda, nereli? Ay\u015feg\u00fcl \u00dcnsal oyunculuk kariyerinde nas\u0131l ilerledi? \u0130\u015fte Ay\u015feg\u00fcl \u00dcnsal\u2019\u0131n \u00f6zel hayat\u0131 hakk\u0131nda merak edilenler\u2026<\/p>\n<h3>AY\u015eEG\u00dcL \u00dcNSAL K\u0130MD\u0130R?<\/h3>\n<p>Ay\u015feg\u00fcl \u00dcnsal, 17 A\u011fustos 1973 tarihinde \u0130stanbul\u2019da d\u00fcnyaya geldi. \u0130leti\u015fim uzman\u0131 bir anne ve mimar bir baban\u0131n ilk \u00e7ocu\u011fu olarak d\u00fcnyaya gelen ba\u015far\u0131l\u0131 oyuncu \u00dcnsal, ilkokul e\u011fitimini ba\u015far\u0131yla tamamlad\u0131ktan sonra ortaokul ve lise e\u011fitimini Be\u015fikta\u015f K\u0131z Lisesi\u2019nde\u00a0tamamlayarak bitirdi.<\/p>\n<p><img loading=\"lazy\" decoding=\"async\" class=\"alignnone wp-image-111781\" src=\"https:\/\/www.tgrthaber.com\/mavikadin\/wp-content\/uploads\/Adsiz-tasarim-2024-12-24T182543.353-1024x576.jpg\" alt=\"Sen A\u011flama \u0130stanbul Ay\u015feg\u00fcl \u00dcnsal kimdir? \" width=\"1208\" height=\"680\" title=\"\" srcset=\"https:\/\/www.tgrthaber.com\/mavikadin\/wp-content\/uploads\/Adsiz-tasarim-2024-12-24T182543.353-1024x576.jpg 1024w, https:\/\/www.tgrthaber.com\/mavikadin\/wp-content\/uploads\/Adsiz-tasarim-2024-12-24T182543.353-300x169.jpg 300w, https:\/\/www.tgrthaber.com\/mavikadin\/wp-content\/uploads\/Adsiz-tasarim-2024-12-24T182543.353-768x432.jpg 768w, https:\/\/www.tgrthaber.com\/mavikadin\/wp-content\/uploads\/Adsiz-tasarim-2024-12-24T182543.353-1536x864.jpg 1536w, https:\/\/www.tgrthaber.com\/mavikadin\/wp-content\/uploads\/Adsiz-tasarim-2024-12-24T182543.353.jpg 1600w\" sizes=\"(max-width: 1208px) 100vw, 1208px\" \/><\/p>\n<p>Tiyatroya olduk\u00e7a ilgili olan Ay\u015feg\u00fcl \u00dcnsal profesyonel tiyatro kariyerine, Yasemin Yal\u00e7\u0131n Tiyatrosu\u2019nda \u201cBeni Biraz Y\u00f6netir Misin?\u201d adl\u0131 tiyatro oyununda y\u00f6netmen yard\u0131mc\u0131s\u0131, oyuncu ve dans\u00e7\u0131 olarak yer almas\u0131yla ba\u015flad\u0131. \u00dcnsal, 1992 y\u0131l\u0131nda girdi\u011fi \u0130stanbul \u00dcniversitesi Devlet Konservatuvar\u0131 Tiyatro Anasanat Dal\u0131 Oyunculuk B\u00f6l\u00fcm\u00fc\u2019nden 1996 y\u0131l\u0131nda mezun oldu.<\/p>\n<h3>AY\u015eEG\u00dcL \u00dcNSAL KA\u00c7 YA\u015eINDA?<\/h3>\n<p>\u015eimdilerde 51 ya\u015f\u0131nda olan ba\u015far\u0131l\u0131 oyuncu Ay\u015feg\u00fcl \u00dcnsal, tiyatro oyunculu\u011funun yan\u0131 s\u0131ra televizyon oyunculu\u011fu ve sinema oyunculu\u011fu alan\u0131nda da ba\u015far\u0131l\u0131 i\u015flere imza atm\u0131\u015ft\u0131r. Kariyerine 1991 y\u0131llar\u0131nda ba\u015flayan ba\u015far\u0131l\u0131 oyuncu \u00dcnsal, g\u00fcn\u00fcm\u00fczde hala ba\u015far\u0131l\u0131 performans\u0131yla dizilerde \u00f6nemli karakterlere can veriyor.<\/p>\n<p><img loading=\"lazy\" decoding=\"async\" class=\"alignnone wp-image-111782\" src=\"https:\/\/www.tgrthaber.com\/mavikadin\/wp-content\/uploads\/Adsiz-tasarim-2024-12-24T182527.648-1024x576.jpg\" alt=\"Sen A\u011flama \u0130stanbul Ay\u015feg\u00fcl \u00dcnsal kimdir? \" width=\"1208\" height=\"680\" title=\"\" srcset=\"https:\/\/www.tgrthaber.com\/mavikadin\/wp-content\/uploads\/Adsiz-tasarim-2024-12-24T182527.648-1024x576.jpg 1024w, https:\/\/www.tgrthaber.com\/mavikadin\/wp-content\/uploads\/Adsiz-tasarim-2024-12-24T182527.648-300x169.jpg 300w, https:\/\/www.tgrthaber.com\/mavikadin\/wp-content\/uploads\/Adsiz-tasarim-2024-12-24T182527.648-768x432.jpg 768w, https:\/\/www.tgrthaber.com\/mavikadin\/wp-content\/uploads\/Adsiz-tasarim-2024-12-24T182527.648-1536x864.jpg 1536w, https:\/\/www.tgrthaber.com\/mavikadin\/wp-content\/uploads\/Adsiz-tasarim-2024-12-24T182527.648.jpg 1600w\" sizes=\"(max-width: 1208px) 100vw, 1208px\" \/><\/p>\n<p>Oyunculu\u011fun yan\u0131 s\u0131ra 1994 y\u0131l\u0131ndan itibaren \u201cHareket Meditasyonlar\u0131\u201d ve \u201cNefes Teknikleri\u201d \u00fczerine e\u011fitimler\u00a0alan Ay\u015feg\u00fcl \u00dcnsal, ki\u015fisel geli\u015fim a\u00e7\u0131s\u0131ndan da \u00f6nemli projelere imza atm\u0131\u015ft\u0131r. \u00dcnsal, \u201cBeden ve Nefes B\u00fct\u00fcnl\u00fc\u011f\u00fc\u201d \u00fczerine \u00e7e\u015fitli \u00e7al\u0131\u015fmalar yapm\u0131\u015f ve uygulay\u0131c\u0131s\u0131 oldu\u011fu t\u00fcm bu teknikleri i\u00e7inde bar\u0131nd\u0131ran \u201cNefes Fark\u0131ndal\u0131\u011f\u0131\u201d \u00e7al\u0131\u015fmalar\u0131n\u0131 geli\u015ftirmi\u015ftir.<\/p>\n<h3>AY\u015eEG\u00dcL \u00dcNSAL KAR\u0130YER\u0130NDE NASIL \u0130LERLED\u0130?<\/h3>\n<p>Kariyerine 1991\u2019li y\u0131llarda ba\u015flayan ve ilk olarak tiyatro alan\u0131nda kendini geli\u015ftiren Ay\u015feg\u00fcl \u00dcnsal, ilerleyen zamanlarda televizyon ve sinema oyunculu\u011funa y\u00f6nelmi\u015ftir. Tiyatro ile ba\u015flayan kariyerini televizyon ve sinema oyunculu\u011fuyla devam ettiren \u00dcnsal, ba\u015far\u0131l\u0131 projelere imza atm\u0131\u015ft\u0131r.<\/p>\n<p><img loading=\"lazy\" decoding=\"async\" class=\"alignnone wp-image-111783\" src=\"https:\/\/www.tgrthaber.com\/mavikadin\/wp-content\/uploads\/Adsiz-tasarim-2024-12-24T182440.385-1024x576.jpg\" alt=\"Sen A\u011flama \u0130stanbul Ay\u015feg\u00fcl \u00dcnsal kimdir? \" width=\"1208\" height=\"680\" title=\"\" srcset=\"https:\/\/www.tgrthaber.com\/mavikadin\/wp-content\/uploads\/Adsiz-tasarim-2024-12-24T182440.385-1024x576.jpg 1024w, https:\/\/www.tgrthaber.com\/mavikadin\/wp-content\/uploads\/Adsiz-tasarim-2024-12-24T182440.385-300x169.jpg 300w, https:\/\/www.tgrthaber.com\/mavikadin\/wp-content\/uploads\/Adsiz-tasarim-2024-12-24T182440.385-768x432.jpg 768w, https:\/\/www.tgrthaber.com\/mavikadin\/wp-content\/uploads\/Adsiz-tasarim-2024-12-24T182440.385-1536x864.jpg 1536w, https:\/\/www.tgrthaber.com\/mavikadin\/wp-content\/uploads\/Adsiz-tasarim-2024-12-24T182440.385.jpg 1600w\" sizes=\"(max-width: 1208px) 100vw, 1208px\" \/><\/p>\n<p>Ay\u015feg\u00fcl \u00dcnsal, ilk televizyon oyunculu\u011fu deneyimini 1993 y\u0131l\u0131nda \u201cYaz Evi\u201d adl\u0131 televizyon dizisiyle ger\u00e7ekle\u015ftirmi\u015ftir. Daha sonra bir\u00e7ok dizide yer alan \u00dcnsal, \u201cS\u00fcper Baba\u201d, \u201cGelim\u201d, \u201cMaskeli Balo\u201d gibi dizilerde boy g\u00f6stermi\u015ftir. \u00dcnsal, 2014-2015 y\u0131llar\u0131 aras\u0131nda yay\u0131mlanan \u201cKiraz Mevsimi\u201d dizisinde rol alm\u0131\u015f ve bu rol\u00fcyle pop\u00fclerli\u011fini art\u0131rm\u0131\u015ft\u0131r. Kiraz Mevsimi dizisiyle ad\u0131ndan s\u00f6z ettiren \u00dcnsal, daha sonra \u201cA\u015fk ve Mavi\u201d ve \u201cAlparslan: B\u00fcy\u00fck Sel\u00e7uklu\u201d dizilerinde rol alm\u0131\u015ft\u0131r.<\/p>\n<h3>SEN A\u011eLAMA D\u0130Z\u0130S\u0130YLE \u0130ZLEY\u0130C\u0130 KAR\u015eISINA \u00c7IKIYOR!<\/h3>\n<p>Son olarak NOW TV ekranlar\u0131nda \u201cYabani\u201d dizisiyle izleyici kar\u015f\u0131s\u0131na \u00e7\u0131kan Ay\u015feg\u00fcl \u00dcnsal, \u015fimdilerde Sen A\u011flama \u0130stanbul dizisinde \u015eehrazat karakterinin annesi olarak kar\u015f\u0131m\u0131za \u00e7\u0131k\u0131yor. Star TV ekranlar\u0131n\u0131n iddial\u0131 dizileri aras\u0131nda yer alan Sen A\u011flama \u0130stanbul dizisi hem konusu hem de g\u00fc\u00e7l\u00fc oyuncu kadrosuyla dikkatleri \u00fczerine \u00e7ekiyor.<\/p>\n<p><img loading=\"lazy\" decoding=\"async\" class=\"alignnone wp-image-111784\" src=\"https:\/\/www.tgrthaber.com\/mavikadin\/wp-content\/uploads\/Adsiz-tasarim-2024-12-24T182613.474-1024x576.jpg\" alt=\"Sen A\u011flama \u0130stanbul Ay\u015feg\u00fcl \u00dcnsal kimdir? \" width=\"1208\" height=\"680\" title=\"\" srcset=\"https:\/\/www.tgrthaber.com\/mavikadin\/wp-content\/uploads\/Adsiz-tasarim-2024-12-24T182613.474-1024x576.jpg 1024w, https:\/\/www.tgrthaber.com\/mavikadin\/wp-content\/uploads\/Adsiz-tasarim-2024-12-24T182613.474-300x169.jpg 300w, https:\/\/www.tgrthaber.com\/mavikadin\/wp-content\/uploads\/Adsiz-tasarim-2024-12-24T182613.474-768x432.jpg 768w, https:\/\/www.tgrthaber.com\/mavikadin\/wp-content\/uploads\/Adsiz-tasarim-2024-12-24T182613.474-1536x864.jpg 1536w, https:\/\/www.tgrthaber.com\/mavikadin\/wp-content\/uploads\/Adsiz-tasarim-2024-12-24T182613.474.jpg 1600w\" sizes=\"(max-width: 1208px) 100vw, 1208px\" \/><\/p>\n<h3>AY\u015eEG\u00dcL \u00dcNSAL\u2019IN ROL ALDI\u011eI TELEV\u0130ZYON D\u0130Z\u0130LER\u0130<\/h3>\n<p>Yaz Evi \u2013 1993<\/p>\n<p>Zamanda Yolculuk \u2013 1994<\/p>\n<p>Sonradan G\u00f6rmeler \u2013 1996<\/p>\n<p>S\u00fcper Baba \u2013 1996-1997<\/p>\n<p>Baba Evi \u2013 1997-2001<\/p>\n<p>Babam ve Biz \u2013 2001<\/p>\n<p>Gelin \u2013 2003-2004<\/p>\n<p>Kuzenlerim \u2013 2002-2005<\/p>\n<p>K\u00f6pr\u00fc \u2013 2006-2008<\/p>\n<p>Maskeli Balo \u2013 2009<\/p>\n<p>Kiraz Mevsimi \u2013 2014-2015<\/p>\n<p>A\u015fk ve Mavi \u2013 2016-2018<\/p>\n<p>Alparslan: B\u00fcy\u00fck Sel\u00e7uklu \u2013 2021-2023<\/p>\n<p>Yabani \u2013 2023-2024<\/p>\n<p>Sen A\u011flama \u0130stanbul \u2013 2024<\/p>\n<h3>AY\u015eEG\u00dcL \u00dcNSAL\u2019IN ROL ALDI\u011eI S\u0130NEMA F\u0130LMLER\u0130<\/h3>\n<p>Vali \u2013 2009<\/p>\n<p>G\u00f6l Zaman\u0131 \u2013 2014<\/p>\n<p>MordKommission \u0130stanbul \u2013 2014 (TV Filmi)<\/p>\n","protected":false},"excerpt":{"rendered":"<p>Star TV ekranlar\u0131nda izleyici kar\u015f\u0131s\u0131na \u00e7\u0131kan Sen A\u011flama \u0130stanbul dizisinin ba\u015far\u0131l\u0131 oyuncusu Ay\u015feg\u00fcl \u00dcnsal\u2019\u0131n kim oldu\u011fu merak edildi. \u0130\u015fte Ay\u015feg\u00fcl \u00dcnsal\u2019\u0131n \u00f6zel hayat\u0131na ili\u015fkin detaylar\u2026 <\/p>\n","protected":false},"author":26,"featured_media":111785,"comment_status":"closed","ping_status":"closed","sticky":false,"template":"","format":"standard","meta":{"rank_math_lock_modified_date":false,"footnotes":""},"categories":[491],"tags":[5824,2722],"class_list":["post-111780","post","type-post","status-publish","format-standard","has-post-thumbnail","hentry","category-biyografi","tag-aysegul-unsal","tag-sen-aglama-istanbul"],"_links":{"self":[{"href":"https:\/\/www.tgrthaber.com\/mavikadin\/wp-json\/wp\/v2\/posts\/111780"}],"collection":[{"href":"https:\/\/www.tgrthaber.com\/mavikadin\/wp-json\/wp\/v2\/posts"}],"about":[{"href":"https:\/\/www.tgrthaber.com\/mavikadin\/wp-json\/wp\/v2\/types\/post"}],"author":[{"embeddable":true,"href":"https:\/\/www.tgrthaber.com\/mavikadin\/wp-json\/wp\/v2\/users\/26"}],"replies":[{"embeddable":true,"href":"https:\/\/www.tgrthaber.com\/mavikadin\/wp-json\/wp\/v2\/comments?post=111780"}],"version-history":[{"count":1,"href":"https:\/\/www.tgrthaber.com\/mavikadin\/wp-json\/wp\/v2\/posts\/111780\/revisions"}],"predecessor-version":[{"id":111786,"href":"https:\/\/www.tgrthaber.com\/mavikadin\/wp-json\/wp\/v2\/posts\/111780\/revisions\/111786"}],"wp:featuredmedia":[{"embeddable":true,"href":"https:\/\/www.tgrthaber.com\/mavikadin\/wp-json\/wp\/v2\/media\/111785"}],"wp:attachment":[{"href":"https:\/\/www.tgrthaber.com\/mavikadin\/wp-json\/wp\/v2\/media?parent=111780"}],"wp:term":[{"taxonomy":"category","embeddable":true,"href":"https:\/\/www.tgrthaber.com\/mavikadin\/wp-json\/wp\/v2\/categories?post=111780"},{"taxonomy":"post_tag","embeddable":true,"href":"https:\/\/www.tgrthaber.com\/mavikadin\/wp-json\/wp\/v2\/tags?post=111780"}],"curies":[{"name":"wp","href":"https:\/\/api.w.org\/{rel}","templated":true}]}}