{"id":111794,"date":"2024-12-24T19:33:26","date_gmt":"2024-12-24T16:33:26","guid":{"rendered":"https:\/\/www.tgrthaber.com\/mavikadin\/?p=111794"},"modified":"2024-12-24T19:33:26","modified_gmt":"2024-12-24T16:33:26","slug":"fahriye-evcenden-esi-burak-ozcivite-surpriz-dogum-gunu-iyi-ki-dogdun-babamiz","status":"publish","type":"post","link":"https:\/\/www.tgrthaber.com\/mavikadin\/fahriye-evcenden-esi-burak-ozcivite-surpriz-dogum-gunu-iyi-ki-dogdun-babamiz\/","title":{"rendered":"Fahriye Evcen&#8217;den e\u015fi Burak \u00d6z\u00e7ivit&#8217;e s\u00fcrpriz do\u011fum g\u00fcn\u00fc: &#8216;\u0130yi ki do\u011fdun babam\u0131z&#8217;"},"content":{"rendered":"<p>\u00dcnl\u00fc oyuncu Fahriye Evcen, iki \u00e7ocu\u011funun babas\u0131 Burak \u00d6z\u00e7ivit&#8217;in do\u011fum g\u00fcn\u00fcn\u00fc kutlad\u0131. Birlikte yemek yiyen \u00fcnl\u00fc ikili, daha sonra \u00e7ocuklar\u0131yla birlikte pasta kesti.<\/p>\n<h3>FAHR\u0130YE EVCEN&#8217;DEN BURAK \u00d6Z\u00c7\u0130V\u0130T&#8217;E S\u00dcRPR\u0130Z DO\u011eUM G\u00dcN\u00dc<\/h3>\n<p>Sosyal medya platformu Instagram\u2019da 13,8 milyon ki\u015fi taraf\u0131ndan takip edilen tan\u0131nm\u0131\u015f oyuncu Fahriye Evcen, e\u015fiyle birlikte \u00e7ekildi\u011fi foto\u011fraflar\u0131 takip\u00e7ileriyle payla\u015ft\u0131. Yak\u0131n zamanda \u00f6nce ba\u015f ba\u015fa daha sonra ise b\u00fcy\u00fck o\u011fullar\u0131 Karan ile yurtd\u0131\u015f\u0131 tatili yapan \u00fcnl\u00fc \u00e7ift, yurda d\u00f6nd\u00fc. Fahriye Evcen, e\u015fi Burak \u00d6z\u00e7ivit&#8217;in do\u011fum g\u00fcn\u00fc i\u00e7in s\u00fcrpriz bir kutlama haz\u0131rlad\u0131. Birlikte \u00e7ocuklar\u0131yla yemek yiyen ikiliden \u00d6z\u00e7ivit, masaya gelen pasta ile \u015fa\u015fk\u0131nl\u0131k ya\u015fad\u0131. Birlikte foto\u011fraf \u00e7ektirme haz\u0131rl\u0131\u011f\u0131na giren \u00fcnl\u00fc isimler o anlara ait bir videoyu payla\u015ft\u0131.<\/p>\n<div style=\"width: 640px;\" class=\"wp-video\"><!--[if lt IE 9]><script>document.createElement('video');<\/script><![endif]-->\n<video class=\"wp-video-shortcode\" id=\"video-111794-1\" width=\"640\" height=\"1138\" preload=\"metadata\" controls=\"controls\"><source type=\"video\/mp4\" src=\"https:\/\/www.tgrthaber.com\/mavikadin\/wp-content\/uploads\/fahriye.mp4?_=1\" \/><a href=\"https:\/\/www.tgrthaber.com\/mavikadin\/wp-content\/uploads\/fahriye.mp4\">https:\/\/www.tgrthaber.com\/mavikadin\/wp-content\/uploads\/fahriye.mp4<\/a><\/video><\/div>\n<h3>FRANSA TAT\u0130L\u0130YLE D\u0130KKAT \u00c7EKT\u0130LER<\/h3>\n<p>Fahriye Evcen, dijital platformlar\u0131 s\u0131k\u00e7a kullanan tan\u0131nm\u0131\u015f isimler aras\u0131nda yer al\u0131yor. Son olarak Fransa\u2019da tatilin keyfini s\u00fcren ikili, burada duygusal anlar ya\u015fad\u0131. \u00c7iftin sosyal medya payla\u015f\u0131mlar\u0131 b\u00fcy\u00fck ilgi g\u00f6rd\u00fc. Zarif oyuncu Fahriye Evcen\u2019in e\u015fine sevgi dolu bak\u0131\u015flar\u0131 g\u00f6zlerden ka\u00e7mad\u0131.<\/p>\n<p><img loading=\"lazy\" decoding=\"async\" class=\"alignnone size-full wp-image-111806\" src=\"https:\/\/www.tgrthaber.com\/mavikadin\/wp-content\/uploads\/QSxx.jpg\" alt=\"\" width=\"1280\" height=\"680\" title=\"\" srcset=\"https:\/\/www.tgrthaber.com\/mavikadin\/wp-content\/uploads\/QSxx.jpg 1280w, https:\/\/www.tgrthaber.com\/mavikadin\/wp-content\/uploads\/QSxx-300x159.jpg 300w, https:\/\/www.tgrthaber.com\/mavikadin\/wp-content\/uploads\/QSxx-1024x544.jpg 1024w, https:\/\/www.tgrthaber.com\/mavikadin\/wp-content\/uploads\/QSxx-768x408.jpg 768w\" sizes=\"(max-width: 1280px) 100vw, 1280px\" \/><\/p>\n<h3>AVM&#8217;DE K\u00dcRK\u00dcYLE D\u0130KKAT \u00c7EKT\u0130<\/h3>\n<p>Tatil d\u00f6n\u00fc\u015f\u00fcnde yeni y\u0131l haz\u0131rl\u0131klar\u0131 i\u00e7in bir al\u0131\u015fveri\u015f merkezinde objektiflere tak\u0131lan tan\u0131nm\u0131\u015f oyuncu Fahriye Evcen, d\u00fckkanlar\u0131 tek tek dola\u015farak yak\u0131nlar\u0131na y\u0131lba\u015f\u0131 arma\u011fanlar\u0131 almay\u0131 ihmal etmedi.\u00a0Evcen, al\u0131\u015fveri\u015fini bitirdikten sonra Burak \u00d6z\u00e7ivit\u2019in s\u00fcrd\u00fc\u011f\u00fc araca binerek, al\u0131\u015fveri\u015f merkezinden ayr\u0131ld\u0131. Evcen\u2019in al\u0131\u015fveri\u015f tarz\u0131 g\u00f6zlerden ka\u00e7mad\u0131. Daha \u00f6nce b\u00fcy\u00fck ele\u015ftirilerin hedefi olan k\u00fcrk kullan\u0131m\u0131na yeniden y\u00f6nelmesi, ilgiyi \u00fczerinde toplad\u0131.<\/p>\n<p><img loading=\"lazy\" decoding=\"async\" class=\"alignnone size-full wp-image-111807\" src=\"https:\/\/www.tgrthaber.com\/mavikadin\/wp-content\/uploads\/QSww.jpg\" alt=\"\" width=\"1280\" height=\"680\" title=\"\" srcset=\"https:\/\/www.tgrthaber.com\/mavikadin\/wp-content\/uploads\/QSww.jpg 1280w, https:\/\/www.tgrthaber.com\/mavikadin\/wp-content\/uploads\/QSww-300x159.jpg 300w, https:\/\/www.tgrthaber.com\/mavikadin\/wp-content\/uploads\/QSww-1024x544.jpg 1024w, https:\/\/www.tgrthaber.com\/mavikadin\/wp-content\/uploads\/QSww-768x408.jpg 768w\" sizes=\"(max-width: 1280px) 100vw, 1280px\" \/><\/p>\n","protected":false},"excerpt":{"rendered":"<p>Tan\u0131nm\u0131\u015f oyuncular Burak \u00d6z\u00e7ivit ve e\u015fi Fahriye Evcen, uzun s\u00fcre yurtd\u0131\u015f\u0131 tatilinden sonra yurda d\u00f6nd\u00fc. Fahriye Evcen, ak\u015fam saatlerinde \u00e7ocuklar\u0131yla birlikte e\u015fi Burak \u00d6z\u00e7ivit&#8217;in do\u011fum g\u00fcn\u00fcn\u00fc kutlad\u0131. O anlar\u0131 sosyal medya hesab\u0131ndan payla\u015ft\u0131.<\/p>\n","protected":false},"author":2,"featured_media":111808,"comment_status":"closed","ping_status":"closed","sticky":false,"template":"","format":"standard","meta":{"rank_math_lock_modified_date":false,"footnotes":""},"categories":[76],"tags":[2154,2153,133,2218],"class_list":["post-111794","post","type-post","status-publish","format-standard","has-post-thumbnail","hentry","category-magazin","tag-burak-ozcivit","tag-fahriye-evcen","tag-magazin","tag-magazin-haberleri"],"_links":{"self":[{"href":"https:\/\/www.tgrthaber.com\/mavikadin\/wp-json\/wp\/v2\/posts\/111794"}],"collection":[{"href":"https:\/\/www.tgrthaber.com\/mavikadin\/wp-json\/wp\/v2\/posts"}],"about":[{"href":"https:\/\/www.tgrthaber.com\/mavikadin\/wp-json\/wp\/v2\/types\/post"}],"author":[{"embeddable":true,"href":"https:\/\/www.tgrthaber.com\/mavikadin\/wp-json\/wp\/v2\/users\/2"}],"replies":[{"embeddable":true,"href":"https:\/\/www.tgrthaber.com\/mavikadin\/wp-json\/wp\/v2\/comments?post=111794"}],"version-history":[{"count":1,"href":"https:\/\/www.tgrthaber.com\/mavikadin\/wp-json\/wp\/v2\/posts\/111794\/revisions"}],"predecessor-version":[{"id":111809,"href":"https:\/\/www.tgrthaber.com\/mavikadin\/wp-json\/wp\/v2\/posts\/111794\/revisions\/111809"}],"wp:featuredmedia":[{"embeddable":true,"href":"https:\/\/www.tgrthaber.com\/mavikadin\/wp-json\/wp\/v2\/media\/111808"}],"wp:attachment":[{"href":"https:\/\/www.tgrthaber.com\/mavikadin\/wp-json\/wp\/v2\/media?parent=111794"}],"wp:term":[{"taxonomy":"category","embeddable":true,"href":"https:\/\/www.tgrthaber.com\/mavikadin\/wp-json\/wp\/v2\/categories?post=111794"},{"taxonomy":"post_tag","embeddable":true,"href":"https:\/\/www.tgrthaber.com\/mavikadin\/wp-json\/wp\/v2\/tags?post=111794"}],"curies":[{"name":"wp","href":"https:\/\/api.w.org\/{rel}","templated":true}]}}