{"id":111858,"date":"2024-12-24T23:10:25","date_gmt":"2024-12-24T20:10:25","guid":{"rendered":"https:\/\/www.tgrthaber.com\/mavikadin\/?p=111858"},"modified":"2024-12-24T23:10:25","modified_gmt":"2024-12-24T20:10:25","slug":"gassal-dizisi-seyirciden-tam-not-aldi","status":"publish","type":"post","link":"https:\/\/www.tgrthaber.com\/mavikadin\/gassal-dizisi-seyirciden-tam-not-aldi\/","title":{"rendered":"Gassal dizisi seyirciden tam not ald\u0131!"},"content":{"rendered":"<p>Hen\u00fcz yay\u0131nlanmadan b\u00fcy\u00fck yank\u0131 uyand\u0131ran Ahmet Kural&#8217;\u0131n ba\u015frol\u00fcn\u00fc oynad\u0131\u011f\u0131 &#8216;Gassal&#8217; dizisi, bu ak\u015fam ilk b\u00f6l\u00fcm\u00fcyle izleyici ile bulu\u015ftu. Fragman\u0131yla merak uyand\u0131ran dizinin birinci b\u00f6l\u00fcm\u00fc seyirciden tam not ald\u0131.<\/p>\n<h3>GASSAL D\u0130Z\u0130S\u0130 SEY\u0130RC\u0130DEN TAM NOT ALDI<\/h3>\n<p>TRT&#8217;nin dijital dizi ve film platformu Tabii&#8217;nin orijinal yap\u0131m\u0131 Gassal, &#8216;\u00d6l\u00fcnce Beni Kim Y\u0131kayacak&#8217; afi\u015fleriyle ilgi uyand\u0131rm\u0131\u015ft\u0131. Y\u00f6netmenli\u011fini Sel\u00e7uk Aydemir&#8217;in \u00fcstlendi\u011fi Gassal dizisinin ba\u015frol\u00fcnde Ahmet Kural yer al\u0131yor. Bu ak\u015fam ilk b\u00f6l\u00fcm\u00fcyle ekrana gelen dizi, izleyicinin kalbini kazand\u0131. Hen\u00fcz fragman\u0131 bile yay\u0131nlanmadan afi\u015fiyle b\u00fcy\u00fck ses getiren dizinin birinci b\u00f6l\u00fcm\u00fc seyircide tam not ald\u0131.<\/p>\n<figure id=\"attachment_111865\" aria-describedby=\"caption-attachment-111865\" style=\"width: 1280px\" class=\"wp-caption alignnone\"><img loading=\"lazy\" decoding=\"async\" class=\"size-full wp-image-111865\" src=\"https:\/\/www.tgrthaber.com\/mavikadin\/wp-content\/uploads\/QS-3.jpg\" alt=\"Gassal dizisi Ahmet Kural\" width=\"1280\" height=\"680\" title=\"\" srcset=\"https:\/\/www.tgrthaber.com\/mavikadin\/wp-content\/uploads\/QS-3.jpg 1280w, https:\/\/www.tgrthaber.com\/mavikadin\/wp-content\/uploads\/QS-3-300x159.jpg 300w, https:\/\/www.tgrthaber.com\/mavikadin\/wp-content\/uploads\/QS-3-1024x544.jpg 1024w, https:\/\/www.tgrthaber.com\/mavikadin\/wp-content\/uploads\/QS-3-768x408.jpg 768w\" sizes=\"(max-width: 1280px) 100vw, 1280px\" \/><figcaption id=\"caption-attachment-111865\" class=\"wp-caption-text\">Gassal dizisi Ahmet Kural<\/figcaption><\/figure>\n<h3>GASSAL D\u0130Z\u0130S\u0130 KONUSU<\/h3>\n<p>Otuzlar\u0131n\u0131n ba\u015flar\u0131nda bir gassal olan Baki, topluluktan uzak kalmaktan keyif alan ve i\u00e7ine kapan\u0131k bir ki\u015filiktir. Fakat \u00f6l\u00fcmle kar\u015f\u0131 kar\u015f\u0131ya kalmas\u0131yla kafas\u0131na rahats\u0131z edici bir soru tak\u0131l\u0131r: \u00d6l\u00fcm\u00fcnden sonra cenazemi kim y\u0131kayacak? Bu fark\u0131ndal\u0131k, bir dizi komik maceran\u0131n ba\u015flang\u0131c\u0131n\u0131 olu\u015fturur.<\/p>\n<p><img loading=\"lazy\" decoding=\"async\" class=\"alignnone size-full wp-image-111869\" src=\"https:\/\/www.tgrthaber.com\/mavikadin\/wp-content\/uploads\/QSdd.jpg\" alt=\"\" width=\"1280\" height=\"680\" title=\"\" srcset=\"https:\/\/www.tgrthaber.com\/mavikadin\/wp-content\/uploads\/QSdd.jpg 1280w, https:\/\/www.tgrthaber.com\/mavikadin\/wp-content\/uploads\/QSdd-300x159.jpg 300w, https:\/\/www.tgrthaber.com\/mavikadin\/wp-content\/uploads\/QSdd-1024x544.jpg 1024w, https:\/\/www.tgrthaber.com\/mavikadin\/wp-content\/uploads\/QSdd-768x408.jpg 768w\" sizes=\"(max-width: 1280px) 100vw, 1280px\" \/><\/p>\n<h3>GASSAL D\u0130Z\u0130S\u0130 OYUNCULARI<\/h3>\n<p>Y\u00f6netmenli\u011fini Sel\u00e7uk Aydemir&#8217;in yapt\u0131\u011f\u0131, senaryosunu ise S\u00fcmeyye Karaaslan&#8217;\u0131n yazd\u0131\u011f\u0131 Gassal dizisinde Ahmet Kural, Muharrem T\u00fcrkseven, Ezgi \u00d6zy\u00fcreko\u011flu ve Sibel Aytan gibi isimler rol al\u0131yor.<\/p>\n<h3>GASSAL D\u0130Z\u0130S\u0130 NEREDE YAYINLANIYOR?<\/h3>\n<p>Gassal dizisi, Tabii platformunda seyirciyle bulu\u015facak. \u0130lk b\u00f6l\u00fcm\u00fc ayr\u0131ca Tabii&#8217;nin resmi YouTube kanal\u0131nda da yay\u0131nlanacak.<\/p>\n","protected":false},"excerpt":{"rendered":"<p>TRT&#8217;nin Tabii platformunda yay\u0131nlanan Gassal dizisi ilk b\u00f6l\u00fcm\u00fcyle izleyiciden tam not ald\u0131. Ahmet Kural&#8217;\u0131n ba\u015frol\u00fcnde yer ald\u0131\u011f\u0131 dizi \u00e7ok be\u011fenildi.<\/p>\n","protected":false},"author":2,"featured_media":111870,"comment_status":"closed","ping_status":"closed","sticky":false,"template":"","format":"standard","meta":{"rank_math_lock_modified_date":false,"footnotes":""},"categories":[602],"tags":[],"class_list":["post-111858","post","type-post","status-publish","format-standard","has-post-thumbnail","hentry","category-diziler"],"_links":{"self":[{"href":"https:\/\/www.tgrthaber.com\/mavikadin\/wp-json\/wp\/v2\/posts\/111858"}],"collection":[{"href":"https:\/\/www.tgrthaber.com\/mavikadin\/wp-json\/wp\/v2\/posts"}],"about":[{"href":"https:\/\/www.tgrthaber.com\/mavikadin\/wp-json\/wp\/v2\/types\/post"}],"author":[{"embeddable":true,"href":"https:\/\/www.tgrthaber.com\/mavikadin\/wp-json\/wp\/v2\/users\/2"}],"replies":[{"embeddable":true,"href":"https:\/\/www.tgrthaber.com\/mavikadin\/wp-json\/wp\/v2\/comments?post=111858"}],"version-history":[{"count":2,"href":"https:\/\/www.tgrthaber.com\/mavikadin\/wp-json\/wp\/v2\/posts\/111858\/revisions"}],"predecessor-version":[{"id":111872,"href":"https:\/\/www.tgrthaber.com\/mavikadin\/wp-json\/wp\/v2\/posts\/111858\/revisions\/111872"}],"wp:featuredmedia":[{"embeddable":true,"href":"https:\/\/www.tgrthaber.com\/mavikadin\/wp-json\/wp\/v2\/media\/111870"}],"wp:attachment":[{"href":"https:\/\/www.tgrthaber.com\/mavikadin\/wp-json\/wp\/v2\/media?parent=111858"}],"wp:term":[{"taxonomy":"category","embeddable":true,"href":"https:\/\/www.tgrthaber.com\/mavikadin\/wp-json\/wp\/v2\/categories?post=111858"},{"taxonomy":"post_tag","embeddable":true,"href":"https:\/\/www.tgrthaber.com\/mavikadin\/wp-json\/wp\/v2\/tags?post=111858"}],"curies":[{"name":"wp","href":"https:\/\/api.w.org\/{rel}","templated":true}]}}