{"id":111920,"date":"2024-12-25T02:49:37","date_gmt":"2024-12-24T23:49:37","guid":{"rendered":"https:\/\/www.tgrthaber.com\/mavikadin\/?p=111920"},"modified":"2024-12-25T02:56:04","modified_gmt":"2024-12-24T23:56:04","slug":"fenomen-kadir-ezildiden-merak-uyandiran-paylasim-kardesi-kerem-ezildi-ile-beraber","status":"publish","type":"post","link":"https:\/\/www.tgrthaber.com\/mavikadin\/fenomen-kadir-ezildiden-merak-uyandiran-paylasim-kardesi-kerem-ezildi-ile-beraber\/","title":{"rendered":"Fenomen Kadir Ezildi&#8217;den merak uyand\u0131ran payla\u015f\u0131m! Karde\u015fi Kerem Ezildi ile beraber&#8230;"},"content":{"rendered":"<p>NOW kanal\u0131nda yay\u0131nlanan &#8216;Kadir Ezildi ile En Hamarat Benim&#8217; program\u0131n\u0131n sunuculu\u011funu yapan fenomen Kadir Ezildi, ekranlarda g\u00f6r\u00fclenin d\u0131\u015f\u0131nda \u00f6zel hayat\u0131 ile de olduk\u00e7a merak edilen isimlerden birisi olmaktad\u0131r. \u00d6zel hayat\u0131nda ya\u015fad\u0131klar\u0131n\u0131 en ince ayr\u0131nt\u0131s\u0131na kadar sosyal medya platformunda apa\u00e7\u0131k sergileyen temizlik hastas\u0131 Kadir Ezildi&#8217;nin \u00f6zellikle de ni\u015fanl\u0131l\u0131k s\u00fcreci \u00e7ok konu\u015fulmu\u015ftu.<\/p>\n<p>Ekranlarda dizilerde rol alan \u00fcnl\u00fc isimlerin kendi d\u00fc\u011f\u00fcnlerinde ger\u00e7ekle\u015ftirdi\u011fi \u015fatafat ve g\u00f6rkemin alas\u0131n\u0131 ni\u015fanl\u0131l\u0131k evresinde ger\u00e7ekle\u015ftirip d\u00fc\u015fman \u00e7atlatan Kadir Ezildi, sosyal medyada buna y\u00f6nelik yap\u0131lan ele\u015ftirileri dikkate almad\u0131\u011f\u0131n\u0131 s\u00f6ylemi\u015fti.<\/p>\n<p>Son g\u00fcnlerde \u00f6zel hayat\u0131yla g\u00fcndemde olan temizlik hastas\u0131 ve sunucu fenomen Kadir Ezildi&#8217;nin iki defa ni\u015fanland\u0131\u011f\u0131 Gamze T\u00fcrkmen ile evlilik haz\u0131rl\u0131\u011f\u0131 s\u00fcr\u00fcyor.<\/p>\n<h3>KAD\u0130R EZ\u0130LD\u0130&#8217;DEN \u015eA\u015eIRTICI PAYLA\u015eIM! KARDE\u015e\u0130 KEREM \u0130LE B\u0130RL\u0130KTE&#8230;<\/h3>\n<p>Sosyal medya fenomeni olup y\u00fcksek bir takip\u00e7i say\u0131s\u0131na ula\u015fan sunucu Kadir Ezildi, yak\u0131n zamanda karde\u015fi Kerem Ezildi&#8217;nin k\u0131z isteme merasimine kat\u0131lm\u0131\u015ft\u0131. Yine kendi ni\u015fan\u0131nda oldu\u011fu gibi k\u0131z isteme t\u00f6reni de olduk\u00e7a hareketli ge\u00e7erek ismini konu\u015fturmu\u015ftu.<\/p>\n<p><img loading=\"lazy\" decoding=\"async\" class=\"alignnone wp-image-111926\" src=\"https:\/\/www.tgrthaber.com\/mavikadin\/wp-content\/uploads\/d-6.png\" alt=\"\" width=\"1208\" height=\"677\" title=\"\" srcset=\"https:\/\/www.tgrthaber.com\/mavikadin\/wp-content\/uploads\/d-6.png 817w, https:\/\/www.tgrthaber.com\/mavikadin\/wp-content\/uploads\/d-6-300x168.png 300w, https:\/\/www.tgrthaber.com\/mavikadin\/wp-content\/uploads\/d-6-768x431.png 768w\" sizes=\"(max-width: 1208px) 100vw, 1208px\" \/><\/p>\n<p>Sosyal medyada \u00fcnl\u00fc fenomenin karde\u015fi Kerem Ezildi ile Kadir Ezildi&#8217;nin gerek fiziki olarak birbirleri ile uzaktan yak\u0131ndan alakalar\u0131n\u0131n olmamas\u0131 gerek de huy olarak benzemeleri takip\u00e7ileri taraf\u0131ndan g\u00fcndeme konu olmu\u015ftu.<\/p>\n<p>Kadir Ezildi&#8217;nin aktif kulland\u0131\u011f\u0131 sosyal medya hesab\u0131ndan annesi \u00dcmran ve karde\u015fi Kerem&#8217;in beraber oldu\u011fu \u00fc\u00e7l\u00fc poza takip\u00e7ileri \u00e7ok say\u0131da be\u011feni ve yorum getirmi\u015fti. Y\u00fcksek takip\u00e7i say\u0131s\u0131na sahip olan fenomen sunucu Kadir Ezildi&#8217;nin sosyal medya hesab\u0131 olan Instagram&#8217;da yapt\u0131\u011f\u0131 son payla\u015f\u0131m ise \u015fa\u015f\u0131rtt\u0131.<\/p>\n<p>Karde\u015fi Kerem Ezildi ile beraber simsiyahlara b\u00fcr\u00fcnen \u00fcnl\u00fc isim, Instagram&#8217;da story atarak takip\u00e7ilerine yeni bir payla\u015f\u0131mda bulundu. Genelde beyaz ve renkli giyinen Kadir Ezildi&#8217;nin yeni payla\u015ft\u0131\u011f\u0131 g\u00f6nderiye &#8216;\u015fa\u015f\u0131raca\u011f\u0131n bi foto dimi&#8217; notunu d\u00fc\u015fmesi merak uyand\u0131rd\u0131.<\/p>\n<p><img loading=\"lazy\" decoding=\"async\" class=\"alignnone wp-image-111921\" src=\"https:\/\/www.tgrthaber.com\/mavikadin\/wp-content\/uploads\/eh.png\" alt=\"\" width=\"1208\" height=\"685\" title=\"\" srcset=\"https:\/\/www.tgrthaber.com\/mavikadin\/wp-content\/uploads\/eh.png 825w, https:\/\/www.tgrthaber.com\/mavikadin\/wp-content\/uploads\/eh-300x170.png 300w, https:\/\/www.tgrthaber.com\/mavikadin\/wp-content\/uploads\/eh-768x436.png 768w\" sizes=\"(max-width: 1208px) 100vw, 1208px\" \/><\/p>\n","protected":false},"excerpt":{"rendered":"<p>Sosyal medya fenomeni ve ayn\u0131 zamanda sunucu olan Kadir Ezildi, Instagram hesab\u0131nda karde\u015fi Kerem ile beraber \u00e7ekindi\u011fi bir payla\u015f\u0131mda bulundu. PAyla\u015f\u0131m\u0131 merak uyand\u0131ran Kadir Ezildi&#8217;nin i\u015fte o g\u00f6nderisi&#8230;<\/p>\n","protected":false},"author":27,"featured_media":111923,"comment_status":"closed","ping_status":"closed","sticky":false,"template":"","format":"standard","meta":{"rank_math_lock_modified_date":false,"footnotes":""},"categories":[76],"tags":[2709,2573,5852,2661],"class_list":["post-111920","post","type-post","status-publish","format-standard","has-post-thumbnail","hentry","category-magazin","tag-gamze-turkmen","tag-kadir-ezildi","tag-kadir-ezildi-ile-en-hamarat-benim","tag-kerem-ezildi"],"_links":{"self":[{"href":"https:\/\/www.tgrthaber.com\/mavikadin\/wp-json\/wp\/v2\/posts\/111920"}],"collection":[{"href":"https:\/\/www.tgrthaber.com\/mavikadin\/wp-json\/wp\/v2\/posts"}],"about":[{"href":"https:\/\/www.tgrthaber.com\/mavikadin\/wp-json\/wp\/v2\/types\/post"}],"author":[{"embeddable":true,"href":"https:\/\/www.tgrthaber.com\/mavikadin\/wp-json\/wp\/v2\/users\/27"}],"replies":[{"embeddable":true,"href":"https:\/\/www.tgrthaber.com\/mavikadin\/wp-json\/wp\/v2\/comments?post=111920"}],"version-history":[{"count":4,"href":"https:\/\/www.tgrthaber.com\/mavikadin\/wp-json\/wp\/v2\/posts\/111920\/revisions"}],"predecessor-version":[{"id":111928,"href":"https:\/\/www.tgrthaber.com\/mavikadin\/wp-json\/wp\/v2\/posts\/111920\/revisions\/111928"}],"wp:featuredmedia":[{"embeddable":true,"href":"https:\/\/www.tgrthaber.com\/mavikadin\/wp-json\/wp\/v2\/media\/111923"}],"wp:attachment":[{"href":"https:\/\/www.tgrthaber.com\/mavikadin\/wp-json\/wp\/v2\/media?parent=111920"}],"wp:term":[{"taxonomy":"category","embeddable":true,"href":"https:\/\/www.tgrthaber.com\/mavikadin\/wp-json\/wp\/v2\/categories?post=111920"},{"taxonomy":"post_tag","embeddable":true,"href":"https:\/\/www.tgrthaber.com\/mavikadin\/wp-json\/wp\/v2\/tags?post=111920"}],"curies":[{"name":"wp","href":"https:\/\/api.w.org\/{rel}","templated":true}]}}