{"id":112073,"date":"2024-12-25T14:50:46","date_gmt":"2024-12-25T11:50:46","guid":{"rendered":"https:\/\/www.tgrthaber.com\/mavikadin\/?p=112073"},"modified":"2025-01-08T23:42:52","modified_gmt":"2025-01-08T20:42:52","slug":"zembilli-dizisinin-munevveri-elif-cakman-kimdir-yasi-ve-oyunculuk-kariyeri-merak-edildi","status":"publish","type":"post","link":"https:\/\/www.tgrthaber.com\/mavikadin\/zembilli-dizisinin-munevveri-elif-cakman-kimdir-yasi-ve-oyunculuk-kariyeri-merak-edildi\/","title":{"rendered":"Zembilli dizisinin M\u00fcnevver&#8217;i Elif \u00c7akman kimdir? Ya\u015f\u0131 ve oyunculuk kariyeri merak edildi"},"content":{"rendered":"<p>ATV ekranlar\u0131nda 3 Ocak Cuma g\u00fcn\u00fc izleyici ile bulu\u015fmaya haz\u0131rlanan Zembilli dizisinin M\u00fcnevver&#8217;i Elif \u00c7akman\u2019\u0131n kim oldu\u011fu merak edildi. Birbirinden gen\u00e7 yeteneklerin ve ba\u015far\u0131l\u0131 isimlerin yer ald\u0131\u011f\u0131 dizi, oyuncu kadrosu ve konusuyla dikkatleri \u00fczerine \u00e7ekiyor. Yeni y\u0131l\u0131n ilk g\u00fcnlerinde izleyici kar\u015f\u0131s\u0131na \u00e7\u0131kacak olan dizinin oyuncu kadrosunda yer alan oyuncular\u0131n \u00f6zel hayatlar\u0131 da merak konusu oldu. Y\u00f6r\u00fck k\u00fclt\u00fcr\u00fcn\u00fc ele alan, geleneksel ve modern ya\u015fam tarz\u0131n\u0131 konu edinen dizide birbirinden yetenekli isimler bir araya geliyor.<\/p>\n<p>Peki, Zembilli dizisinin M\u00fcnevver&#8217;i Elif \u00c7akman kimdir? Elif \u00c7akman ka\u00e7 ya\u015f\u0131nda, oyunculuk kariyerinde nas\u0131l ilerledi? Elif \u00c7akman hakk\u0131nda merak edilenleri sizin i\u00e7in ara\u015ft\u0131rd\u0131k. \u0130\u015fte Elif \u00c7akman hakk\u0131nda merak edilenler\u2026<\/p>\n<hr \/>\n<h3>EL\u0130F \u00c7AKMAN K\u0130MD\u0130R?<\/h3>\n<p>Elif \u00c7akman, 9 May\u0131s 1978 y\u0131l\u0131nda \u0130stanbul\u2019da d\u00fcnyaya geldi. \u0130lkokul, ortaokul ve lise e\u011fitimini ba\u015far\u0131yla tamamlayan \u00c7akman, y\u00fcksek\u00f6\u011frenimini \u0130stanbul Devlet Konservatuvar\u0131 M\u00fczikal B\u00f6l\u00fcm\u00fc\u2019nde tamamlayarak mezun oldu.<\/p>\n<p><img loading=\"lazy\" decoding=\"async\" class=\"alignnone wp-image-112077\" src=\"https:\/\/www.tgrthaber.com\/mavikadin\/wp-content\/uploads\/Adsiz-tasarim-2024-12-25T144450.185-1024x576.jpg\" alt=\"Zembilli dizisinde rol alan Elif \u00c7akman kimdir? \" width=\"1208\" height=\"680\" title=\"\" srcset=\"https:\/\/www.tgrthaber.com\/mavikadin\/wp-content\/uploads\/Adsiz-tasarim-2024-12-25T144450.185-1024x576.jpg 1024w, https:\/\/www.tgrthaber.com\/mavikadin\/wp-content\/uploads\/Adsiz-tasarim-2024-12-25T144450.185-300x169.jpg 300w, https:\/\/www.tgrthaber.com\/mavikadin\/wp-content\/uploads\/Adsiz-tasarim-2024-12-25T144450.185-768x432.jpg 768w, https:\/\/www.tgrthaber.com\/mavikadin\/wp-content\/uploads\/Adsiz-tasarim-2024-12-25T144450.185-1536x864.jpg 1536w, https:\/\/www.tgrthaber.com\/mavikadin\/wp-content\/uploads\/Adsiz-tasarim-2024-12-25T144450.185.jpg 1600w\" sizes=\"(max-width: 1208px) 100vw, 1208px\" \/><\/p>\n<hr \/>\n<p>Kendini oyunculuk alan\u0131nda geli\u015ftiren ve \u00e7e\u015fitli e\u011fitimler alan Elif \u00c7akman, 2007 y\u0131l\u0131nda oyunculuk alan\u0131ndaki ilk deneyimlerini ya\u015fad\u0131. 2007 y\u0131l\u0131nda ba\u015flad\u0131\u011f\u0131 oyunculuk kariyerini \u015fimdilerde ba\u015far\u0131l\u0131 bir \u015fekilde devam ettiren \u00c7akman, performans\u0131yla dikkatleri \u00fczerine \u00e7ekiyor.<\/p>\n<h3>EL\u0130F \u00c7AKMAN KAR\u0130YER\u0130NDE NASIL \u0130LERLED\u0130?<\/h3>\n<p>\u015eimdilerde 46 ya\u015f\u0131nda olan ba\u015far\u0131l\u0131 oyuncu Elif \u00c7akman, ilk oyunculuk deneyimini \u201cGeni\u015f Zamanlar\u201d adl\u0131 dizide rol alarak ger\u00e7ekle\u015ftirdi. Geni\u015f Zamanlar dizisiyle izleyici kar\u015f\u0131s\u0131na \u00e7\u0131kan \u00c7akman, kariyerinin ilerleyen zamanlar\u0131nda ba\u015far\u0131l\u0131 projelerde yer ald\u0131.<\/p>\n<p><img loading=\"lazy\" decoding=\"async\" class=\"alignnone wp-image-112078\" src=\"https:\/\/www.tgrthaber.com\/mavikadin\/wp-content\/uploads\/Adsiz-tasarim-2024-12-25T144500.821-1024x576.jpg\" alt=\"Zembilli dizisinde rol alan Elif \u00c7akman kimdir? \" width=\"1208\" height=\"680\" title=\"\" srcset=\"https:\/\/www.tgrthaber.com\/mavikadin\/wp-content\/uploads\/Adsiz-tasarim-2024-12-25T144500.821-1024x576.jpg 1024w, https:\/\/www.tgrthaber.com\/mavikadin\/wp-content\/uploads\/Adsiz-tasarim-2024-12-25T144500.821-300x169.jpg 300w, https:\/\/www.tgrthaber.com\/mavikadin\/wp-content\/uploads\/Adsiz-tasarim-2024-12-25T144500.821-768x432.jpg 768w, https:\/\/www.tgrthaber.com\/mavikadin\/wp-content\/uploads\/Adsiz-tasarim-2024-12-25T144500.821-1536x864.jpg 1536w, https:\/\/www.tgrthaber.com\/mavikadin\/wp-content\/uploads\/Adsiz-tasarim-2024-12-25T144500.821.jpg 1600w\" sizes=\"(max-width: 1208px) 100vw, 1208px\" \/><\/p>\n<hr \/>\n<p>Elif \u00c7akman, kariyerinin ilerleyen y\u0131llar\u0131nda 2014 y\u0131l\u0131nda \u201cKocam\u0131n Ailesi\u201d dizisiyle izleyici kar\u015f\u0131s\u0131na \u00e7\u0131kt\u0131. Bu dizide canland\u0131rd\u0131\u011f\u0131 rol\u00fcyle seyirci taraf\u0131ndan tan\u0131nan ve pop\u00fclerli\u011fini art\u0131ran \u00c7akman, geni\u015f kitlelere ula\u015ft\u0131. Daha sonra kariyerine 2017 y\u0131l\u0131nda \u201c\u00c7oban Y\u0131ld\u0131z\u0131\u201d dizisinde canland\u0131rd\u0131\u011f\u0131 \u201cFikriye\u201d karakteriyle devam etti. \u00c7akman, ilerleyen y\u0131llarda \u201cDuy Beni\u201d, \u201cVeda Mektubu\u201d gibi dizilerde yer alarak kariyerinde \u00f6nemli geli\u015fmelere ad\u0131m att\u0131.<\/p>\n<h3>ZEMB\u0130LL\u0130 D\u0130Z\u0130S\u0130YLE \u0130ZLEY\u0130C\u0130 KAR\u015eISINA \u00c7IKACAK!<\/h3>\n<p>Son olarak Kanal D ekranlar\u0131nda izleyici kar\u015f\u0131s\u0131na \u00e7\u0131kan \u201cVeda Mektubu\u201d dizisinde \u201cZ\u00fchre\u201d karakterine can veren Elif \u00c7akman, ATV ekranlar\u0131n\u0131n iddial\u0131 dizileri aras\u0131nda yer alan \u201cZembilli\u201d dizisinin M\u00fcnevver Harmanc\u0131&#8217;s\u0131 olarak izleyici kar\u015f\u0131s\u0131na \u00e7\u0131kacak.<\/p>\n<p><img loading=\"lazy\" decoding=\"async\" class=\"alignnone wp-image-112079\" src=\"https:\/\/www.tgrthaber.com\/mavikadin\/wp-content\/uploads\/Adsiz-tasarim-2024-12-25T144649.019-1024x576.jpg\" alt=\"Zembilli dizisinde rol alan Elif \u00c7akman kimdir? \" width=\"1208\" height=\"680\" title=\"\" srcset=\"https:\/\/www.tgrthaber.com\/mavikadin\/wp-content\/uploads\/Adsiz-tasarim-2024-12-25T144649.019-1024x576.jpg 1024w, https:\/\/www.tgrthaber.com\/mavikadin\/wp-content\/uploads\/Adsiz-tasarim-2024-12-25T144649.019-300x169.jpg 300w, https:\/\/www.tgrthaber.com\/mavikadin\/wp-content\/uploads\/Adsiz-tasarim-2024-12-25T144649.019-768x432.jpg 768w, https:\/\/www.tgrthaber.com\/mavikadin\/wp-content\/uploads\/Adsiz-tasarim-2024-12-25T144649.019-1536x864.jpg 1536w, https:\/\/www.tgrthaber.com\/mavikadin\/wp-content\/uploads\/Adsiz-tasarim-2024-12-25T144649.019.jpg 1600w\" sizes=\"(max-width: 1208px) 100vw, 1208px\" \/><\/p>\n<hr \/>\n<p>Hem konusu hem de oyuncu kadrosuyla dikkatleri \u00fczerine \u00e7eken Zembilli dizisi, 3 Ocak Cuma g\u00fcn\u00fc izleyici kar\u015f\u0131s\u0131na \u00e7\u0131kmak i\u00e7in g\u00fcn say\u0131yor. Etkileyici konusuyla dikkatleri \u00fczerine \u00e7eken Zembilli dizisinde oyuncular\u0131n sergileyece\u011fi performanslar da merak ediliyor. Zembilli dizisinin M\u00fcnevver&#8217;i Elif \u00c7akman\u2019\u0131n da nas\u0131l bir oyunculuk performans\u0131 sergileyece\u011fi merak edilenler aras\u0131nda yer al\u0131yor. \u00c7akman dizide Murat ve Fidan\u2019\u0131n annesi M\u00fcnevver Harmanc\u0131\u2019y\u0131 canland\u0131racak.<\/p>\n<h3>EL\u0130F \u00c7AKMAN\u2019IN YER ALDI\u011eI D\u0130Z\u0130 VE F\u0130LMLER<\/h3>\n<p>Elif \u00c7akman, yaln\u0131zca televizyon dizilerinde de\u011fil ayn\u0131 zamanda sinema filmleri ve dijital platformlarda yay\u0131mlanan dizi ve filmlerle de izleyici kar\u015f\u0131s\u0131na \u00e7\u0131k\u0131yor. \u0130\u015fte Elif \u00c7akman\u2019\u0131n kariyerinde yer ald\u0131\u011f\u0131 dizi ve filmler;<\/p>\n<p>Veda Mektubu \u2013 2023<\/p>\n<p>UFO \u2013 2022<\/p>\n<p>Duy Beni \u2013 2022<\/p>\n<p>Z\u00fcmr\u00fcd\u00fcanka \u2013 2019-2020<\/p>\n<p>Bina \u2013 2019<\/p>\n<p>Anten \u2013 2019<\/p>\n<p>Karde\u015f \u00c7ocuklar\u0131 \u2013 2019<\/p>\n<p>\u00c7oban Y\u0131ld\u0131z\u0131 \u2013 2017<\/p>\n<p>Tatl\u0131 \u0130ntikam \u2013 2016<\/p>\n<p>Kocam\u0131n Ailesi \u2013 2014-2015<\/p>\n<p>Ulan \u0130stanbul \u2013 2014<\/p>\n<p>Galip Dervi\u015f \u2013 2013<\/p>\n<p>Yerden Y\u00fcksek \u2013 2010-2011<\/p>\n<p>Geni\u015f Zamanlar \u2013 2007<\/p>\n","protected":false},"excerpt":{"rendered":"<p>ATV ekranlar\u0131nda izleyici ile bulu\u015facak olan Zembilli dizisi hem konusu hem de g\u00fc\u00e7l\u00fc oyuncu kadrosuyla dikkatleri \u00fczerine \u00e7ekiyor. Dizinin ba\u015far\u0131l\u0131 oyuncular\u0131 aras\u0131nda yer alan Elif \u00c7akman\u2019\u0131n da kim oldu\u011fu merak ediliyor. \u0130\u015fte Elif \u00c7akman\u2019\u0131n \u00f6zel hayat\u0131na ili\u015fkin detaylar\u2026 <\/p>\n","protected":false},"author":26,"featured_media":112080,"comment_status":"closed","ping_status":"closed","sticky":false,"template":"","format":"standard","meta":{"rank_math_lock_modified_date":false,"footnotes":""},"categories":[491],"tags":[5879,4317,4319],"class_list":["post-112073","post","type-post","status-publish","format-standard","has-post-thumbnail","hentry","category-biyografi","tag-elif-cakman","tag-zembilli","tag-zembilli-dizisi"],"_links":{"self":[{"href":"https:\/\/www.tgrthaber.com\/mavikadin\/wp-json\/wp\/v2\/posts\/112073"}],"collection":[{"href":"https:\/\/www.tgrthaber.com\/mavikadin\/wp-json\/wp\/v2\/posts"}],"about":[{"href":"https:\/\/www.tgrthaber.com\/mavikadin\/wp-json\/wp\/v2\/types\/post"}],"author":[{"embeddable":true,"href":"https:\/\/www.tgrthaber.com\/mavikadin\/wp-json\/wp\/v2\/users\/26"}],"replies":[{"embeddable":true,"href":"https:\/\/www.tgrthaber.com\/mavikadin\/wp-json\/wp\/v2\/comments?post=112073"}],"version-history":[{"count":3,"href":"https:\/\/www.tgrthaber.com\/mavikadin\/wp-json\/wp\/v2\/posts\/112073\/revisions"}],"predecessor-version":[{"id":118975,"href":"https:\/\/www.tgrthaber.com\/mavikadin\/wp-json\/wp\/v2\/posts\/112073\/revisions\/118975"}],"wp:featuredmedia":[{"embeddable":true,"href":"https:\/\/www.tgrthaber.com\/mavikadin\/wp-json\/wp\/v2\/media\/112080"}],"wp:attachment":[{"href":"https:\/\/www.tgrthaber.com\/mavikadin\/wp-json\/wp\/v2\/media?parent=112073"}],"wp:term":[{"taxonomy":"category","embeddable":true,"href":"https:\/\/www.tgrthaber.com\/mavikadin\/wp-json\/wp\/v2\/categories?post=112073"},{"taxonomy":"post_tag","embeddable":true,"href":"https:\/\/www.tgrthaber.com\/mavikadin\/wp-json\/wp\/v2\/tags?post=112073"}],"curies":[{"name":"wp","href":"https:\/\/api.w.org\/{rel}","templated":true}]}}