{"id":112106,"date":"2024-12-25T16:04:37","date_gmt":"2024-12-25T13:04:37","guid":{"rendered":"https:\/\/www.tgrthaber.com\/mavikadin\/?p=112106"},"modified":"2025-01-08T23:19:25","modified_gmt":"2025-01-08T20:19:25","slug":"zembilli-dizisinin-rahimesi-sebnem-dogruer-kimidir-yasi-ve-oyunculuk-kariyeri-merak-edildi","status":"publish","type":"post","link":"https:\/\/www.tgrthaber.com\/mavikadin\/zembilli-dizisinin-rahimesi-sebnem-dogruer-kimidir-yasi-ve-oyunculuk-kariyeri-merak-edildi\/","title":{"rendered":"Zembilli dizisinin Rahime&#8217;si \u015eebnem Do\u011fruer kimidir? Ya\u015f\u0131 ve oyunculuk kariyeri merak edildi"},"content":{"rendered":"<p>ATV ekranlar\u0131nda 3 Ocak Cuma g\u00fcn\u00fc izleyici ile bulu\u015facak olan Zembilli dizisinin Rahime&#8217;si \u015eebnem Do\u011fruer\u2019in kim oldu\u011fu merak edildi. Birbirinden gen\u00e7 yeteneklerin ve ba\u015far\u0131l\u0131 isimlerin yer ald\u0131\u011f\u0131 dizinin, konusu ve oyuncu kadrosu seyircinin ilgisini \u00e7ekiyor. Yeni y\u0131l\u0131n ilk g\u00fcnlerinde izleyici kar\u015f\u0131s\u0131na \u00e7\u0131kmaya haz\u0131rlanan dizinin oyuncu kadrosunun \u00f6zel hayatlar\u0131 da merak konusu oldu. Y\u00f6r\u00fck k\u00fclt\u00fcr\u00fcn\u00fc ele alan, geleneksel ve modern ya\u015fam tarz\u0131n\u0131 konu edinen dizide birbirinden yetenekli isimler bir araya geliyor.<\/p>\n<p>Peki, Zembilli dizisinin Rahime&#8217;si \u015eebnem Do\u011fruer kimdir? \u015eebnem Do\u011fruer ka\u00e7 ya\u015f\u0131nda, kariyerinde nas\u0131l ilerledi? \u015eebnem Do\u011fruer hakk\u0131nda merak edilenleri sizin i\u00e7in ara\u015ft\u0131rd\u0131k. \u0130\u015fte \u015eebnem Do\u011fruer hakk\u0131nda bilinmeyenler\u2026<\/p>\n<hr \/>\n<h3>\u015eEBNEM DO\u011eRUER K\u0130MD\u0130R?<\/h3>\n<p>\u015eebnem Do\u011fruer, 1964 tarihinde Afyonkarahisar\u2019da d\u00fcnyaya geldi. \u0130lkokul, ortaokul ve lise e\u011fitimini ba\u015far\u0131yla tamamlayan Do\u011fruer, y\u00fcksek\u00f6\u011frenimini Hacettepe \u00dcniversitesi Ankara Devlet Konservatuvar\u0131 Tiyatro Ana Sanat Dal\u0131 B\u00f6l\u00fcm\u00fc\u2019nde tamamlayarak mezun oldu.<\/p>\n<p><img loading=\"lazy\" decoding=\"async\" class=\"alignnone wp-image-112109\" src=\"https:\/\/www.tgrthaber.com\/mavikadin\/wp-content\/uploads\/Adsiz-tasarim-2024-12-25T155706.620-1024x576.jpg\" alt=\"Zembilli dizisi \u015eebnem Do\u011fruer kimidir? \" width=\"1208\" height=\"680\" title=\"\" srcset=\"https:\/\/www.tgrthaber.com\/mavikadin\/wp-content\/uploads\/Adsiz-tasarim-2024-12-25T155706.620-1024x576.jpg 1024w, https:\/\/www.tgrthaber.com\/mavikadin\/wp-content\/uploads\/Adsiz-tasarim-2024-12-25T155706.620-300x169.jpg 300w, https:\/\/www.tgrthaber.com\/mavikadin\/wp-content\/uploads\/Adsiz-tasarim-2024-12-25T155706.620-768x432.jpg 768w, https:\/\/www.tgrthaber.com\/mavikadin\/wp-content\/uploads\/Adsiz-tasarim-2024-12-25T155706.620-1536x864.jpg 1536w, https:\/\/www.tgrthaber.com\/mavikadin\/wp-content\/uploads\/Adsiz-tasarim-2024-12-25T155706.620.jpg 1600w\" sizes=\"(max-width: 1208px) 100vw, 1208px\" \/><\/p>\n<hr \/>\n<p>Kariyerine tiyatro alan\u0131nda ald\u0131\u011f\u0131 e\u011fitimlerle ba\u015flayan \u015eebnem Do\u011fruer, ald\u0131\u011f\u0131 e\u011fitimlerle ba\u015far\u0131l\u0131 oyunculu\u011fuyla ad\u0131ndan s\u00f6z ettirmektedir. Tiyatro alan\u0131nda \u00f6nemli projelere imza atan Do\u011fruer, tiyatrocu, oyuncu ve seslendirme sanat\u00e7\u0131s\u0131 olarak kariyerine devam etmektedir.<\/p>\n<h3>\u015eEBNEM DO\u011eRUER KAR\u0130YER\u0130NDE NASIL \u0130LERLED\u0130?<\/h3>\n<p>\u015eimdilerde 60 ya\u015flar\u0131nda olan \u015eebnem Do\u011fruer, tiyatro oyunculu\u011funun yan\u0131 s\u0131ra televizyon ve dizi oyunculu\u011funda da ba\u015far\u0131l\u0131 i\u015flere imza atm\u0131\u015ft\u0131r. \u0130zmir Devlet Tiyatrosu\u2019nda sanat\u00e7\u0131 olan ba\u015far\u0131l\u0131 oyuncu, g\u00fcn\u00fcm\u00fczde hala tiyatroculuk g\u00f6revine devam etmektedir.<\/p>\n<p><img loading=\"lazy\" decoding=\"async\" class=\"alignnone wp-image-112112\" src=\"https:\/\/www.tgrthaber.com\/mavikadin\/wp-content\/uploads\/Adsiz-tasarim-2024-12-25T155840.680-1024x576.jpg\" alt=\"Zembilli dizisi \u015eebnem Do\u011fruer kimidir? \" width=\"1208\" height=\"680\" title=\"\" srcset=\"https:\/\/www.tgrthaber.com\/mavikadin\/wp-content\/uploads\/Adsiz-tasarim-2024-12-25T155840.680-1024x576.jpg 1024w, https:\/\/www.tgrthaber.com\/mavikadin\/wp-content\/uploads\/Adsiz-tasarim-2024-12-25T155840.680-300x169.jpg 300w, https:\/\/www.tgrthaber.com\/mavikadin\/wp-content\/uploads\/Adsiz-tasarim-2024-12-25T155840.680-768x432.jpg 768w, https:\/\/www.tgrthaber.com\/mavikadin\/wp-content\/uploads\/Adsiz-tasarim-2024-12-25T155840.680-1536x864.jpg 1536w, https:\/\/www.tgrthaber.com\/mavikadin\/wp-content\/uploads\/Adsiz-tasarim-2024-12-25T155840.680.jpg 1600w\" sizes=\"(max-width: 1208px) 100vw, 1208px\" \/><\/p>\n<hr \/>\n<p>Do\u011fruer, 2007 y\u0131l\u0131nda Kanal D ekranlar\u0131nda izleyici kar\u015f\u0131s\u0131na \u00e7\u0131kan \u201cKavak Yelleri\u201d adl\u0131 dizide Efe\u2019nin annesi \u201c\u015e\u00fckran\u201d karakterine can vermi\u015f ve bu rol\u00fcyle pop\u00fclerli\u011fini art\u0131rm\u0131\u015ft\u0131r. Do\u011fruer, daha sonra \u201cMelekler Korusun\u201d adl\u0131 dizide Bar\u0131\u015f\u2019\u0131n annesi karakterini canland\u0131rm\u0131\u015ft\u0131r. Bir\u00e7ok tiyatro oyunu, televizyon dizisi ve sinema filminde yer alan ba\u015far\u0131l\u0131 oyuncu son olarak 2023 y\u0131l\u0131nda Kanal D ekranlar\u0131nda izleyici ile bulu\u015fan \u201cD\u00f6nence\u201d dizisinde rol alm\u0131\u015ft\u0131r.<\/p>\n<h3>ZEMB\u0130LL\u0130 D\u0130Z\u0130S\u0130YLE SEY\u0130RC\u0130 \u0130LE BULU\u015eACAK!<\/h3>\n<p>Son olarak Kanal D ekranlar\u0131nda D\u00f6nence adl\u0131 diziyle izleyici kar\u015f\u0131s\u0131na ge\u00e7en \u015eebnem Do\u011fruer, \u015fimdilerde ATV ekranlar\u0131nda izleyici kar\u015f\u0131s\u0131na \u00e7\u0131kacak olan \u201cZembilli\u201d dizisinde Rahime karakterine can verecek.<\/p>\n<p><img loading=\"lazy\" decoding=\"async\" class=\"alignnone wp-image-112113\" src=\"https:\/\/www.tgrthaber.com\/mavikadin\/wp-content\/uploads\/Adsiz-tasarim-2024-12-25T155857.748-1024x576.jpg\" alt=\"Zembilli dizisi \u015eebnem Do\u011fruer kimidir? \" width=\"1208\" height=\"680\" title=\"\" srcset=\"https:\/\/www.tgrthaber.com\/mavikadin\/wp-content\/uploads\/Adsiz-tasarim-2024-12-25T155857.748-1024x576.jpg 1024w, https:\/\/www.tgrthaber.com\/mavikadin\/wp-content\/uploads\/Adsiz-tasarim-2024-12-25T155857.748-300x169.jpg 300w, https:\/\/www.tgrthaber.com\/mavikadin\/wp-content\/uploads\/Adsiz-tasarim-2024-12-25T155857.748-768x432.jpg 768w, https:\/\/www.tgrthaber.com\/mavikadin\/wp-content\/uploads\/Adsiz-tasarim-2024-12-25T155857.748-1536x864.jpg 1536w, https:\/\/www.tgrthaber.com\/mavikadin\/wp-content\/uploads\/Adsiz-tasarim-2024-12-25T155857.748.jpg 1600w\" sizes=\"(max-width: 1208px) 100vw, 1208px\" \/><\/p>\n<hr \/>\n<p>Hem konusu hem de oyuncu kadrosuyla dikkatleri \u00fczerine \u00e7eken Zembilli dizisi, 3 Ocak Cuma g\u00fcn\u00fc izleyici kar\u015f\u0131s\u0131na \u00e7\u0131kmak i\u00e7in g\u00fcn say\u0131yor. Do\u011fruer, Zembilli dizisinde Kadir ve Selvi\u2019nin annesi Rahime\u2019ye can verecek. Etkileyici konusuyla dikkatleri \u00fczerine \u00e7eken Zembilli dizisinde oyuncular\u0131n sergileyece\u011fi performanslar da merak ediliyor. Ba\u015far\u0131l\u0131 oyuncu\u00a0 Do\u011fruer\u2019in de nas\u0131l bir oyunculuk performans\u0131 sergileyece\u011fi merak edilenler aras\u0131nda yer al\u0131yor.<\/p>\n<h3>\u015eEBNEM DO\u011eRUER\u2019\u0130N YER ALDI\u011eI T\u0130YATRO OYUNLARI<\/h3>\n<p>\u0130zmir Devlet Tiyatrosu \u2013 \u00dc\u00e7 Destan<\/p>\n<p>\u0130zmir Devlet Tiyatrosu \u2013\u00a0Miras\u00e7\u0131lar<\/p>\n<p>\u0130zmir Devlet Tiyatrosu \u2013\u00a0Vak\u0131f<\/p>\n<p>\u0130zmir Devlet Tiyatrosu \u2013\u00a0K\u0131rm\u0131z\u0131 Soka\u011f\u0131n Suzan\u2019\u0131<\/p>\n<p>\u0130zmir Devlet Tiyatrosu \u2013\u00a0Erkek Arkada\u015f<\/p>\n<p>\u0130zmir Devlet Tiyatrosu \u2013\u00a0Asiye Nas\u0131l Kurtulur?<\/p>\n<p>\u0130zmir Devlet Tiyatrosu \u2013\u00a0Sersem Kocan\u0131n Kurnaz Kar\u0131s\u0131<\/p>\n<p>\u0130zmir Devlet Tiyatrosu \u2013\u00a0Batakhane G\u00fczeli<\/p>\n<p>\u0130zmir Devlet Tiyatrosu \u2013\u00a0K\u00f6pr\u00fcden G\u00f6r\u00fcn\u00fc\u015f<\/p>\n<p>\u0130zmir Devlet Tiyatrosu \u2013\u00a0Uzaklar<\/p>\n<p>\u0130zmir Devlet Tiyatrosu \u2013\u00a0\u0130\u00e7erdekiler<\/p>\n<p>\u0130zmir Devlet Tiyatrosu \u2013\u00a0Yaz Misafirleri<\/p>\n<p>\u0130zmir Devlet Tiyatrosu \u2013\u00a0Bir \u015eehnaz Oyun<\/p>\n<p>\u0130zmir Devlet Tiyatrosu \u2013\u00a0\u00c7il Horoz<\/p>\n<p>\u0130zmir Devlet Tiyatrosu \u2013\u00a0Ya\u015far Ne Ya\u015far Ne Ya\u015famaz<\/p>\n<p>\u0130zmir Devlet Tiyatrosu \u2013\u00a0Kuvay-i Milliye Destan\u0131<\/p>\n<p>\u0130zmir Devlet Tiyatrosu \u2013\u00a0Maymun Davas\u0131<\/p>\n<p>\u0130zmir Devlet Tiyatrosu \u2013\u00a0Ayr\u0131l\u0131k<\/p>\n<p>\u0130zmir Devlet Tiyatrosu \u2013\u00a0D\u00fc\u011f\u00fcn \u015eark\u0131s\u0131<\/p>\n<p>\u0130zmir Devlet Tiyatrosu \u2013\u00a0Jeanne D&#8217;arc&#8217;\u0131n \u00d6teki \u00d6l\u00fcm\u00fc<\/p>\n<p>\u0130zmir Devlet Tiyatrosu \u2013\u00a0Yan\u0131k<\/p>\n<p>\u0130zmir Devlet Tiyatrosu \u2013\u00a0Kanl\u0131 D\u00fc\u011f\u00fcn<\/p>\n<h3>\u015eEBNEM DO\u011eRUER\u2019\u0130N YER ALDI\u011eI D\u0130Z\u0130 VE F\u0130LMLER<\/h3>\n<p>Zembilli \u2013 2025<\/p>\n<p>D\u00f6nence \u2013 2023<\/p>\n<p>Tek Ba\u015f\u0131m\u0131za \u2013 2011<\/p>\n<p>Reis \u2013 2011<\/p>\n<p>Ey A\u015fk Nerdesin \u2013 2009<\/p>\n<p>Dersaadet<\/p>\n<p>Melekler Korusun \u2013 2099-2010<\/p>\n<p>K\u0131r\u0131k Kanatlar \u2013 2006-207<\/p>\n<p>Kavak Yelleri \u2013 2007-2011<\/p>\n<p>\u015eeref Meselesi<\/p>\n<p>Sevdam Alabora<\/p>\n<p>Rengarenk<\/p>\n<p>A\u015fk Art\u0131k Burada Oturmuyor \u2013 1995<\/p>\n","protected":false},"excerpt":{"rendered":"<p>ATV ekranlar\u0131nda izleyici ile bulu\u015fmaya g\u00fcn sayan Zembilli dizisinin ba\u015far\u0131l\u0131 oyuncular\u0131ndan \u015eebnem Do\u011fruer\u2019in kim oldu\u011fu merak edildi. Hem konusuyla hem de g\u00fc\u00e7l\u00fc oyuncu kadrosuyla dikkat \u00e7eken Zembilli\u2019de rol alan \u015eebnem Do\u011fruer hakk\u0131nda merak edilenler\u2026  <\/p>\n","protected":false},"author":26,"featured_media":112108,"comment_status":"closed","ping_status":"closed","sticky":false,"template":"","format":"standard","meta":{"rank_math_lock_modified_date":false,"footnotes":""},"categories":[491],"tags":[5883,4317,5497,4319],"class_list":["post-112106","post","type-post","status-publish","format-standard","has-post-thumbnail","hentry","category-biyografi","tag-sebnem-dogruer","tag-zembilli","tag-zembilli-dizi","tag-zembilli-dizisi"],"_links":{"self":[{"href":"https:\/\/www.tgrthaber.com\/mavikadin\/wp-json\/wp\/v2\/posts\/112106"}],"collection":[{"href":"https:\/\/www.tgrthaber.com\/mavikadin\/wp-json\/wp\/v2\/posts"}],"about":[{"href":"https:\/\/www.tgrthaber.com\/mavikadin\/wp-json\/wp\/v2\/types\/post"}],"author":[{"embeddable":true,"href":"https:\/\/www.tgrthaber.com\/mavikadin\/wp-json\/wp\/v2\/users\/26"}],"replies":[{"embeddable":true,"href":"https:\/\/www.tgrthaber.com\/mavikadin\/wp-json\/wp\/v2\/comments?post=112106"}],"version-history":[{"count":3,"href":"https:\/\/www.tgrthaber.com\/mavikadin\/wp-json\/wp\/v2\/posts\/112106\/revisions"}],"predecessor-version":[{"id":118956,"href":"https:\/\/www.tgrthaber.com\/mavikadin\/wp-json\/wp\/v2\/posts\/112106\/revisions\/118956"}],"wp:featuredmedia":[{"embeddable":true,"href":"https:\/\/www.tgrthaber.com\/mavikadin\/wp-json\/wp\/v2\/media\/112108"}],"wp:attachment":[{"href":"https:\/\/www.tgrthaber.com\/mavikadin\/wp-json\/wp\/v2\/media?parent=112106"}],"wp:term":[{"taxonomy":"category","embeddable":true,"href":"https:\/\/www.tgrthaber.com\/mavikadin\/wp-json\/wp\/v2\/categories?post=112106"},{"taxonomy":"post_tag","embeddable":true,"href":"https:\/\/www.tgrthaber.com\/mavikadin\/wp-json\/wp\/v2\/tags?post=112106"}],"curies":[{"name":"wp","href":"https:\/\/api.w.org\/{rel}","templated":true}]}}