{"id":112148,"date":"2024-12-25T17:29:50","date_gmt":"2024-12-25T14:29:50","guid":{"rendered":"https:\/\/www.tgrthaber.com\/mavikadin\/?p=112148"},"modified":"2024-12-25T17:34:43","modified_gmt":"2024-12-25T14:34:43","slug":"wanda-naradan-bomba-paylasim-nara-l-gante-ile-evleniyor-mu-yuzugu-kafalari-karistirdi","status":"publish","type":"post","link":"https:\/\/www.tgrthaber.com\/mavikadin\/wanda-naradan-bomba-paylasim-nara-l-gante-ile-evleniyor-mu-yuzugu-kafalari-karistirdi\/","title":{"rendered":"Wanda Nara&#8217;dan bomba payla\u015f\u0131m! Nara L-Gante ile evleniyor mu? Y\u00fcz\u00fc\u011f\u00fc kafalar\u0131 kar\u0131\u015ft\u0131rd\u0131"},"content":{"rendered":"<p>\u015eu aralar magazin g\u00fcndeminde ismini s\u0131k s\u0131k duydu\u011fumuz Arjantinli futbolcu Mauro \u0130cari ile Wanda Nara ili\u015fkisinde gelinen son noktada \u00fcnl\u00fc ikilinin k\u0131zlar\u0131n\u0131n velayetlerini alabilmeleri i\u00e7in ya\u015fad\u0131\u011f\u0131 kriz konu\u015fuluyordu.<\/p>\n<p>\u00dcnl\u00fc rap\u00e7i \u015fark\u0131c\u0131 L-Gante ile a\u015fk pozlar\u0131n\u0131 sosyal medya hesab\u0131nda gerek yay\u0131nlad\u0131\u011f\u0131 foto\u011fraflarla gerek de kat\u0131ld\u0131\u011f\u0131 canl\u0131 yay\u0131n program\u0131ndaki samimi halleri ile tepkileri \u00fczerine \u00e7eken Wanda Nara, att\u0131\u011f\u0131 her ad\u0131m ile magazin g\u00fcndemine bomba gibi d\u00fc\u015f\u00fcyordu.<\/p>\n<h3>WANDA NARA TAK\u0130P\u00c7\u0130LER\u0130N\u0130N MERAKINI ARTTIRDI! RAP\u00c7\u0130 L-GANTE \u0130LE&#8230;<\/h3>\n<p>Aktif kulland\u0131\u011f\u0131 sosyal medya hesab\u0131nda takip\u00e7ileri ile her an\u0131n\u0131 payla\u015fan spiker Wanda Nara&#8217;n\u0131n son payla\u015f\u0131m\u0131 ise takip\u00e7ileri aras\u0131nda merak uyand\u0131rd\u0131.<\/p>\n<p><img loading=\"lazy\" decoding=\"async\" class=\"alignnone wp-image-112158\" src=\"https:\/\/www.tgrthaber.com\/mavikadin\/wp-content\/uploads\/FGFG.png\" alt=\"\" width=\"1208\" height=\"676\" title=\"\" srcset=\"https:\/\/www.tgrthaber.com\/mavikadin\/wp-content\/uploads\/FGFG.png 827w, https:\/\/www.tgrthaber.com\/mavikadin\/wp-content\/uploads\/FGFG-300x168.png 300w, https:\/\/www.tgrthaber.com\/mavikadin\/wp-content\/uploads\/FGFG-768x430.png 768w\" sizes=\"(max-width: 1208px) 100vw, 1208px\" \/><\/p>\n<p>Parma\u011f\u0131na takt\u0131\u011f\u0131 y\u00fcz\u00fck ile &#8216;Evleniyor mu?&#8217; sorusu ak\u0131llara gelen Wanda Nara i\u00e7in takip\u00e7ileri evlilik yorumlar\u0131nda bulundu.<\/p>\n<h3>Y\u00dcZ\u00dc\u011e\u00dcN\u00dc PAYLA\u015eTI OLAY OLDU! WANDA NARA EVLEN\u0130YOR MU?<\/h3>\n<p>Galatasaray tak\u0131m\u0131n\u0131n golc\u00fc oyuncusu futbolcu Mauro Icardi ile ya\u015fad\u0131\u011f\u0131 krizli s\u00fcre\u00e7ten sonra magazin man\u015fetlerinden d\u00fc\u015fmek bilmeyen Wanda Nara, sevgilisi rap\u00e7i L-Gante ile mutluluk pozlar\u0131n\u0131 her daim g\u00f6zler \u00f6n\u00fcne sermeye devam ediyor.<\/p>\n<p><img loading=\"lazy\" decoding=\"async\" class=\"alignnone wp-image-112157\" src=\"https:\/\/www.tgrthaber.com\/mavikadin\/wp-content\/uploads\/FD-1.png\" alt=\"\" width=\"1208\" height=\"676\" title=\"\" srcset=\"https:\/\/www.tgrthaber.com\/mavikadin\/wp-content\/uploads\/FD-1.png 825w, https:\/\/www.tgrthaber.com\/mavikadin\/wp-content\/uploads\/FD-1-300x168.png 300w, https:\/\/www.tgrthaber.com\/mavikadin\/wp-content\/uploads\/FD-1-768x430.png 768w\" sizes=\"(max-width: 1208px) 100vw, 1208px\" \/><\/p>\n<p>En son Avrupa turu yapan sevgililer Arjantin&#8217;e d\u00f6nm\u00fc\u015f ve Wanda Nara rap\u00e7i sevgilisi ile sosyal medya payla\u015f\u0131mlar\u0131yla dikkatleri \u00fczerine \u00e7ekmeyi s\u00fcrd\u00fcr\u00fcyordu.<\/p>\n<p>Velayet krizini hala \u00e7\u00f6zemeyen futbolcu Mauro \u0130cardi ile Wanda Nara ikilisinde Nara, yine \u00e7ok konu\u015fulacak bir harekete imza atarak sosyal medya hesab\u0131ndan y\u00fcz\u00fc\u011f\u00fcn\u00fc att\u0131. Ellerini \u00e7ekip att\u0131\u011f\u0131 Instagram g\u00f6nderisine \u00e7ok say\u0131da kullan\u0131c\u0131 yorumda bulundu.<\/p>\n<p>Olduk\u00e7a be\u011feni ve yorum ya\u011fan g\u00f6nderide Wanda Nara&#8217;n\u0131n takip\u00e7ileri foto\u011fraftaki y\u00fcz\u00fc\u011f\u00fc g\u00f6r\u00fcr g\u00f6rmez, &#8216;Evleniyor musun?&#8217;, &#8216;Y\u00fcz\u00fc\u011f\u00fc sen mi ald\u0131n yoksa sevgilin mi?&#8217;, &#8216;Y\u00fcz\u00fc\u011f\u00fcn g\u00fczelmi\u015f&#8217;, &#8216;Icardi&#8217;ye mesaj m\u0131 bu?&#8217; gibi yorumlarda bulundu.<\/p>\n<p>Arjantinli futbolcu Mauro \u0130cardi ile aralar\u0131 buzlu olan Wanda Nara&#8217;n\u0131n Mauro \u0130cardi&#8217;ye y\u00f6nelik yapaca\u011f\u0131 s\u0131radaki hamle ise takip\u00e7ileri taraf\u0131ndan merak ediliyor.<\/p>\n","protected":false},"excerpt":{"rendered":"<p>L-Gante ile a\u015fk ya\u015fay\u0131p \u00f6zel hayat\u0131n\u0131 g\u00f6zler \u00f6n\u00fcne sermekten geri kalmayan Wanda Nara, yapt\u0131\u011f\u0131 son payla\u015f\u0131mla ak\u0131llar\u0131 kar\u0131\u015ft\u0131rd\u0131. WAnda Nara ile L-Gante evleniyor mu?<\/p>\n","protected":false},"author":27,"featured_media":112159,"comment_status":"closed","ping_status":"closed","sticky":false,"template":"","format":"standard","meta":{"rank_math_lock_modified_date":false,"footnotes":""},"categories":[76],"tags":[2279,133,2241,2222,5890],"class_list":["post-112148","post","type-post","status-publish","format-standard","has-post-thumbnail","hentry","category-magazin","tag-l-gante","tag-magazin","tag-mauro-icardi","tag-wanda-nara","tag-wanda-nara-evlilik"],"_links":{"self":[{"href":"https:\/\/www.tgrthaber.com\/mavikadin\/wp-json\/wp\/v2\/posts\/112148"}],"collection":[{"href":"https:\/\/www.tgrthaber.com\/mavikadin\/wp-json\/wp\/v2\/posts"}],"about":[{"href":"https:\/\/www.tgrthaber.com\/mavikadin\/wp-json\/wp\/v2\/types\/post"}],"author":[{"embeddable":true,"href":"https:\/\/www.tgrthaber.com\/mavikadin\/wp-json\/wp\/v2\/users\/27"}],"replies":[{"embeddable":true,"href":"https:\/\/www.tgrthaber.com\/mavikadin\/wp-json\/wp\/v2\/comments?post=112148"}],"version-history":[{"count":3,"href":"https:\/\/www.tgrthaber.com\/mavikadin\/wp-json\/wp\/v2\/posts\/112148\/revisions"}],"predecessor-version":[{"id":112162,"href":"https:\/\/www.tgrthaber.com\/mavikadin\/wp-json\/wp\/v2\/posts\/112148\/revisions\/112162"}],"wp:featuredmedia":[{"embeddable":true,"href":"https:\/\/www.tgrthaber.com\/mavikadin\/wp-json\/wp\/v2\/media\/112159"}],"wp:attachment":[{"href":"https:\/\/www.tgrthaber.com\/mavikadin\/wp-json\/wp\/v2\/media?parent=112148"}],"wp:term":[{"taxonomy":"category","embeddable":true,"href":"https:\/\/www.tgrthaber.com\/mavikadin\/wp-json\/wp\/v2\/categories?post=112148"},{"taxonomy":"post_tag","embeddable":true,"href":"https:\/\/www.tgrthaber.com\/mavikadin\/wp-json\/wp\/v2\/tags?post=112148"}],"curies":[{"name":"wp","href":"https:\/\/api.w.org\/{rel}","templated":true}]}}