{"id":112163,"date":"2024-12-25T18:15:39","date_gmt":"2024-12-25T15:15:39","guid":{"rendered":"https:\/\/www.tgrthaber.com\/mavikadin\/?p=112163"},"modified":"2024-12-25T18:22:43","modified_gmt":"2024-12-25T15:22:43","slug":"masterchef-osman-sezener-kimdir-michelin-yildizi-almis-tek-turk-sef-kariyeri-ve-restoranlari-arastiriliyor","status":"publish","type":"post","link":"https:\/\/www.tgrthaber.com\/mavikadin\/masterchef-osman-sezener-kimdir-michelin-yildizi-almis-tek-turk-sef-kariyeri-ve-restoranlari-arastiriliyor\/","title":{"rendered":"MasterChef Osman Sezener kimdir? Michelin y\u0131ld\u0131z\u0131 alm\u0131\u015f tek T\u00fcrk \u015fef! Kariyeri ve restoranlar\u0131 ara\u015ft\u0131r\u0131l\u0131yor"},"content":{"rendered":"<p class=\"p1\">MasterChef T\u00fcrkiye\u2019nin bu ak\u015fam yay\u0131nlanacak olan yeni b\u00f6l\u00fcm\u00fcnde izleyicileri heyecan dolu bir yar\u0131\u015fma bekliyor. Bu b\u00f6l\u00fcmde, \u00fcnl\u00fc \u015fef Osman Sezener konuk olarak programa kat\u0131l\u0131yor. Yar\u0131\u015fmada Osman Sezener, yar\u0131\u015fmac\u0131lardan kendi mutfa\u011f\u0131na \u00f6zg\u00fc olarak haz\u0131rlad\u0131\u011f\u0131 bir taba\u011f\u0131n ayn\u0131s\u0131n\u0131 yapmalar\u0131n\u0131 isteyecek. Verilen s\u00fcre zarf\u0131nda hem teknik becerilerini hem de \u00f6zg\u00fcn dokunu\u015flar\u0131n\u0131 ortaya koymaya \u00e7al\u0131\u015fan yar\u0131\u015fmac\u0131lar, \u015fefin haz\u0131rlad\u0131\u011f\u0131 taba\u011fa en yak\u0131n lezzeti yakalamak i\u00e7in m\u00fccadele edecek. Peki, MasterChef&#8217;in bu ak\u015famki konu\u011fu Osman Sezener kimdir, ka\u00e7 ya\u015f\u0131nda? Aslen nereli? \u0130ki ayr\u0131 restoranla Michelin y\u0131ld\u0131z\u0131 alm\u0131\u015f tek T\u00fcrk \u015fef olan Osman Sezener\u2019in biyografisi ara\u015ft\u0131r\u0131l\u0131yor\u2026<\/p>\n<h3>\u0130K\u0130 AYRI RESTORANLA M\u0130CHEL\u0130N YILDIZI ALAN TEK T\u00dcRK \u015eEF OSMAN SEZENER MASTERCHEF&#8217;TE<\/h3>\n<p class=\"p1\">MasterChef T\u00fcrkiye\u2019nin heyecan dolu final a\u015famalar\u0131na do\u011fru ilerledi\u011fi bu g\u00fcnlerde, yar\u0131\u015fmaya konuk olan \u015fefler izleyicilere unutulmaz anlar ya\u015fatmaya devam ediyor. Bu ak\u015fam yay\u0131nlanacak b\u00f6l\u00fcmde, T\u00fcrk gastronomi d\u00fcnyas\u0131n\u0131n ba\u015far\u0131l\u0131 isimlerinden Osman Sezener, konuk \u015fef olarak yar\u0131\u015fmaya dahil oluyor. MasterChef izleyicilerini ekran ba\u015f\u0131na kilitleyecek bu \u00f6zel b\u00f6l\u00fcmde, izleyiciler Osman Sezener\u2019in kariyeri ve biyografisini merak ediyor. \u0130\u015fte Osman Sezener hakk\u0131nda merak edilenler\u2026<\/p>\n<p><img loading=\"lazy\" decoding=\"async\" class=\"alignnone wp-image-112169 size-full\" src=\"https:\/\/www.tgrthaber.com\/mavikadin\/wp-content\/uploads\/MasterChef-Osman-Sezener-kimdir-Michelin-yildizi-almis-tek-Turk-sef-Kariyeri-ve-restoranlari-arastiriliyor.png\" alt=\"\" width=\"1208\" height=\"720\" title=\"\" srcset=\"https:\/\/www.tgrthaber.com\/mavikadin\/wp-content\/uploads\/MasterChef-Osman-Sezener-kimdir-Michelin-yildizi-almis-tek-Turk-sef-Kariyeri-ve-restoranlari-arastiriliyor.png 1208w, https:\/\/www.tgrthaber.com\/mavikadin\/wp-content\/uploads\/MasterChef-Osman-Sezener-kimdir-Michelin-yildizi-almis-tek-Turk-sef-Kariyeri-ve-restoranlari-arastiriliyor-300x179.png 300w, https:\/\/www.tgrthaber.com\/mavikadin\/wp-content\/uploads\/MasterChef-Osman-Sezener-kimdir-Michelin-yildizi-almis-tek-Turk-sef-Kariyeri-ve-restoranlari-arastiriliyor-1024x610.png 1024w, https:\/\/www.tgrthaber.com\/mavikadin\/wp-content\/uploads\/MasterChef-Osman-Sezener-kimdir-Michelin-yildizi-almis-tek-Turk-sef-Kariyeri-ve-restoranlari-arastiriliyor-768x458.png 768w\" sizes=\"(max-width: 1208px) 100vw, 1208px\" \/><\/p>\n<h3>MASTERCHEF OSMAN SEZENER K\u0130MD\u0130R?<\/h3>\n<p class=\"p1\">Osman Sezener, T\u00fcrk mutfak d\u00fcnyas\u0131n\u0131n \u00f6nde gelen isimlerinden biri olarak gastronomi sahnesinde kendine \u00f6zg\u00fc bir yer edinmi\u015ftir. 1982 y\u0131l\u0131nda \u0130zmir\u2019de do\u011fan Sezener, \u00e7ocuk ya\u015flardan itibaren ailesinin restoran i\u015finde aktif rol alarak mutfak d\u00fcnyas\u0131na olan tutkusunu geli\u015ftirdi. E\u011fitim hayat\u0131na \u0130zmir Amerikan Koleji\u2019nde ba\u015flayan Sezener, ard\u0131ndan Bilkent \u00dcniversitesi Turizm ve Otel \u0130\u015fletmecili\u011fi B\u00f6l\u00fcm\u00fc\u2019nden mezun olarak turizm ve gastronomi alan\u0131ndaki bilgisini akademik temellerle g\u00fc\u00e7lendirdi.<\/p>\n<p class=\"p1\">Uluslararas\u0131 deneyimlere olan merak\u0131, onu New York\u2019taki prestijli French Culinary Institute\u2019e ta\u015f\u0131d\u0131. Burada ald\u0131\u011f\u0131 ileri d\u00fczey mutfak e\u011fitimi, Sezener\u2019in vizyonunu geni\u015fletirken, kariyerine k\u00fcresel bir boyut kazand\u0131rd\u0131. D\u00fcnyan\u0131n farkl\u0131 \u00fclkelerinde ve mutfaklar\u0131nda edindi\u011fi deneyimler, onun lezzet anlay\u0131\u015f\u0131n\u0131 \u00e7e\u015fitlendirdi ve kendine \u00f6zg\u00fc bir gastronomi yakla\u015f\u0131m\u0131 olu\u015fturmas\u0131na olanak tan\u0131d\u0131.<\/p>\n<p class=\"p1\">\u0130zmir\u2019e d\u00f6n\u00fc\u015f\u00fc, Sezener\u2019in kariyerinde yeni bir d\u00f6nemin ba\u015flang\u0131c\u0131 oldu. Aile i\u015fletmesi olan Ristorante Pizzeria Venedik\u2019i modernize ederek daha geni\u015f bir kitleye ula\u015ft\u0131ran Sezener, ayn\u0131 zamanda yeni markalar \u00fcreterek, \u0130zmir\u2019in gastronomi d\u00fcnyas\u0131na de\u011fer katt\u0131. Geleneksel lezzetlere olan ba\u011fl\u0131l\u0131\u011f\u0131n\u0131 yenilik\u00e7i dokunu\u015flarla harmanlayan Sezener, hem yerel hem de uluslararas\u0131 alanda b\u00fcy\u00fck takdir toplad\u0131. Bug\u00fcn, Osman Sezener sadece bir \u015fef de\u011fil, ayn\u0131 zamanda T\u00fcrk mutfa\u011f\u0131n\u0131 d\u00fcnyaya tan\u0131tan bir el\u00e7i olarak an\u0131lmaktad\u0131r.<\/p>\n<p><img loading=\"lazy\" decoding=\"async\" class=\"alignnone wp-image-112171 size-full\" src=\"https:\/\/www.tgrthaber.com\/mavikadin\/wp-content\/uploads\/MasterChef-Osman-Sezener-kimdir-Michelin-yildizi-almis-tek-Turk-sef-Kariyeri-ve-restoranlari-arastiriliyor3.png\" alt=\"\" width=\"1208\" height=\"720\" title=\"\" srcset=\"https:\/\/www.tgrthaber.com\/mavikadin\/wp-content\/uploads\/MasterChef-Osman-Sezener-kimdir-Michelin-yildizi-almis-tek-Turk-sef-Kariyeri-ve-restoranlari-arastiriliyor3.png 1208w, https:\/\/www.tgrthaber.com\/mavikadin\/wp-content\/uploads\/MasterChef-Osman-Sezener-kimdir-Michelin-yildizi-almis-tek-Turk-sef-Kariyeri-ve-restoranlari-arastiriliyor3-300x179.png 300w, https:\/\/www.tgrthaber.com\/mavikadin\/wp-content\/uploads\/MasterChef-Osman-Sezener-kimdir-Michelin-yildizi-almis-tek-Turk-sef-Kariyeri-ve-restoranlari-arastiriliyor3-1024x610.png 1024w, https:\/\/www.tgrthaber.com\/mavikadin\/wp-content\/uploads\/MasterChef-Osman-Sezener-kimdir-Michelin-yildizi-almis-tek-Turk-sef-Kariyeri-ve-restoranlari-arastiriliyor3-768x458.png 768w\" sizes=\"(max-width: 1208px) 100vw, 1208px\" \/><\/p>\n<h3>OSMAN SEZENER&#8217;\u0130N RESTORANLARI HANG\u0130LER\u0130?<\/h3>\n<p class=\"p2\">Osman Sezener, mutfak d\u00fcnyas\u0131na yenilik\u00e7i bir vizyon kazand\u0131rma tutkusuyla 2018 y\u0131l\u0131nda hayalini ger\u00e7ekle\u015ftirdi ve OD Urla\u2019y\u0131 kurdu. Bu restoran, Sezener\u2019in \u201ctarladan sofraya\u201d ve \u201cs\u0131f\u0131r at\u0131k\u201d felsefelerini prati\u011fe d\u00f6kerek gastronomide s\u00fcrd\u00fcr\u00fclebilirlik anlay\u0131\u015f\u0131na \u00f6nc\u00fcl\u00fck etti\u011fi bir alan haline geldi. Yerel \u00fcreticilerle i\u015f birli\u011fi yaparak do\u011faya sayg\u0131l\u0131 bir yakla\u015f\u0131m benimseyen OD Urla, hem \u00e7evre bilinciyle hem de \u00f6zg\u00fcn lezzetleriyle k\u0131sa s\u00fcrede dikkatleri \u00fczerine \u00e7ekti. Sezener, 2021 y\u0131l\u0131nda kariyerine bir ba\u015fka \u00f6nemli ad\u0131m daha ekledi. Modern deniz \u00fcr\u00fcnleri konseptiyle tasarlad\u0131\u011f\u0131 yeni restoran\u0131n\u0131, Bodrum Kitchen ve Six Senses Kaplankaya b\u00fcnyesinde hayata ge\u00e7irdi. Bu mek\u00e2nlar, deniz \u00fcr\u00fcnlerine yenilik\u00e7i bir bak\u0131\u015f a\u00e7\u0131s\u0131 getirirken, ayn\u0131 zamanda zarif sunumlar\u0131 ve e\u015fsiz tatlar\u0131yla gastronomi tutkunlar\u0131n\u0131n g\u00f6zdesi oldu.<\/p>\n<p><img loading=\"lazy\" decoding=\"async\" class=\"alignnone wp-image-112172 size-full\" src=\"https:\/\/www.tgrthaber.com\/mavikadin\/wp-content\/uploads\/MasterChef-Osman-Sezener-kimdir-Michelin-yildizi-almis-tek-Turk-sef-Kariyeri-ve-restoranlari-arastiriliyor22.png\" alt=\"\" width=\"1208\" height=\"720\" title=\"\" srcset=\"https:\/\/www.tgrthaber.com\/mavikadin\/wp-content\/uploads\/MasterChef-Osman-Sezener-kimdir-Michelin-yildizi-almis-tek-Turk-sef-Kariyeri-ve-restoranlari-arastiriliyor22.png 1208w, https:\/\/www.tgrthaber.com\/mavikadin\/wp-content\/uploads\/MasterChef-Osman-Sezener-kimdir-Michelin-yildizi-almis-tek-Turk-sef-Kariyeri-ve-restoranlari-arastiriliyor22-300x179.png 300w, https:\/\/www.tgrthaber.com\/mavikadin\/wp-content\/uploads\/MasterChef-Osman-Sezener-kimdir-Michelin-yildizi-almis-tek-Turk-sef-Kariyeri-ve-restoranlari-arastiriliyor22-1024x610.png 1024w, https:\/\/www.tgrthaber.com\/mavikadin\/wp-content\/uploads\/MasterChef-Osman-Sezener-kimdir-Michelin-yildizi-almis-tek-Turk-sef-Kariyeri-ve-restoranlari-arastiriliyor22-768x458.png 768w\" sizes=\"(max-width: 1208px) 100vw, 1208px\" \/><\/p>\n<p class=\"p2\">Osman Sezener\u2019in restoranlar\u0131, Michelin Rehberi taraf\u0131ndan y\u0131ld\u0131zla \u00f6d\u00fcllendirilerek uluslararas\u0131 alanda \u00f6nemli bir ba\u015far\u0131ya imza att\u0131. Bu \u00f6d\u00fcl, Sezener\u2019in mutfak sanat\u0131ndaki yetkinli\u011finin ve gastronomiye olan katk\u0131lar\u0131n\u0131n bir kan\u0131t\u0131 niteli\u011finde. Hem yerel tatlar\u0131 modern dokunu\u015flarla bulu\u015fturan hem de s\u00fcrd\u00fcr\u00fclebilir gastronomiyi oda\u011f\u0131na alan bu projeler, Sezener\u2019i T\u00fcrk mutfa\u011f\u0131n\u0131n d\u00fcnya \u00e7ap\u0131ndaki temsilcilerinden biri haline getirdi.<\/p>\n","protected":false},"excerpt":{"rendered":"<p>MasterChef T\u00fcrkiye\u2019nin bu ak\u015famki b\u00f6l\u00fcm\u00fcnde heyecan dorukta! Konuk \u015fef Osman Sezener, yar\u0131\u015fmac\u0131lardan kendi mutfa\u011f\u0131na ait bir taba\u011f\u0131 birebir haz\u0131rlamalar\u0131n\u0131 isteyecek. Osman Sezener\u2019in MasterChef\u2019e konuk olmas\u0131n\u0131n ard\u0131ndan herkes iki ayr\u0131 restoran\u0131nda Michelin y\u0131ld\u0131z\u0131n\u0131 alan tek T\u00fcrk \u015fefin kimin oldu\u011funu ara\u015ft\u0131rmaya ba\u015flad\u0131. Peki MasterChef konuk j\u00fcrisi Osman Sezener kimdir, ka\u00e7 ya\u015f\u0131nda? \u0130\u015fte t\u00fcm detaylar\u2026 <\/p>\n","protected":false},"author":16,"featured_media":112173,"comment_status":"closed","ping_status":"closed","sticky":false,"template":"","format":"standard","meta":{"rank_math_lock_modified_date":false,"footnotes":""},"categories":[491],"tags":[5892,5891,5893],"class_list":["post-112163","post","type-post","status-publish","format-standard","has-post-thumbnail","hentry","category-biyografi","tag-masterchef-konuk-jurisi-osman-sezener-kimdir","tag-masterchef-osman-sezener-kimdir","tag-michelin-yildizi-osman-sezener"],"_links":{"self":[{"href":"https:\/\/www.tgrthaber.com\/mavikadin\/wp-json\/wp\/v2\/posts\/112163"}],"collection":[{"href":"https:\/\/www.tgrthaber.com\/mavikadin\/wp-json\/wp\/v2\/posts"}],"about":[{"href":"https:\/\/www.tgrthaber.com\/mavikadin\/wp-json\/wp\/v2\/types\/post"}],"author":[{"embeddable":true,"href":"https:\/\/www.tgrthaber.com\/mavikadin\/wp-json\/wp\/v2\/users\/16"}],"replies":[{"embeddable":true,"href":"https:\/\/www.tgrthaber.com\/mavikadin\/wp-json\/wp\/v2\/comments?post=112163"}],"version-history":[{"count":3,"href":"https:\/\/www.tgrthaber.com\/mavikadin\/wp-json\/wp\/v2\/posts\/112163\/revisions"}],"predecessor-version":[{"id":112182,"href":"https:\/\/www.tgrthaber.com\/mavikadin\/wp-json\/wp\/v2\/posts\/112163\/revisions\/112182"}],"wp:featuredmedia":[{"embeddable":true,"href":"https:\/\/www.tgrthaber.com\/mavikadin\/wp-json\/wp\/v2\/media\/112173"}],"wp:attachment":[{"href":"https:\/\/www.tgrthaber.com\/mavikadin\/wp-json\/wp\/v2\/media?parent=112163"}],"wp:term":[{"taxonomy":"category","embeddable":true,"href":"https:\/\/www.tgrthaber.com\/mavikadin\/wp-json\/wp\/v2\/categories?post=112163"},{"taxonomy":"post_tag","embeddable":true,"href":"https:\/\/www.tgrthaber.com\/mavikadin\/wp-json\/wp\/v2\/tags?post=112163"}],"curies":[{"name":"wp","href":"https:\/\/api.w.org\/{rel}","templated":true}]}}