{"id":112208,"date":"2024-12-25T19:22:42","date_gmt":"2024-12-25T16:22:42","guid":{"rendered":"https:\/\/www.tgrthaber.com\/mavikadin\/?p=112208"},"modified":"2025-01-08T23:48:39","modified_gmt":"2025-01-08T20:48:39","slug":"zembilli-dizisinin-havvasi-aysen-sezerel-kimdir-kac-yasinda-oldugu-ve-hangi-dizilerde-oynadigi-arastiriliyor","status":"publish","type":"post","link":"https:\/\/www.tgrthaber.com\/mavikadin\/zembilli-dizisinin-havvasi-aysen-sezerel-kimdir-kac-yasinda-oldugu-ve-hangi-dizilerde-oynadigi-arastiriliyor\/","title":{"rendered":"Zembilli dizisinin Havva&#8217;s\u0131 Ay\u015fen Sezerel kimdir? Ka\u00e7 ya\u015f\u0131nda oldu\u011fu ve hangi dizilerde oynad\u0131\u011f\u0131 ara\u015ft\u0131r\u0131l\u0131yor"},"content":{"rendered":"<p>ATV ekranlar\u0131nda 3 Ocak Cuma g\u00fcn\u00fc izleyici ile bulu\u015facak olan Zembilli dizisi hem konusuyla hem de g\u00fc\u00e7l\u00fc oyuncu kadrosuyla dikkat \u00e7ekiyor. Zembilli dizisinin Havva&#8217;s\u0131 Ay\u015fen Sezerel\u2019in kim oldu\u011fu da merak ediliyor. Birbirinden gen\u00e7 yeteneklerin ve ba\u015far\u0131l\u0131 isimlerin yer ald\u0131\u011f\u0131 dizinin, konusu ve oyuncu kadrosu seyircinin ilgisini \u00e7ekiyor. Yeni y\u0131l\u0131n ilk g\u00fcnlerinde izleyici kar\u015f\u0131s\u0131na \u00e7\u0131kmaya haz\u0131rlanan dizide yer alan oyuncular\u0131n kimler oldu\u011fu da merak edilenler aras\u0131nda. Y\u00f6r\u00fck k\u00fclt\u00fcr\u00fcn\u00fc ele alan, geleneksel ve modern ya\u015fam tarz\u0131n\u0131 konu edinen dizide birbirinden yetenekli isimler bir araya geliyor.<\/p>\n<p>Peki, Zembilli dizisinin Havva&#8217;s\u0131 Ay\u015fen Sezerel kimdir? Ay\u015fen Sezerel ka\u00e7 ya\u015f\u0131nda, kariyerinde nas\u0131l ilerledi? Ay\u015fen Sezerel hakk\u0131nda merak edilenleri sizin i\u00e7in ara\u015ft\u0131rd\u0131k. \u0130\u015fte Ay\u015fen Sezerel hakk\u0131nda bilinmeyenler\u2026<\/p>\n<hr \/>\n<h3>AY\u015eEN SEZEREL K\u0130MD\u0130R?<\/h3>\n<p>Ay\u015fen Sezerel, 7 A\u011fustos 1966 tarihinde \u0130stanbul\u2019da d\u00fcnyaya geldi. \u0130lkokul, ortaokul ve lise e\u011fitimini ba\u015far\u0131yla tamamlayan Sezerel, y\u00fcksek\u00f6\u011frenimini \u0130stanbul Devlet Konservatuvar\u0131 Tiyatro B\u00f6l\u00fcm\u00fc\u2019nden mezun olarak tamamlad\u0131.<\/p>\n<p><img loading=\"lazy\" decoding=\"async\" class=\"alignnone wp-image-112209\" src=\"https:\/\/www.tgrthaber.com\/mavikadin\/wp-content\/uploads\/Adsiz-tasarim-2024-12-25T191903.661-1024x576.jpg\" alt=\"Zembilli dizisi oyuncular\u0131ndan Ay\u015fen Sezerel kimdir? \" width=\"1208\" height=\"680\" title=\"\" srcset=\"https:\/\/www.tgrthaber.com\/mavikadin\/wp-content\/uploads\/Adsiz-tasarim-2024-12-25T191903.661-1024x576.jpg 1024w, https:\/\/www.tgrthaber.com\/mavikadin\/wp-content\/uploads\/Adsiz-tasarim-2024-12-25T191903.661-300x169.jpg 300w, https:\/\/www.tgrthaber.com\/mavikadin\/wp-content\/uploads\/Adsiz-tasarim-2024-12-25T191903.661-768x432.jpg 768w, https:\/\/www.tgrthaber.com\/mavikadin\/wp-content\/uploads\/Adsiz-tasarim-2024-12-25T191903.661-1536x864.jpg 1536w, https:\/\/www.tgrthaber.com\/mavikadin\/wp-content\/uploads\/Adsiz-tasarim-2024-12-25T191903.661.jpg 1600w\" sizes=\"(max-width: 1208px) 100vw, 1208px\" \/><\/p>\n<hr \/>\n<p>Oyunculuk kariyerine tiyatro oyunlar\u0131 ile ba\u015flayan Ay\u015fen Sezerel, kariyerinin ilerleyen y\u0131llar\u0131nda televizyon oyunculu\u011funa y\u00f6neldi. Hem tiyatro sahnelerinde hem de kamera kar\u015f\u0131s\u0131nda performans sergileyen Sezerel, oyunculuk kariyerine bir\u00e7ok tiyatro oyunu ve televizyon dizisi eklemi\u015ftir. Sezerel, yaln\u0131zca televizyon dizilerinde ve tiyatro sahnelerinde de\u011fil ayn\u0131 zamanda sinema filmlerinde ve dijital platformlarda da ba\u015far\u0131l\u0131 oyunculu\u011funu g\u00f6stermektedir.<\/p>\n<h3>AY\u015eEN SEZEREL KAR\u0130YER\u0130NDE NASIL \u0130LERLED\u0130?<\/h3>\n<p>\u015eimdilerde 58 ya\u015f\u0131nda olan ba\u015far\u0131l\u0131 oyuncu Ay\u015fen Sezerel, kariyerine tiyatro e\u011fitimi alarak ve tiyatro oyunlar\u0131nda rol alarak ba\u015flam\u0131\u015f, ilk televizyon oyunculu\u011fu deneyimini ise 1995 y\u0131l\u0131nda \u201cHastane\u201d adl\u0131 dizide yer alarak ger\u00e7ekle\u015ftirmi\u015ftir. 1995 y\u0131l\u0131nda ba\u015flad\u0131\u011f\u0131 televizyon oyunculu\u011fu kariyerine g\u00fcn\u00fcm\u00fczde ba\u015far\u0131l\u0131 oyunculu\u011fuyla devam eden Sezerel, bir\u00e7ok dizide rol alm\u0131\u015ft\u0131r.<\/p>\n<p><img loading=\"lazy\" decoding=\"async\" class=\"alignnone wp-image-112210\" src=\"https:\/\/www.tgrthaber.com\/mavikadin\/wp-content\/uploads\/Adsiz-tasarim-2024-12-25T191928.043-1024x576.jpg\" alt=\"Zembilli dizisi oyuncular\u0131ndan Ay\u015fen Sezerel kimdir? \" width=\"1208\" height=\"680\" title=\"\" srcset=\"https:\/\/www.tgrthaber.com\/mavikadin\/wp-content\/uploads\/Adsiz-tasarim-2024-12-25T191928.043-1024x576.jpg 1024w, https:\/\/www.tgrthaber.com\/mavikadin\/wp-content\/uploads\/Adsiz-tasarim-2024-12-25T191928.043-300x169.jpg 300w, https:\/\/www.tgrthaber.com\/mavikadin\/wp-content\/uploads\/Adsiz-tasarim-2024-12-25T191928.043-768x432.jpg 768w, https:\/\/www.tgrthaber.com\/mavikadin\/wp-content\/uploads\/Adsiz-tasarim-2024-12-25T191928.043-1536x864.jpg 1536w, https:\/\/www.tgrthaber.com\/mavikadin\/wp-content\/uploads\/Adsiz-tasarim-2024-12-25T191928.043.jpg 1600w\" sizes=\"(max-width: 1208px) 100vw, 1208px\" \/><\/p>\n<hr \/>\n<p>\u0130lk oyunculuk deneyimini Hastane dizisiyle ger\u00e7ekle\u015ftiren Ay\u015fen Sezerel, kariyerinin ilerleyen zamanlar\u0131nda ba\u015far\u0131l\u0131 projelerde yer alarak ad\u0131ndan s\u00f6z ettirmi\u015ftir. Sezerel, 2019-2020 y\u0131llar\u0131nda Kanal D ekranlar\u0131na izleyici kar\u015f\u0131s\u0131na \u00e7\u0131kan \u201cZalim \u0130stanbul\u201d dizisinde \u201cNermin\u201d karakterine can vermi\u015ftir. Sezerel, Nermin karakteriyle pop\u00fclerli\u011fini art\u0131rm\u0131\u015f ve geni\u015f kitlelere ula\u015fmay\u0131 ba\u015farm\u0131\u015ft\u0131r.<\/p>\n<h3>ZEMB\u0130LL\u0130 D\u0130Z\u0130S\u0130YLE \u0130ZLEY\u0130C\u0130 KAR\u015eISINA \u00c7IKACAK!<\/h3>\n<p>Son olarak Star TV ekranlar\u0131nda izleyici kar\u015f\u0131s\u0131na \u00e7\u0131kan \u201cYal\u0131 \u00c7apk\u0131n\u0131\u201d dizisinde konuk oyuncu olarak yer alan Ay\u015fen Sezerel, \u015fimdilerde ATV ekranlar\u0131n\u0131n iddial\u0131 dizileri aras\u0131nda yer alan \u201cZembilli\u201d dizisinde Havva karakterine can verecek.<\/p>\n<p><img loading=\"lazy\" decoding=\"async\" class=\"alignnone wp-image-112211\" src=\"https:\/\/www.tgrthaber.com\/mavikadin\/wp-content\/uploads\/Adsiz-tasarim-2024-12-25T191933.931-1024x576.jpg\" alt=\"Zembilli dizisi oyuncular\u0131ndan Ay\u015fen Sezerel kimdir? \" width=\"1208\" height=\"680\" title=\"\" srcset=\"https:\/\/www.tgrthaber.com\/mavikadin\/wp-content\/uploads\/Adsiz-tasarim-2024-12-25T191933.931-1024x576.jpg 1024w, https:\/\/www.tgrthaber.com\/mavikadin\/wp-content\/uploads\/Adsiz-tasarim-2024-12-25T191933.931-300x169.jpg 300w, https:\/\/www.tgrthaber.com\/mavikadin\/wp-content\/uploads\/Adsiz-tasarim-2024-12-25T191933.931-768x432.jpg 768w, https:\/\/www.tgrthaber.com\/mavikadin\/wp-content\/uploads\/Adsiz-tasarim-2024-12-25T191933.931-1536x864.jpg 1536w, https:\/\/www.tgrthaber.com\/mavikadin\/wp-content\/uploads\/Adsiz-tasarim-2024-12-25T191933.931.jpg 1600w\" sizes=\"(max-width: 1208px) 100vw, 1208px\" \/><\/p>\n<hr \/>\n<p>Hem konusu hem de oyuncu kadrosuyla dikkatleri \u00fczerine \u00e7eken Zembilli dizisi, 3 Ocak Cuma g\u00fcn\u00fc izleyici kar\u015f\u0131s\u0131na \u00e7\u0131kmak i\u00e7in g\u00fcn say\u0131yor. Etkileyici konusuyla dikkatleri \u00fczerine \u00e7eken Zembilli dizisinde oyuncular\u0131n sergileyece\u011fi performanslar da merak ediliyor. Ba\u015far\u0131l\u0131 oyuncu Ay\u015fen Sezerel, dizide Esma&#8217;n\u0131n annesi Havva karakterine can veriyor. Sezerel&#8217;in nas\u0131l bir oyunculuk performans\u0131 sergileyece\u011fi merak ediliyor.<\/p>\n<h3>AY\u015eEN SEZEREL\u2019\u0130N YER ALDI\u011eI D\u0130Z\u0130 VE F\u0130LMLER<\/h3>\n<p>Zembilli \u2013 2025<\/p>\n<p>Yal\u0131 \u00c7apk\u0131n\u0131 \u2013 2024<\/p>\n<p>Al Sancak \u2013 2023<\/p>\n<p>M\u00fckemmel E\u015fle\u015fme \u2013 2022<\/p>\n<p>Bur\u00e7lar \u2013 2022<\/p>\n<p>Hayaller ve Hayatlar \u2013 2022<\/p>\n<p>Kul\u00fcp \u2013 2021<\/p>\n<p>Baraj \u2013 2021<\/p>\n<p>Zalim \u0130stanbul \u2013 2019-2020<\/p>\n<p>Sosyetik Gelin \u2013 2018<\/p>\n<p>A\u015fk Masal\u0131 \u2013 2018<\/p>\n<p>Hayat Sevince G\u00fczel \u2013 2016<\/p>\n<p>Babalar\u0131n Babas\u0131 \u2013 2016<\/p>\n<p>Ne M\u00fcnasebet \u2013 2015<\/p>\n<p>Ka\u00e7ak \u2013 2014<\/p>\n<p>Bir A\u015fk Hikayesi \u2013 2013<\/p>\n<p>Annem Uyurken \u2013 2012<\/p>\n<p>Umutsuz Ev Kad\u0131nlar\u0131 \u2013 2011<\/p>\n<p>Arka Sokaklar \u2013 2011<\/p>\n<p>Pis Yedili \u2013 2011<\/p>\n<p>Kahramanlar \u2013 2009<\/p>\n<p>Doktorlar \u2013 2008<\/p>\n<p>Her \u015eey A\u015fk \u0130\u00e7in \u2013 2006<\/p>\n<p>Sahte Gelin \u2013 2006<\/p>\n<p>Sahte Prenses \u2013 2006<\/p>\n<p>Be\u015finci Boyut \u2013 2005<\/p>\n<p>Hayat Bilgisi \u2013 2003<\/p>\n<p>Dedem Gofret ve Ben \u2013 2001<\/p>\n<p>Hastane \u2013 1995<\/p>\n","protected":false},"excerpt":{"rendered":"<p>ATV ekranlar\u0131nda izleyici kar\u015f\u0131s\u0131na \u00e7\u0131kmaya haz\u0131rlanan Zembilli dizisi hem konusu hem de g\u00fc\u00e7l\u00fc oyuncu kadrosuyla dikkatleri \u00fczerine \u00e7ekiyor. Dizinin ba\u015faral\u0131 oyuncular\u0131n\u0131n \u00f6zel hayatlar\u0131 da merak ediliyor. Ay\u015fen Sezerel\u2019in \u00f6zel hayat\u0131na ili\u015fkin detaylar\u0131 sizin i\u00e7in ara\u015ft\u0131rd\u0131k. \u0130\u015fte ayr\u0131nt\u0131lar\u2026<\/p>\n","protected":false},"author":26,"featured_media":112212,"comment_status":"closed","ping_status":"closed","sticky":false,"template":"","format":"standard","meta":{"rank_math_lock_modified_date":false,"footnotes":""},"categories":[491],"tags":[5899,4317,4319],"class_list":["post-112208","post","type-post","status-publish","format-standard","has-post-thumbnail","hentry","category-biyografi","tag-aysen-sezerel","tag-zembilli","tag-zembilli-dizisi"],"_links":{"self":[{"href":"https:\/\/www.tgrthaber.com\/mavikadin\/wp-json\/wp\/v2\/posts\/112208"}],"collection":[{"href":"https:\/\/www.tgrthaber.com\/mavikadin\/wp-json\/wp\/v2\/posts"}],"about":[{"href":"https:\/\/www.tgrthaber.com\/mavikadin\/wp-json\/wp\/v2\/types\/post"}],"author":[{"embeddable":true,"href":"https:\/\/www.tgrthaber.com\/mavikadin\/wp-json\/wp\/v2\/users\/26"}],"replies":[{"embeddable":true,"href":"https:\/\/www.tgrthaber.com\/mavikadin\/wp-json\/wp\/v2\/comments?post=112208"}],"version-history":[{"count":4,"href":"https:\/\/www.tgrthaber.com\/mavikadin\/wp-json\/wp\/v2\/posts\/112208\/revisions"}],"predecessor-version":[{"id":118976,"href":"https:\/\/www.tgrthaber.com\/mavikadin\/wp-json\/wp\/v2\/posts\/112208\/revisions\/118976"}],"wp:featuredmedia":[{"embeddable":true,"href":"https:\/\/www.tgrthaber.com\/mavikadin\/wp-json\/wp\/v2\/media\/112212"}],"wp:attachment":[{"href":"https:\/\/www.tgrthaber.com\/mavikadin\/wp-json\/wp\/v2\/media?parent=112208"}],"wp:term":[{"taxonomy":"category","embeddable":true,"href":"https:\/\/www.tgrthaber.com\/mavikadin\/wp-json\/wp\/v2\/categories?post=112208"},{"taxonomy":"post_tag","embeddable":true,"href":"https:\/\/www.tgrthaber.com\/mavikadin\/wp-json\/wp\/v2\/tags?post=112208"}],"curies":[{"name":"wp","href":"https:\/\/api.w.org\/{rel}","templated":true}]}}