{"id":112251,"date":"2024-12-25T21:01:00","date_gmt":"2024-12-25T18:01:00","guid":{"rendered":"https:\/\/www.tgrthaber.com\/mavikadin\/?p=112251"},"modified":"2024-12-25T21:01:01","modified_gmt":"2024-12-25T18:01:01","slug":"adem-kilicci-survivor-oncesi-dominikte-takim-arkadaslariyla-bulustu-plaj-keyfi-yapti","status":"publish","type":"post","link":"https:\/\/www.tgrthaber.com\/mavikadin\/adem-kilicci-survivor-oncesi-dominikte-takim-arkadaslariyla-bulustu-plaj-keyfi-yapti\/","title":{"rendered":"Adem K\u0131l\u0131\u00e7\u00e7\u0131 Survivor \u00f6ncesi Dominik&#8217;te tak\u0131m arkada\u015flar\u0131yla bulu\u015ftu plaj keyfi yapt\u0131"},"content":{"rendered":"<p>Survivor 2025 i\u00e7in yar\u0131\u015fmac\u0131lar bir bir Dominik Cumhuriyeti&#8217;ne gitmeye ba\u015flad\u0131. Onlardan biri de Adem K\u0131l\u0131\u00e7c\u0131 oldu. K\u0131l\u0131\u00e7\u00e7\u0131, Survivor \u00f6ncesi Dominik&#8217;te tak\u0131m arkada\u015flar\u0131yla bulu\u015farak, plaj keyfi yapt\u0131.<\/p>\n<h3>ADEM KILI\u00c7CI SURVIVOR \u00d6NCES\u0130 PLAJ KEYF\u0130 YAPTI<\/h3>\n<p>Survivor yar\u0131\u015fmas\u0131n\u0131n ba\u015flamas\u0131na g\u00fcnler kala, birbirinden \u00fcnl\u00fc yar\u0131\u015fmac\u0131lar yola koyuldu. Baz\u0131lar\u0131 ise \u00e7oktan yar\u0131\u015fman\u0131n yap\u0131laca\u011f\u0131 Dominik Cumhuriyeti&#8217;ne gitti. Bunlar aras\u0131nda Adem K\u0131l\u0131\u00e7c\u0131, Batuhan Karacakaya, Zeynep Alkan ve Bar\u0131\u015f Murat Ya\u011fc\u0131 bulunuyor. \u00dcnl\u00fc isimler, yar\u0131\u015fmadan \u00f6nce bulu\u015farak yar\u0131\u015fmaya ba\u015flamadan birlikte plaj keyfi yapt\u0131.<\/p>\n<figure id=\"attachment_112261\" aria-describedby=\"caption-attachment-112261\" style=\"width: 1280px\" class=\"wp-caption alignnone\"><img loading=\"lazy\" decoding=\"async\" class=\"size-full wp-image-112261\" src=\"https:\/\/www.tgrthaber.com\/mavikadin\/wp-content\/uploads\/QS-Kurtarildi-2.jpg\" alt=\"Survivor Adem KIl\u0131\u00e7c\u0131\" width=\"1280\" height=\"680\" title=\"\" srcset=\"https:\/\/www.tgrthaber.com\/mavikadin\/wp-content\/uploads\/QS-Kurtarildi-2.jpg 1280w, https:\/\/www.tgrthaber.com\/mavikadin\/wp-content\/uploads\/QS-Kurtarildi-2-300x159.jpg 300w, https:\/\/www.tgrthaber.com\/mavikadin\/wp-content\/uploads\/QS-Kurtarildi-2-1024x544.jpg 1024w, https:\/\/www.tgrthaber.com\/mavikadin\/wp-content\/uploads\/QS-Kurtarildi-2-768x408.jpg 768w\" sizes=\"(max-width: 1280px) 100vw, 1280px\" \/><figcaption id=\"caption-attachment-112261\" class=\"wp-caption-text\">Survivor Adem KIl\u0131\u00e7c\u0131<\/figcaption><\/figure>\n<h3>SURV\u0130VOR&#8217;A KATILACAK \u0130SMA\u0130L BALABAN VE E\u015e\u0130N\u0130N VEDALA\u015eMA ANLARINA TEPK\u0130<\/h3>\n<p>1 Ocak 2025\u2019te izleyicileriyle bulu\u015facak olan Survivor yar\u0131\u015fmas\u0131 i\u00e7in kat\u0131l\u0131mc\u0131lar Dominik\u2019e do\u011fru yola \u00e7\u0131kt\u0131. 2021 y\u0131l\u0131nda Survivor\u2019\u0131 kazanan g\u00fcre\u015f\u00e7i \u0130smail Balaban\u2019\u0131n havaalan\u0131nda e\u015fi \u0130layda \u015eeker ile vedala\u015fma anlar\u0131, sosyal medyada kullan\u0131c\u0131lar\u0131n tepkisini toplad\u0131. Balaban ve \u015eeker g\u00f6zya\u015flar\u0131 i\u00e7inde birbirlerine veda ederken, \u0130layda \u015eeker payla\u015f\u0131m\u0131na &#8220;Allah\u2019a emanet ol, her \u015feyim, kalbim seninle&#8221; yazd\u0131. \u0130layda \u015eeker ve \u0130smail Balaban&#8217;\u0131n o anlar\u0131na &#8220;Sava\u015fa m\u0131 yolluyor?&#8221;, &#8220;Sanki askerli\u011fe gidiyor&#8221; \u015feklinde yorumlar yap\u0131ld\u0131.<\/p>\n<figure id=\"attachment_112262\" aria-describedby=\"caption-attachment-112262\" style=\"width: 1280px\" class=\"wp-caption alignnone\"><img loading=\"lazy\" decoding=\"async\" class=\"size-full wp-image-112262\" src=\"https:\/\/www.tgrthaber.com\/mavikadin\/wp-content\/uploads\/QS-Kurtariltttdi.jpg\" alt=\"Survivor \u0130smail Balaban ve e\u015fi\" width=\"1280\" height=\"680\" title=\"\" srcset=\"https:\/\/www.tgrthaber.com\/mavikadin\/wp-content\/uploads\/QS-Kurtariltttdi.jpg 1280w, https:\/\/www.tgrthaber.com\/mavikadin\/wp-content\/uploads\/QS-Kurtariltttdi-300x159.jpg 300w, https:\/\/www.tgrthaber.com\/mavikadin\/wp-content\/uploads\/QS-Kurtariltttdi-1024x544.jpg 1024w, https:\/\/www.tgrthaber.com\/mavikadin\/wp-content\/uploads\/QS-Kurtariltttdi-768x408.jpg 768w\" sizes=\"(max-width: 1280px) 100vw, 1280px\" \/><figcaption id=\"caption-attachment-112262\" class=\"wp-caption-text\">Survivor \u0130smail Balaban ve e\u015fi<\/figcaption><\/figure>\n","protected":false},"excerpt":{"rendered":"<p>Survivor 2025 i\u00e7in yar\u0131\u015fmac\u0131lar teker teker Dominik Cumhuriyeti&#8217;ne do\u011fru yola \u00e7\u0131kmaya ba\u015flad\u0131. Bunlardan biri de Adem K\u0131l\u0131\u00e7c\u0131 oldu. K\u0131l\u0131\u00e7c\u0131, Survivor \u00f6ncesinde Dominik&#8217;te ekip arkada\u015flar\u0131yla bir araya gelerek, sahilde vakit ge\u00e7irdi.<\/p>\n","protected":false},"author":2,"featured_media":112263,"comment_status":"closed","ping_status":"closed","sticky":false,"template":"","format":"standard","meta":{"rank_math_lock_modified_date":false,"footnotes":""},"categories":[76],"tags":[],"class_list":["post-112251","post","type-post","status-publish","format-standard","has-post-thumbnail","hentry","category-magazin"],"_links":{"self":[{"href":"https:\/\/www.tgrthaber.com\/mavikadin\/wp-json\/wp\/v2\/posts\/112251"}],"collection":[{"href":"https:\/\/www.tgrthaber.com\/mavikadin\/wp-json\/wp\/v2\/posts"}],"about":[{"href":"https:\/\/www.tgrthaber.com\/mavikadin\/wp-json\/wp\/v2\/types\/post"}],"author":[{"embeddable":true,"href":"https:\/\/www.tgrthaber.com\/mavikadin\/wp-json\/wp\/v2\/users\/2"}],"replies":[{"embeddable":true,"href":"https:\/\/www.tgrthaber.com\/mavikadin\/wp-json\/wp\/v2\/comments?post=112251"}],"version-history":[{"count":2,"href":"https:\/\/www.tgrthaber.com\/mavikadin\/wp-json\/wp\/v2\/posts\/112251\/revisions"}],"predecessor-version":[{"id":112265,"href":"https:\/\/www.tgrthaber.com\/mavikadin\/wp-json\/wp\/v2\/posts\/112251\/revisions\/112265"}],"wp:featuredmedia":[{"embeddable":true,"href":"https:\/\/www.tgrthaber.com\/mavikadin\/wp-json\/wp\/v2\/media\/112263"}],"wp:attachment":[{"href":"https:\/\/www.tgrthaber.com\/mavikadin\/wp-json\/wp\/v2\/media?parent=112251"}],"wp:term":[{"taxonomy":"category","embeddable":true,"href":"https:\/\/www.tgrthaber.com\/mavikadin\/wp-json\/wp\/v2\/categories?post=112251"},{"taxonomy":"post_tag","embeddable":true,"href":"https:\/\/www.tgrthaber.com\/mavikadin\/wp-json\/wp\/v2\/tags?post=112251"}],"curies":[{"name":"wp","href":"https:\/\/api.w.org\/{rel}","templated":true}]}}