{"id":112272,"date":"2024-12-25T21:38:38","date_gmt":"2024-12-25T18:38:38","guid":{"rendered":"https:\/\/www.tgrthaber.com\/mavikadin\/?p=112272"},"modified":"2024-12-25T21:44:13","modified_gmt":"2024-12-25T18:44:13","slug":"milli-futbolcu-kerem-akturkoglu-nisanlandi","status":"publish","type":"post","link":"https:\/\/www.tgrthaber.com\/mavikadin\/milli-futbolcu-kerem-akturkoglu-nisanlandi\/","title":{"rendered":"Milli futbolcu Kerem Akt\u00fcrko\u011flu ni\u015fanland\u0131!"},"content":{"rendered":"<p>Galatasaray&#8217;dan Benfica&#8217;ya transfer olan ve att\u0131\u011f\u0131 gollerle \u00f6ne \u00e7\u0131kan Kerem Akt\u00fcrko\u011flu, sosyal medya hesab\u0131ndan \u00e7i\u00e7ek demetiyle bir payla\u015f\u0131mda bulundu. Milli futbolcu ni\u015fanland\u0131\u011f\u0131n\u0131 duyurdu. Kerem&#8217;in bu payla\u015f\u0131m\u0131 sosyal medyada b\u00fcy\u00fck ilgi uyand\u0131r\u0131rken, \u00fcnl\u00fc ismin evlilik e\u015fi\u011finde olmas\u0131 takip\u00e7ilerini mutlu etti.<\/p>\n<h3>KEREM AKT\u00dcRKO\u011eLU N\u0130\u015eANLANDI<\/h3>\n<p>Kerem Akt\u00fcrko\u011flu, sosyal\u00a0 medya hesab\u0131ndan yapt\u0131\u011f\u0131 bir payla\u015f\u0131mla ni\u015fanland\u0131\u011f\u0131n\u0131 duyurdu. Ni\u015fanl\u0131s\u0131n\u0131n foto\u011fraf\u0131n\u0131 payla\u015fmayan Akt\u00fcro\u011flu&#8217;nu Galatasaray&#8217;dan yak\u0131n dostu Yunus Akg\u00fcn yaln\u0131z b\u0131rakmad\u0131. \u00dcnl\u00fc futbolcunun m\u00fcstakbel e\u015fi merak edildi.<\/p>\n<figure id=\"attachment_112277\" aria-describedby=\"caption-attachment-112277\" style=\"width: 1280px\" class=\"wp-caption alignnone\"><img loading=\"lazy\" decoding=\"async\" class=\"size-full wp-image-112277\" src=\"https:\/\/www.tgrthaber.com\/mavikadin\/wp-content\/uploads\/qs-Kurtarildie.jpg\" alt=\"Kerem Akt\u00fcrko\u011flu ni\u015fanland\u0131\" width=\"1280\" height=\"680\" title=\"\" srcset=\"https:\/\/www.tgrthaber.com\/mavikadin\/wp-content\/uploads\/qs-Kurtarildie.jpg 1280w, https:\/\/www.tgrthaber.com\/mavikadin\/wp-content\/uploads\/qs-Kurtarildie-300x159.jpg 300w, https:\/\/www.tgrthaber.com\/mavikadin\/wp-content\/uploads\/qs-Kurtarildie-1024x544.jpg 1024w, https:\/\/www.tgrthaber.com\/mavikadin\/wp-content\/uploads\/qs-Kurtarildie-768x408.jpg 768w\" sizes=\"(max-width: 1280px) 100vw, 1280px\" \/><figcaption id=\"caption-attachment-112277\" class=\"wp-caption-text\">Kerem Akt\u00fcrko\u011flu ni\u015fanland\u0131<\/figcaption><\/figure>\n<h3>BENFICA&#8217;DA FIRTINA EST\u0130R\u0130YOR<\/h3>\n<p>Benfica, Galatasaray&#8217;dan 12 milyon euroya Kerem Akt\u00fcrko\u011flu&#8217;nu transfer etti\u011fi g\u00fcnden bu yana oynad\u0131\u011f\u0131 11 lig kar\u015f\u0131la\u015fmas\u0131ndan 10&#8217;unu kazand\u0131. Bir ma\u00e7 ise berabere tamamland\u0131.\u00a0Kerem Akt\u00fcrko\u011flu, Benfica formas\u0131n\u0131 giydi\u011fi 19 ma\u00e7ta 10 gol ve 5 asistlik katk\u0131 sa\u011flad\u0131.<\/p>\n<p><img loading=\"lazy\" decoding=\"async\" class=\"alignnone size-full wp-image-112278\" src=\"https:\/\/www.tgrthaber.com\/mavikadin\/wp-content\/uploads\/QS-Kurtarildiwe.jpg\" alt=\"\" width=\"1280\" height=\"680\" title=\"\" srcset=\"https:\/\/www.tgrthaber.com\/mavikadin\/wp-content\/uploads\/QS-Kurtarildiwe.jpg 1280w, https:\/\/www.tgrthaber.com\/mavikadin\/wp-content\/uploads\/QS-Kurtarildiwe-300x159.jpg 300w, https:\/\/www.tgrthaber.com\/mavikadin\/wp-content\/uploads\/QS-Kurtarildiwe-1024x544.jpg 1024w, https:\/\/www.tgrthaber.com\/mavikadin\/wp-content\/uploads\/QS-Kurtarildiwe-768x408.jpg 768w\" sizes=\"(max-width: 1280px) 100vw, 1280px\" \/><\/p>\n<h3>SON MA\u00c7TA AYAKTA ALKI\u015eLANDI<\/h3>\n<p>Portekiz Ligi&#8217;nin 15. haftas\u0131nda Benfica-Estoril kar\u015f\u0131la\u015fmas\u0131 3-0 ev sahibi tak\u0131m\u0131n galibiyetiyle tamamland\u0131. Milli futbolcular\u0131m\u0131z Kerem ve Orkun K\u00f6k\u00e7\u00fc, T\u00fcrkiye&#8217;deki takip\u00e7ilerinin gurur kayna\u011f\u0131 oldu.<\/p>\n<p>84. dakikada yerini B. Rollheiser&#8217;a b\u0131rakan Kerem Akt\u00fcrko\u011flu, kenara gelirken trib\u00fcnler taraf\u0131ndan uzun s\u00fcre ayakta alk\u0131\u015fland\u0131. Orkun K\u00f6k\u00e7\u00fc ise ma\u00e7\u0131n en de\u011ferli oyuncusu se\u00e7ildi.<\/p>\n","protected":false},"excerpt":{"rendered":"<p>Galatasaray&#8217;dan Benfica&#8217;ya transfer olan ve att\u0131\u011f\u0131 gollerle \u00f6ne \u00e7\u0131kan Kerem Akt\u00fcrko\u011flu, sosyal medya hesab\u0131ndan \u00e7i\u00e7ek aranjman\u0131 ve y\u00fcz\u00fckle bir payla\u015f\u0131mda bulundu. \u00dcnl\u00fc isim ni\u015fanland\u0131\u011f\u0131n\u0131 duyurdu. Di\u011fer yandan, Yunus Akg\u00fcn yak\u0131n arkada\u015f\u0131n\u0131 yaln\u0131z b\u0131rakmad\u0131.<\/p>\n","protected":false},"author":2,"featured_media":112279,"comment_status":"closed","ping_status":"closed","sticky":false,"template":"","format":"standard","meta":{"rank_math_lock_modified_date":false,"footnotes":""},"categories":[76],"tags":[],"class_list":["post-112272","post","type-post","status-publish","format-standard","has-post-thumbnail","hentry","category-magazin"],"_links":{"self":[{"href":"https:\/\/www.tgrthaber.com\/mavikadin\/wp-json\/wp\/v2\/posts\/112272"}],"collection":[{"href":"https:\/\/www.tgrthaber.com\/mavikadin\/wp-json\/wp\/v2\/posts"}],"about":[{"href":"https:\/\/www.tgrthaber.com\/mavikadin\/wp-json\/wp\/v2\/types\/post"}],"author":[{"embeddable":true,"href":"https:\/\/www.tgrthaber.com\/mavikadin\/wp-json\/wp\/v2\/users\/2"}],"replies":[{"embeddable":true,"href":"https:\/\/www.tgrthaber.com\/mavikadin\/wp-json\/wp\/v2\/comments?post=112272"}],"version-history":[{"count":2,"href":"https:\/\/www.tgrthaber.com\/mavikadin\/wp-json\/wp\/v2\/posts\/112272\/revisions"}],"predecessor-version":[{"id":112283,"href":"https:\/\/www.tgrthaber.com\/mavikadin\/wp-json\/wp\/v2\/posts\/112272\/revisions\/112283"}],"wp:featuredmedia":[{"embeddable":true,"href":"https:\/\/www.tgrthaber.com\/mavikadin\/wp-json\/wp\/v2\/media\/112279"}],"wp:attachment":[{"href":"https:\/\/www.tgrthaber.com\/mavikadin\/wp-json\/wp\/v2\/media?parent=112272"}],"wp:term":[{"taxonomy":"category","embeddable":true,"href":"https:\/\/www.tgrthaber.com\/mavikadin\/wp-json\/wp\/v2\/categories?post=112272"},{"taxonomy":"post_tag","embeddable":true,"href":"https:\/\/www.tgrthaber.com\/mavikadin\/wp-json\/wp\/v2\/tags?post=112272"}],"curies":[{"name":"wp","href":"https:\/\/api.w.org\/{rel}","templated":true}]}}