{"id":112284,"date":"2024-12-25T21:50:42","date_gmt":"2024-12-25T18:50:42","guid":{"rendered":"https:\/\/www.tgrthaber.com\/mavikadin\/?p=112284"},"modified":"2024-12-25T21:56:08","modified_gmt":"2024-12-25T18:56:08","slug":"prens-dizisinin-3-sezonunda-binnur-kaya-surprizi-venedik-kralicesi-oluyor","status":"publish","type":"post","link":"https:\/\/www.tgrthaber.com\/mavikadin\/prens-dizisinin-3-sezonunda-binnur-kaya-surprizi-venedik-kralicesi-oluyor\/","title":{"rendered":"Prens dizisinin 3. sezonunda Binnur Kaya s\u00fcrprizi: Venedik Krali\u00e7esi oluyor"},"content":{"rendered":"<p>Blutv\u2019nin b\u00fcy\u00fck ilgiyle takip edilen dizisi Prens, 3. sezon \u00e7ekimlerine ba\u015fl\u0131yor. M\u00fc\u015fvik Guluzade&#8217;nin yap\u0131mc\u0131l\u0131\u011f\u0131n\u0131 \u00fcstlendi\u011fi ve MGX Film\u2019in imzas\u0131n\u0131 ta\u015f\u0131yan Prens dizisinin okuma provas\u0131 yar\u0131n yap\u0131lacak. Dizinin \u00e7ekimleri ise 7 Ocak 2025&#8217;te ba\u015flayacak. Prens dizisinin 3. sezonunda izleyiciyi heyecanland\u0131ran \u00f6nemli bir geli\u015fme ya\u015fand\u0131.<\/p>\n<h3>B\u0130NNUR KAYA PRENS D\u0130Z\u0130S\u0130NDE<\/h3>\n<p>\u00dcnl\u00fc oyuncu Binnur Kaya, dizinin kadrosuna kat\u0131ld\u0131.<\/p>\n<p>Binnur Kaya, Prens dizisinin 3. sezonunda Osmanl\u0131 d\u00f6nemi karakterlerinin de yer alaca\u011f\u0131 bir d\u00fcnyada, &#8220;Venedik Krali\u00e7esi&#8221; rol\u00fcyle izleyici kar\u015f\u0131s\u0131na \u00e7\u0131kacak.<\/p>\n<p>Dizinin ba\u015frol oyuncular\u0131 aras\u0131nda Giray Alt\u0131nok, Kerem \u00d6zdo\u011fan, Asl\u0131 Tando\u011fan, Serdar Or\u00e7in, \u00c7a\u011fda\u015f Onur \u00d6zt\u00fcrk, Ceyda D\u00fcvenci, \u00c7a\u011flar Ertu\u011frul gibi tan\u0131nm\u0131\u015f isimler yer al\u0131rken, y\u00f6netmen koltu\u011funda ise ilk sezondan tan\u0131d\u0131\u011f\u0131m\u0131z B\u00fclent \u0130\u015fbilen bulunuyor.<\/p>\n<p><img loading=\"lazy\" decoding=\"async\" class=\"alignnone  wp-image-112292\" src=\"https:\/\/www.tgrthaber.com\/mavikadin\/wp-content\/uploads\/Ekran-goruntusu-2024-12-25-215540.png\" alt=\"\" width=\"849\" height=\"548\" title=\"\" srcset=\"https:\/\/www.tgrthaber.com\/mavikadin\/wp-content\/uploads\/Ekran-goruntusu-2024-12-25-215540.png 576w, https:\/\/www.tgrthaber.com\/mavikadin\/wp-content\/uploads\/Ekran-goruntusu-2024-12-25-215540-300x194.png 300w\" sizes=\"(max-width: 849px) 100vw, 849px\" \/><\/p>\n<h3>B\u0130NNUR KAYA K\u0130MD\u0130R?<\/h3>\n<p>Binnur Kaya, 19 Nisan 1972 tarihinde Ankara&#8217;da d\u00fcnyaya gelmi\u015ftir. Aslen Adanal\u0131 olan Kaya, \u00e7ocukluk y\u0131llar\u0131n\u0131 Ankara&#8217;da ge\u00e7irmi\u015ftir. E\u011fitimi ve sanata olan ilgisi, onu T\u00fcrkiye&#8217;nin en sevilen oyuncular\u0131ndan biri haline getirmi\u015ftir. 1995 y\u0131l\u0131nda Bilkent \u00dcniversitesi M\u00fczik ve Sahne Sanatlar\u0131 Fak\u00fcltesi Tiyatro B\u00f6l\u00fcm\u00fcnden mezun olan Binnur Kaya, mezuniyetinin hemen ard\u0131ndan \u0130stanbul&#8217;a yerle\u015ferek kariyerine sa\u011flam ad\u0131mlarla ba\u015flam\u0131\u015ft\u0131r.<\/p>\n<p>Binnur Kaya&#8217;n\u0131n oyunculuk kariyeri, tiyatro sahnelerinde ba\u015flam\u0131\u015ft\u0131r. Ankara Sahnesi ve Karatahta isimli \u00e7ocuk tiyatrolar\u0131nda g\u00f6rev alarak sahne deneyimi kazanan Kaya, ayn\u0131 zamanda Bak\u0131rk\u00f6y Belediye Tiyatrosu\u2019nda da sahneye \u00e7\u0131km\u0131\u015ft\u0131r. Ancak, Binnur Kaya&#8217;n\u0131n televizyon d\u00fcnyas\u0131ndaki yolculu\u011fu 1990&#8217;lar\u0131n ortas\u0131nda ba\u015flam\u0131\u015ft\u0131r. \u0130lk televizyon dizisi Kaynanalar ile izleyici kar\u015f\u0131s\u0131na \u00e7\u0131kan Kaya, h\u0131zla tan\u0131nmaya ba\u015flam\u0131\u015ft\u0131r.<\/p>\n<p><img loading=\"lazy\" decoding=\"async\" class=\"alignnone  wp-image-112290\" src=\"https:\/\/www.tgrthaber.com\/mavikadin\/wp-content\/uploads\/Guzel-Gunler-9-scaled-1.jpg\" alt=\"\" width=\"816\" height=\"639\" title=\"\" srcset=\"https:\/\/www.tgrthaber.com\/mavikadin\/wp-content\/uploads\/Guzel-Gunler-9-scaled-1.jpg 2560w, https:\/\/www.tgrthaber.com\/mavikadin\/wp-content\/uploads\/Guzel-Gunler-9-scaled-1-300x235.jpg 300w, https:\/\/www.tgrthaber.com\/mavikadin\/wp-content\/uploads\/Guzel-Gunler-9-scaled-1-1024x802.jpg 1024w, https:\/\/www.tgrthaber.com\/mavikadin\/wp-content\/uploads\/Guzel-Gunler-9-scaled-1-768x602.jpg 768w, https:\/\/www.tgrthaber.com\/mavikadin\/wp-content\/uploads\/Guzel-Gunler-9-scaled-1-1536x1203.jpg 1536w, https:\/\/www.tgrthaber.com\/mavikadin\/wp-content\/uploads\/Guzel-Gunler-9-scaled-1-2048x1604.jpg 2048w\" sizes=\"(max-width: 816px) 100vw, 816px\" \/><\/p>\n<p>Kaya, 2007-2008 sezonunda, T\u00fcrk televizyonunun en pop\u00fcler komedi dizilerinden biri olan Avrupa Yakas\u0131&#8217;nda rol alarak b\u00fcy\u00fck bir \u00e7\u0131k\u0131\u015f yapm\u0131\u015ft\u0131r. Bu diziyle geni\u015f bir izleyici kitlesine ula\u015fan Binnur Kaya, sonraki y\u0131llarda pek \u00e7ok farkl\u0131 projede yer alarak oyunculuk kariyerini zirveye ta\u015f\u0131m\u0131\u015ft\u0131r.<\/p>\n<p>Binnur Kaya&#8217;n\u0131n ba\u015far\u0131s\u0131 sadece televizyonla s\u0131n\u0131rl\u0131 kalmam\u0131\u015f, sinemada da b\u00fcy\u00fck \u00f6vg\u00fcler alm\u0131\u015ft\u0131r. 2010 y\u0131l\u0131nda Vavien filmindeki performans\u0131yla dikkatleri \u00fczerine \u00e7ekmi\u015f ve bu rol\u00fcyle 42. Sinema Yazarlar\u0131 Derne\u011fi \u00d6d\u00fclleri&#8217;nde ve 3. Ye\u015fil\u00e7am \u00d6d\u00fclleri&#8217;nde En \u0130yi Kad\u0131n Oyuncu \u00f6d\u00fcllerini kazanm\u0131\u015ft\u0131r. Kaya, sinema d\u00fcnyas\u0131nda g\u00f6sterdi\u011fi ba\u015far\u0131l\u0131 performanslar\u0131 ile ad\u0131ndan s\u00f6z ettirmeye devam etmi\u015ftir.<\/p>\n<p>Binnur Kaya, 2014 y\u0131l\u0131nda Aram\u0131zda Kals\u0131n dizisinde sergiledi\u011fi performansla 41. Magnum Alt\u0131n Kelebek \u00d6d\u00fclleri&#8217;nde &#8220;En \u0130yi Kad\u0131n Komedi Oyuncusu&#8221; \u00f6d\u00fcl\u00fcn\u00fc kazanm\u0131\u015ft\u0131r.<\/p>\n<p><img loading=\"lazy\" decoding=\"async\" class=\"alignnone  wp-image-112291\" src=\"https:\/\/www.tgrthaber.com\/mavikadin\/wp-content\/uploads\/3534797_1920x1080.jpg\" alt=\"\" width=\"826\" height=\"465\" title=\"\" srcset=\"https:\/\/www.tgrthaber.com\/mavikadin\/wp-content\/uploads\/3534797_1920x1080.jpg 1920w, https:\/\/www.tgrthaber.com\/mavikadin\/wp-content\/uploads\/3534797_1920x1080-300x169.jpg 300w, https:\/\/www.tgrthaber.com\/mavikadin\/wp-content\/uploads\/3534797_1920x1080-1024x576.jpg 1024w, https:\/\/www.tgrthaber.com\/mavikadin\/wp-content\/uploads\/3534797_1920x1080-768x432.jpg 768w, https:\/\/www.tgrthaber.com\/mavikadin\/wp-content\/uploads\/3534797_1920x1080-1536x864.jpg 1536w\" sizes=\"(max-width: 826px) 100vw, 826px\" \/><\/p>\n","protected":false},"excerpt":{"rendered":"<p>Blutv\u2019nin fenomen dizisi Prens&#8217;in 3. sezonunda, Binnur Kaya s\u00fcrprizi! \u00dcnl\u00fc oyuncu, Osmanl\u0131 d\u00f6nemi karakterlerinin yer alaca\u011f\u0131 yeni sezonda &#8220;Venedik Krali\u00e7esi&#8221; rol\u00fcyle izleyici kar\u015f\u0131s\u0131na \u00e7\u0131kacak.<\/p>\n","protected":false},"author":4,"featured_media":112285,"comment_status":"closed","ping_status":"closed","sticky":false,"template":"","format":"standard","meta":{"rank_math_lock_modified_date":false,"footnotes":""},"categories":[101],"tags":[5918,5195,3252,5919],"class_list":["post-112284","post","type-post","status-publish","format-standard","has-post-thumbnail","hentry","category-kesfet","tag-3-sezon","tag-binnur-kaya","tag-prens","tag-prens-3-sezon"],"_links":{"self":[{"href":"https:\/\/www.tgrthaber.com\/mavikadin\/wp-json\/wp\/v2\/posts\/112284"}],"collection":[{"href":"https:\/\/www.tgrthaber.com\/mavikadin\/wp-json\/wp\/v2\/posts"}],"about":[{"href":"https:\/\/www.tgrthaber.com\/mavikadin\/wp-json\/wp\/v2\/types\/post"}],"author":[{"embeddable":true,"href":"https:\/\/www.tgrthaber.com\/mavikadin\/wp-json\/wp\/v2\/users\/4"}],"replies":[{"embeddable":true,"href":"https:\/\/www.tgrthaber.com\/mavikadin\/wp-json\/wp\/v2\/comments?post=112284"}],"version-history":[{"count":5,"href":"https:\/\/www.tgrthaber.com\/mavikadin\/wp-json\/wp\/v2\/posts\/112284\/revisions"}],"predecessor-version":[{"id":112294,"href":"https:\/\/www.tgrthaber.com\/mavikadin\/wp-json\/wp\/v2\/posts\/112284\/revisions\/112294"}],"wp:featuredmedia":[{"embeddable":true,"href":"https:\/\/www.tgrthaber.com\/mavikadin\/wp-json\/wp\/v2\/media\/112285"}],"wp:attachment":[{"href":"https:\/\/www.tgrthaber.com\/mavikadin\/wp-json\/wp\/v2\/media?parent=112284"}],"wp:term":[{"taxonomy":"category","embeddable":true,"href":"https:\/\/www.tgrthaber.com\/mavikadin\/wp-json\/wp\/v2\/categories?post=112284"},{"taxonomy":"post_tag","embeddable":true,"href":"https:\/\/www.tgrthaber.com\/mavikadin\/wp-json\/wp\/v2\/tags?post=112284"}],"curies":[{"name":"wp","href":"https:\/\/api.w.org\/{rel}","templated":true}]}}