{"id":112326,"date":"2024-12-25T23:13:18","date_gmt":"2024-12-25T20:13:18","guid":{"rendered":"https:\/\/www.tgrthaber.com\/mavikadin\/?p=112326"},"modified":"2024-12-26T00:38:27","modified_gmt":"2024-12-25T21:38:27","slug":"milli-futbolcu-kerem-akturkoglu-kimdir-evlilik-hayati-yasi-babasi-merak-edildi","status":"publish","type":"post","link":"https:\/\/www.tgrthaber.com\/mavikadin\/milli-futbolcu-kerem-akturkoglu-kimdir-evlilik-hayati-yasi-babasi-merak-edildi\/","title":{"rendered":"Milli futbolcu Kerem Akt\u00fcrko\u011flu kimdir? Evlilik hayat\u0131, ya\u015f\u0131, babas\u0131 merak edildi!"},"content":{"rendered":"<p class=\"p2\">Milli futbolcu Kerem Akt\u00fcrko\u011flu, att\u0131\u011f\u0131 gollerle oldu\u011fu kadar \u00f6zel hayat\u0131yla da dikkat \u00e7ekiyor. Benfica\u2019da g\u00f6sterdi\u011fi \u00fcst\u00fcn performansla ad\u0131ndan s\u00f6z ettiren ba\u015far\u0131l\u0131 futbolcu, \u015fimdi de evlilik haberleriyle g\u00fcndemde. Futbolseverler, Kerem Akt\u00fcrko\u011flu\u2019nun kariyerinden \u00f6zel ya\u015fam\u0131na kadar pek \u00e7ok detay\u0131 merak ediyor. Peki, Kerem Akt\u00fcrko\u011flu kimdir? Ya\u015f\u0131, evlilik hayat\u0131, babas\u0131 ara\u015ft\u0131r\u0131l\u0131yor. \u0130\u015fte merak edilen t\u00fcm detaylar\u2026<\/p>\n<hr \/>\n<h3>M\u0130LL\u0130 FUTBOLCU KEREM AKT\u00dcRKO\u011eLU K\u0130MD\u0130R, KA\u00c7 YA\u015eINDA?<\/h3>\n<p class=\"p1\">21 Ekim 1998\u2019de \u0130zmit\u2019te d\u00fcnyaya gelen Kerem Akt\u00fcrko\u011flu, \u00e7ocukluk y\u0131llar\u0131ndan itibaren futbol tutkusuyla b\u00fcy\u00fcd\u00fc. \u0130lk ad\u0131mlar\u0131n\u0131 2011 y\u0131l\u0131nda G\u00f6lc\u00fckspor altyap\u0131s\u0131nda atan gen\u00e7 yetenek, iki y\u0131l boyunca burada kendini geli\u015ftirdi. Ard\u0131ndan Hisareynspor altyap\u0131s\u0131na ge\u00e7en Akt\u00fcrko\u011flu, futbol becerilerini bir \u00fcst seviyeye ta\u015f\u0131d\u0131. Hen\u00fcz gen\u00e7 ya\u015flardayken sergiledi\u011fi \u00fcst\u00fcn performansla dikkatleri \u00fczerine \u00e7ekerek 2015 y\u0131l\u0131nda \u0130stanbul Ba\u015fak\u015fehir altyap\u0131s\u0131na transfer oldu ve profesyonel kariyer yolculu\u011funu burada ba\u015flatt\u0131.<\/p>\n<p class=\"p1\"><img loading=\"lazy\" decoding=\"async\" class=\"alignnone wp-image-112342 size-full\" src=\"https:\/\/www.tgrthaber.com\/mavikadin\/wp-content\/uploads\/Milli-futbolcu-Kerem-Akturkoglu-kimdir-Evlilik-hayati-yasi-babasi-merak-edildi-.png\" alt=\"kerem akt\u00fcrko\u011flu \" width=\"1208\" height=\"720\" title=\"\" srcset=\"https:\/\/www.tgrthaber.com\/mavikadin\/wp-content\/uploads\/Milli-futbolcu-Kerem-Akturkoglu-kimdir-Evlilik-hayati-yasi-babasi-merak-edildi-.png 1208w, https:\/\/www.tgrthaber.com\/mavikadin\/wp-content\/uploads\/Milli-futbolcu-Kerem-Akturkoglu-kimdir-Evlilik-hayati-yasi-babasi-merak-edildi--300x179.png 300w, https:\/\/www.tgrthaber.com\/mavikadin\/wp-content\/uploads\/Milli-futbolcu-Kerem-Akturkoglu-kimdir-Evlilik-hayati-yasi-babasi-merak-edildi--1024x610.png 1024w, https:\/\/www.tgrthaber.com\/mavikadin\/wp-content\/uploads\/Milli-futbolcu-Kerem-Akturkoglu-kimdir-Evlilik-hayati-yasi-babasi-merak-edildi--768x458.png 768w\" sizes=\"(max-width: 1208px) 100vw, 1208px\" \/><\/p>\n<hr \/>\n<p class=\"p1\"><strong>Profesyonel kariyeri<\/strong><\/p>\n<p class=\"p1\">Kerem Akt\u00fcrko\u011flu, 2015 y\u0131l\u0131nda \u0130stanbul Ba\u015fak\u015fehir ile profesyonel futbol hayat\u0131na ilk ad\u0131m\u0131n\u0131 att\u0131. Kariyerinin ba\u015f\u0131nda daha fazla deneyim kazanmas\u0131 i\u00e7in 2016 y\u0131l\u0131nda Bodrumspor\u2019a kiraland\u0131. Bodrumspor\u2019da oynad\u0131\u011f\u0131 d\u00f6nemde dikkat \u00e7eken bir performans sergileyen gen\u00e7 futbolcu, saha i\u00e7indeki dinamizmi ve tekni\u011fiyle yeteneklerini daha da ileri ta\u015f\u0131yarak futbol \u00e7evrelerinde tan\u0131nmaya ba\u015flad\u0131.<\/p>\n<p class=\"p1\">2 Ekim 2020\u2019de Galatasaray\u2019a bonservis bedeli \u00f6denmeden transfer olan Kerem Akt\u00fcrko\u011flu, sar\u0131-k\u0131rm\u0131z\u0131l\u0131 formayla kariyerinde yeni bir sayfa a\u00e7t\u0131. Tak\u0131ma kat\u0131ld\u0131\u011f\u0131 2020-2021 sezonunda 29 kar\u015f\u0131la\u015fmada g\u00f6rev alarak 6 gol ve 3 asistlik katk\u0131 sa\u011flad\u0131. Bu performans\u0131, gen\u00e7 oyuncunun yaln\u0131zca Galatasaray i\u00e7in de\u011fil, T\u00fcrk futbolu i\u00e7in de \u00f6nemli bir de\u011fer oldu\u011funu kan\u0131tlad\u0131. Ayn\u0131 sezon, Karada\u011f kar\u015f\u0131s\u0131nda T\u00fcrkiye A Milli Tak\u0131m\u0131 formas\u0131n\u0131 ilk kez giyerek uluslararas\u0131 arenada da ad\u0131n\u0131 duyurdu.<\/p>\n<p class=\"p1\">Kerem Akt\u00fcrko\u011flu, Galatasaray\u2019daki etkileyici performans\u0131n\u0131n ard\u0131ndan 3 Eyl\u00fcl 2024 tarihinde Benfica\u2019ya transfer olarak kariyerinde yeni bir sayfa a\u00e7t\u0131. Bu \u00f6nemli ad\u0131m, gen\u00e7 oyuncunun Avrupa futbol sahnesinde kendini daha da geli\u015ftirme f\u0131rsat\u0131 bulmas\u0131n\u0131 sa\u011flad\u0131. Benfica\u2019ya transferi, sadece kariyerindeki bir ilerleme de\u011fil, ayn\u0131 zamanda uluslararas\u0131 arenada ad\u0131n\u0131 daha geni\u015f kitlelere duyurmas\u0131 i\u00e7in bir d\u00f6n\u00fcm noktas\u0131 oldu.<\/p>\n<hr \/>\n<h3>KEREM AKT\u00dcRKO\u011eLU N\u0130\u015eANLANDI<\/h3>\n<p class=\"p1\">Benfica\u2019daki performans\u0131yla yaln\u0131zca kariyerinde de\u011fil, T\u00fcrk futbolunda da b\u00fcy\u00fck bir iz b\u0131rakan milli y\u0131ld\u0131z\u0131m\u0131z Kerem Akt\u00fcrko\u011flu, \u00f6zel hayat\u0131nda da yeni bir sayfa a\u00e7\u0131yor. Akt\u00fcrko\u011flu, Instagram hesab\u0131ndan yapt\u0131\u011f\u0131 anlaml\u0131 bir payla\u015f\u0131mla evlilik haz\u0131rl\u0131\u011f\u0131nda oldu\u011funu takip\u00e7ileriyle payla\u015ft\u0131. Elinde \u00e7i\u00e7e\u011fiyle k\u0131z istemeye giderken \u00e7ekilen foto\u011fraf\u0131n\u0131 payla\u015fan ba\u015far\u0131l\u0131 futbolcu, bu \u00f6zel an\u0131yla b\u00fcy\u00fck ilgi toplad\u0131. Milli oyuncunun g\u00f6nderisi, k\u0131sa s\u00fcrede futbolseverlerden yo\u011fun bir be\u011feni ve yorum ald\u0131.<\/p>\n<p><img loading=\"lazy\" decoding=\"async\" class=\"alignnone wp-image-112344 size-full\" src=\"https:\/\/www.tgrthaber.com\/mavikadin\/wp-content\/uploads\/Milli-futbolcu-Kerem-Akturkoglu-kimdir-Evlilik-hayati-yasi-babasi-merak-edildi-6.png\" alt=\"\" width=\"1208\" height=\"720\" title=\"\" srcset=\"https:\/\/www.tgrthaber.com\/mavikadin\/wp-content\/uploads\/Milli-futbolcu-Kerem-Akturkoglu-kimdir-Evlilik-hayati-yasi-babasi-merak-edildi-6.png 1208w, https:\/\/www.tgrthaber.com\/mavikadin\/wp-content\/uploads\/Milli-futbolcu-Kerem-Akturkoglu-kimdir-Evlilik-hayati-yasi-babasi-merak-edildi-6-300x179.png 300w, https:\/\/www.tgrthaber.com\/mavikadin\/wp-content\/uploads\/Milli-futbolcu-Kerem-Akturkoglu-kimdir-Evlilik-hayati-yasi-babasi-merak-edildi-6-1024x610.png 1024w, https:\/\/www.tgrthaber.com\/mavikadin\/wp-content\/uploads\/Milli-futbolcu-Kerem-Akturkoglu-kimdir-Evlilik-hayati-yasi-babasi-merak-edildi-6-768x458.png 768w\" sizes=\"(max-width: 1208px) 100vw, 1208px\" \/><\/p>\n<hr \/>\n<h3>KEREM AKT\u00dcRKO\u011eLU&#8217;NUN BABASI K\u0130M?<\/h3>\n<p class=\"p1\">Muhammed Kerem Akt\u00fcrko\u011flu\u2019nun babas\u0131 \u00d6mer Faruk Akt\u00fcrko\u011flu aslen Rizeli, annesi Filiz Akt\u00fcrko\u011flu ise Trabzonludur. Babas\u0131, kariyeri boyunca \u00e7e\u015fitli g\u00f6revlerde ve farkl\u0131 \u015fehirlerde \u00e7al\u0131\u015farak deneyim kazand\u0131ktan sonra 2020 y\u0131l\u0131nda profes\u00f6rl\u00fck unvan\u0131n\u0131 alm\u0131\u015ft\u0131r. \u015eu anda Prof. Dr. unvan\u0131yla Ankara Bilkent \u015eehir Hastanesi\u2019nde \u00f6\u011fretim \u00fcyesi olarak g\u00f6rev yapmaktad\u0131r.<\/p>\n","protected":false},"excerpt":{"rendered":"<p>Milli futbolcu Kerem Akt\u00fcrko\u011flu, sahadaki ba\u015far\u0131s\u0131n\u0131n yan\u0131 s\u0131ra \u00f6zel hayat\u0131yla da ilgi oda\u011f\u0131 olmaya devam ediyor. Benfica\u2019daki performans\u0131yla alk\u0131\u015f toplayan y\u0131ld\u0131z futbolcu, evlilik haz\u0131rl\u0131klar\u0131yla da g\u00fcndemde. Futbolseverler, Kerem\u2019in kariyerinden aile hayat\u0131na kadar bir\u00e7ok konuda bilgi edinmek istiyor. Peki, Kerem Akt\u00fcrko\u011flu kimdir? Ya\u015f\u0131, evlilik hayat\u0131 ve babas\u0131 ara\u015ft\u0131r\u0131l\u0131yor!<\/p>\n","protected":false},"author":16,"featured_media":112348,"comment_status":"closed","ping_status":"closed","sticky":false,"template":"","format":"standard","meta":{"rank_math_lock_modified_date":false,"footnotes":""},"categories":[491],"tags":[5955,5954,5956],"class_list":["post-112326","post","type-post","status-publish","format-standard","has-post-thumbnail","hentry","category-biyografi","tag-kerem-akturkoglu-babasi-kim","tag-kerem-akturkoglu-kimdir","tag-kerem-akturkoglu-yas-kac"],"_links":{"self":[{"href":"https:\/\/www.tgrthaber.com\/mavikadin\/wp-json\/wp\/v2\/posts\/112326"}],"collection":[{"href":"https:\/\/www.tgrthaber.com\/mavikadin\/wp-json\/wp\/v2\/posts"}],"about":[{"href":"https:\/\/www.tgrthaber.com\/mavikadin\/wp-json\/wp\/v2\/types\/post"}],"author":[{"embeddable":true,"href":"https:\/\/www.tgrthaber.com\/mavikadin\/wp-json\/wp\/v2\/users\/16"}],"replies":[{"embeddable":true,"href":"https:\/\/www.tgrthaber.com\/mavikadin\/wp-json\/wp\/v2\/comments?post=112326"}],"version-history":[{"count":2,"href":"https:\/\/www.tgrthaber.com\/mavikadin\/wp-json\/wp\/v2\/posts\/112326\/revisions"}],"predecessor-version":[{"id":112430,"href":"https:\/\/www.tgrthaber.com\/mavikadin\/wp-json\/wp\/v2\/posts\/112326\/revisions\/112430"}],"wp:featuredmedia":[{"embeddable":true,"href":"https:\/\/www.tgrthaber.com\/mavikadin\/wp-json\/wp\/v2\/media\/112348"}],"wp:attachment":[{"href":"https:\/\/www.tgrthaber.com\/mavikadin\/wp-json\/wp\/v2\/media?parent=112326"}],"wp:term":[{"taxonomy":"category","embeddable":true,"href":"https:\/\/www.tgrthaber.com\/mavikadin\/wp-json\/wp\/v2\/categories?post=112326"},{"taxonomy":"post_tag","embeddable":true,"href":"https:\/\/www.tgrthaber.com\/mavikadin\/wp-json\/wp\/v2\/tags?post=112326"}],"curies":[{"name":"wp","href":"https:\/\/api.w.org\/{rel}","templated":true}]}}