{"id":112358,"date":"2024-12-25T23:53:40","date_gmt":"2024-12-25T20:53:40","guid":{"rendered":"https:\/\/www.tgrthaber.com\/mavikadin\/?p=112358"},"modified":"2024-12-25T23:53:40","modified_gmt":"2024-12-25T20:53:40","slug":"sarkici-karsudan-doguma-gunler-kala-karni-burnunda-yeni-paylasim","status":"publish","type":"post","link":"https:\/\/www.tgrthaber.com\/mavikadin\/sarkici-karsudan-doguma-gunler-kala-karni-burnunda-yeni-paylasim\/","title":{"rendered":"\u015eark\u0131c\u0131 Karsu&#8217;dan do\u011fuma g\u00fcnler kala karn\u0131 burnunda yeni payla\u015f\u0131m!"},"content":{"rendered":"<p>Ge\u00e7ti\u011fimiz Temmuz ay\u0131nda ni\u015fanl\u0131s\u0131 Mike Schrama ile evlenen Karsu, erkek \u00e7ocuk sahibi olmay\u0131 heyecanla bekliyor. Sosyal medya platformunda annelik heyecan\u0131n\u0131 s\u0131k s\u0131k takip\u00e7ileriyle payla\u015fan \u00fcnl\u00fc \u015fark\u0131c\u0131, son olarak karn\u0131 burnunda pozunu payla\u015ft\u0131.<\/p>\n<h3>\u015eARKICI KARSU&#8217;DAN KARNI BURNUNDA YEN\u0130 POZ<\/h3>\n<p>\u015eark\u0131c\u0131 Karsu D\u00f6nmez, 2022 y\u0131l\u0131n\u0131n Eyl\u00fcl ay\u0131nda Hollandal\u0131 sevgilisi Mike Schrama&#8217;n\u0131n evlenme teklifini kabul etmi\u015fti. Ard\u0131ndan davul ve zurna e\u015fli\u011finde yap\u0131lan bir d\u00fc\u011f\u00fcnle ge\u00e7ti\u011fimiz Temmuz ay\u0131nda evlenmi\u015fti. D\u00fc\u011f\u00fcn\u00fcnde evinden davul ve zurna sesleriyle \u00e7\u0131kan Karsu, Mike Schrama ile T\u00fcrk geleneklerine uygun bir t\u00f6ren ger\u00e7ekle\u015ftirmi\u015fti. Masal gibi bir d\u00fc\u011f\u00fcnle d\u00fcnya evine giren \u00fcnl\u00fc sanat\u00e7\u0131, sosyal medya \u00fczerinden yapt\u0131\u011f\u0131 a\u00e7\u0131klamada hamile oldu\u011funu duyurmu\u015ftu. Karsu D\u00f6nmez, payla\u015f\u0131m\u0131na &#8220;Kalplerimiz sevgiyle dolup ta\u015f\u0131yor. Seni kucaklar\u0131m\u0131za almak i\u00e7in sab\u0131rs\u0131zlan\u0131yoruz, k\u00fc\u00e7\u00fck bebek&#8221; \u015feklinde bir not eklemi\u015fti. Mike Schrama ile hayat\u0131n\u0131 birle\u015ftiren Karsu, \u015fimdi anne olma heyecan\u0131 ya\u015f\u0131yor. 46. \u0130stanbul Maratonu&#8217;nda e\u015fini destekleyen Karsu, haz\u0131rlad\u0131\u011f\u0131 pankartla bebe\u011finin cinsiyetini duyurmu\u015ftu.<\/p>\n<p>\u00dcnl\u00fc isim do\u011fuma haftalar kala karn\u0131 burnunda bir videosunu payla\u015ft\u0131. \u00dcnl\u00fc ismin bu g\u00f6nderisi, k\u0131sa s\u00fcre i\u00e7inde hayranlar\u0131n\u0131n binlerce be\u011fenisini kazand\u0131.<\/p>\n<div style=\"width: 640px;\" class=\"wp-video\"><!--[if lt IE 9]><script>document.createElement('video');<\/script><![endif]-->\n<video class=\"wp-video-shortcode\" id=\"video-112358-1\" width=\"640\" height=\"1138\" preload=\"metadata\" controls=\"controls\"><source type=\"video\/mp4\" src=\"https:\/\/www.tgrthaber.com\/mavikadin\/wp-content\/uploads\/karsu.mp4?_=1\" \/><a href=\"https:\/\/www.tgrthaber.com\/mavikadin\/wp-content\/uploads\/karsu.mp4\">https:\/\/www.tgrthaber.com\/mavikadin\/wp-content\/uploads\/karsu.mp4<\/a><\/video><\/div>\n<h3>BEBEK BEKLED\u0130KLER\u0130N\u0130 A\u00c7IKLADILAR<\/h3>\n<p>Pankartta &#8220;Mike Baba bravo&#8221; yaz\u0131l\u0131yd\u0131. Karsu\u2019nun erkek bebek bekledi\u011fi a\u00e7\u0131k\u00e7a belli olan bu payla\u015f\u0131m\u0131, k\u0131sa s\u00fcrede pek \u00e7ok be\u011feni ve yorum ald\u0131. Karsu, ko\u015fuyu tamamlayan e\u015fini &#8220;Mike baba tebrikler. Sevgiler o\u011flun ve Karsu&#8221; notuyla kar\u015f\u0131lad\u0131.<\/p>\n<p><img loading=\"lazy\" decoding=\"async\" class=\"alignnone size-full wp-image-112401\" src=\"https:\/\/www.tgrthaber.com\/mavikadin\/wp-content\/uploads\/qa-2.jpg\" alt=\"\" width=\"1900\" height=\"1080\" title=\"\" srcset=\"https:\/\/www.tgrthaber.com\/mavikadin\/wp-content\/uploads\/qa-2.jpg 1900w, https:\/\/www.tgrthaber.com\/mavikadin\/wp-content\/uploads\/qa-2-300x171.jpg 300w, https:\/\/www.tgrthaber.com\/mavikadin\/wp-content\/uploads\/qa-2-1024x582.jpg 1024w, https:\/\/www.tgrthaber.com\/mavikadin\/wp-content\/uploads\/qa-2-768x437.jpg 768w, https:\/\/www.tgrthaber.com\/mavikadin\/wp-content\/uploads\/qa-2-1536x873.jpg 1536w\" sizes=\"(max-width: 1900px) 100vw, 1900px\" \/><\/p>\n<h3>BEBEK ODASINDAN \u0130LK PAYLA\u015eIM<\/h3>\n<p>Arada bir annelik heyecan\u0131n\u0131 sosyal medya \u00fczerinden takip\u00e7ileriyle payla\u015fan Karsu, en son bebe\u011finin odas\u0131ndan bir g\u00f6nderi payla\u015ft\u0131. Bebe\u011finin odas\u0131ndaki giysilerle bir foto\u011fraf payla\u015fan Karsu, alt\u0131na \u015fu notu d\u00fc\u015ft\u00fc: &#8220;Az \u00f6nce arkada\u015f\u0131m Jenny&#8217;yi arad\u0131m ve &#8216;San\u0131r\u0131m bebek i\u00e7in fazlas\u0131yla her \u015feyi ald\u0131m&#8217; dedim. Bana g\u00fcld\u00fc ve &#8216;Can\u0131m, sana ger\u00e7ekten neye ihtiyac\u0131n var, neye yok, anlatay\u0131m,&#8217; dedi.&#8221;<\/p>\n<p><img loading=\"lazy\" decoding=\"async\" class=\"alignnone size-full wp-image-112403\" src=\"https:\/\/www.tgrthaber.com\/mavikadin\/wp-content\/uploads\/QS-5.jpg\" alt=\"\" width=\"1280\" height=\"680\" title=\"\" srcset=\"https:\/\/www.tgrthaber.com\/mavikadin\/wp-content\/uploads\/QS-5.jpg 1280w, https:\/\/www.tgrthaber.com\/mavikadin\/wp-content\/uploads\/QS-5-300x159.jpg 300w, https:\/\/www.tgrthaber.com\/mavikadin\/wp-content\/uploads\/QS-5-1024x544.jpg 1024w, https:\/\/www.tgrthaber.com\/mavikadin\/wp-content\/uploads\/QS-5-768x408.jpg 768w\" sizes=\"(max-width: 1280px) 100vw, 1280px\" \/><\/p>\n<h3>KARSU GER\u00c7EK \u0130SM\u0130 NED\u0130R?<\/h3>\n<p>Karsu D\u00f6nmez 19 Nisan 1990 y\u0131l\u0131nda do\u011fdu. Sadece Karsu ad\u0131yla tan\u0131nan \u015fark\u0131c\u0131n\u0131n, ger\u00e7ek ismi de Karsu&#8217;dur.\u00a0 D\u00f6nmez, Amsterdam do\u011fumlu T\u00fcrk ve Hollandal\u0131 sanat\u00e7\u0131d\u0131r. M\u00fczik tarz\u0131 farkl\u0131 t\u00fcrlerin bir birle\u015fimi olsa da caz pop bu tarz\u0131 en iyi tan\u0131mlayan ifade olabilir.<\/p>\n<h3>\u015eARKICI KARSU HAM\u0130LE M\u0130?<\/h3>\n<p>Hollandal\u0131 Mike Schrama ile evlenen m\u00fczisyen Karsu D\u00f6nmez, hamile oldu\u011funu duyurmu\u015ftu. \u015eark\u0131c\u0131, erkek bebek beklediklerini duyurmu\u015ftu. Uzun s\u00fcredir a\u015fk ya\u015fad\u0131\u011f\u0131 Hollandal\u0131 Mike Schrama ile Temmuz ay\u0131nda evlenen Karsu, hamile oldu\u011funu duyurmu\u015ftu.<\/p>\n","protected":false},"excerpt":{"rendered":"<p>Anne olmaya say\u0131l\u0131 g\u00fcnler kalan \u015fark\u0131c\u0131 Karsu, sosyal medya hesab\u0131ndan yapt\u0131\u011f\u0131 bir payla\u015f\u0131mla yeniden ad\u0131ndan s\u00f6z ettirdi. \u00dcnl\u00fc isim karn\u0131 burnunda pozlar\u0131n\u0131 payla\u015ft\u0131. <\/p>\n","protected":false},"author":2,"featured_media":112405,"comment_status":"closed","ping_status":"closed","sticky":false,"template":"","format":"standard","meta":{"rank_math_lock_modified_date":false,"footnotes":""},"categories":[76],"tags":[3509,2740,133,2218],"class_list":["post-112358","post","type-post","status-publish","format-standard","has-post-thumbnail","hentry","category-magazin","tag-karsu","tag-karsu-donmez","tag-magazin","tag-magazin-haberleri"],"_links":{"self":[{"href":"https:\/\/www.tgrthaber.com\/mavikadin\/wp-json\/wp\/v2\/posts\/112358"}],"collection":[{"href":"https:\/\/www.tgrthaber.com\/mavikadin\/wp-json\/wp\/v2\/posts"}],"about":[{"href":"https:\/\/www.tgrthaber.com\/mavikadin\/wp-json\/wp\/v2\/types\/post"}],"author":[{"embeddable":true,"href":"https:\/\/www.tgrthaber.com\/mavikadin\/wp-json\/wp\/v2\/users\/2"}],"replies":[{"embeddable":true,"href":"https:\/\/www.tgrthaber.com\/mavikadin\/wp-json\/wp\/v2\/comments?post=112358"}],"version-history":[{"count":2,"href":"https:\/\/www.tgrthaber.com\/mavikadin\/wp-json\/wp\/v2\/posts\/112358\/revisions"}],"predecessor-version":[{"id":112408,"href":"https:\/\/www.tgrthaber.com\/mavikadin\/wp-json\/wp\/v2\/posts\/112358\/revisions\/112408"}],"wp:featuredmedia":[{"embeddable":true,"href":"https:\/\/www.tgrthaber.com\/mavikadin\/wp-json\/wp\/v2\/media\/112405"}],"wp:attachment":[{"href":"https:\/\/www.tgrthaber.com\/mavikadin\/wp-json\/wp\/v2\/media?parent=112358"}],"wp:term":[{"taxonomy":"category","embeddable":true,"href":"https:\/\/www.tgrthaber.com\/mavikadin\/wp-json\/wp\/v2\/categories?post=112358"},{"taxonomy":"post_tag","embeddable":true,"href":"https:\/\/www.tgrthaber.com\/mavikadin\/wp-json\/wp\/v2\/tags?post=112358"}],"curies":[{"name":"wp","href":"https:\/\/api.w.org\/{rel}","templated":true}]}}