{"id":112445,"date":"2024-12-26T02:06:08","date_gmt":"2024-12-25T23:06:08","guid":{"rendered":"https:\/\/www.tgrthaber.com\/mavikadin\/?p=112445"},"modified":"2025-01-16T09:43:36","modified_gmt":"2025-01-16T06:43:36","slug":"kurulus-osmanda-halimeyi-canlandiran-asya-agca-kimdir","status":"publish","type":"post","link":"https:\/\/www.tgrthaber.com\/mavikadin\/kurulus-osmanda-halimeyi-canlandiran-asya-agca-kimdir\/","title":{"rendered":"Kurulu\u015f Osman\u2019da Halime\u2019yi oynad\u0131\u011f\u0131 Asya A\u011fca kimdir? Kurulu\u015f Osman&#8217;da b\u00fcy\u00fck d\u00f6n\u00fc\u015f"},"content":{"rendered":"<p>ATV\u2019nin reyting rekortmeni dizisi Kurulu\u015f Osman, 176. b\u00f6l\u00fcm\u00fcyle izleyicilerine heyecan dolu anlar ya\u015fatt\u0131. Uzun zamand\u0131r beklenen kavu\u015fma sahnesinin ger\u00e7ekle\u015fmesiyle b\u00fcy\u00fck bir s\u00fcrpriz ya\u015fand\u0131. Dizinin ba\u015frollerini Burak \u00d6z\u00e7ivit ve \u00d6zge T\u00f6rer&#8217;in payla\u015ft\u0131\u011f\u0131 bu b\u00f6l\u00fcmde, izleyiciler, Osman Bey ve Bala Hatun\u2019un \u00f6ld\u00fc sand\u0131\u011f\u0131 \u00e7ocuklar\u0131 Halime geri d\u00f6nd\u00fc. Halime\u2019nin Bala Hatun\u2019a &#8220;anne&#8221; dedi\u011fi anlar, dizinin en dikkat \u00e7eken sahnelerinden biri oldu. Kurulu\u015f Osman\u2019\u0131n Halime\u2019si Asya A\u011fca Kimdir?<\/p>\n<h3>KURULU\u015e OSMAN YEN\u0130 B\u00d6L\u00dcME HAL\u0130ME&#8217;N\u0130N D\u00d6N\u00dc\u015e\u00dc DAMGA VURDU<\/h3>\n<p>Halime, Kurulu\u015f Osman\u2019\u0131n 176. b\u00f6l\u00fcm\u00fcnde, herkesin \u00f6ld\u00fc sand\u0131\u011f\u0131 Osman Bey ve Bala Hatun\u2019un k\u00fc\u00e7\u00fck k\u0131z\u0131 olarak yeniden izleyici kar\u015f\u0131s\u0131na \u00e7\u0131kt\u0131. Halime, y\u0131llar sonra b\u00fcy\u00fck bir s\u00fcrprizle diziye geri d\u00f6nerken, izleyiciler bu \u00f6nemli kavu\u015fma an\u0131na adeta kilitlendi. Gen\u00e7 ya\u015flarda Sofia taraf\u0131ndan ka\u00e7\u0131r\u0131lan ve yerini ba\u015fka bir \u00e7ocukla de\u011fi\u015ftiren Halime\u2019nin ger\u00e7ek hikayesi, y\u0131llar sonra ortaya \u00e7\u0131k\u0131yor. Bala Hatun, Halime\u2019nin cesedini bulup kendi k\u0131z\u0131 oldu\u011funu zannetti\u011finde b\u00fcy\u00fck bir y\u0131k\u0131ma u\u011fram\u0131\u015ft\u0131.<\/p>\n<p><img loading=\"lazy\" decoding=\"async\" class=\"alignnone wp-image-112443\" src=\"https:\/\/www.tgrthaber.com\/mavikadin\/wp-content\/uploads\/Ekran-goruntusu-2024-12-26-014717.png\" alt=\"\" width=\"1208\" height=\"722\" title=\"\" srcset=\"https:\/\/www.tgrthaber.com\/mavikadin\/wp-content\/uploads\/Ekran-goruntusu-2024-12-26-014717.png 873w, https:\/\/www.tgrthaber.com\/mavikadin\/wp-content\/uploads\/Ekran-goruntusu-2024-12-26-014717-300x179.png 300w, https:\/\/www.tgrthaber.com\/mavikadin\/wp-content\/uploads\/Ekran-goruntusu-2024-12-26-014717-768x459.png 768w\" sizes=\"(max-width: 1208px) 100vw, 1208px\" \/><\/p>\n<hr \/>\n<h3>HAL\u0130ME&#8217;Y\u0130 OYNAYAN ASYA A\u011eCA K\u0130MD\u0130R?<\/h3>\n<p>Kurulu\u015f Osman\u2019\u0131n yeni b\u00f6l\u00fcm\u00fcnde Halime karakterine hayat veren gen\u00e7 oyuncu Asya A\u011fca, h\u0131zla dikkatleri \u00fczerine \u00e7ekiyor. 1999 do\u011fumlu olan Asya A\u011fca, oyunculuk kariyerine reklam filmleri ve tiyatro oyunlar\u0131yla ad\u0131m att\u0131. Gen\u00e7 ya\u015fta oyunculuk yetene\u011fiyle tan\u0131nan A\u011fca, Kurulu\u015f Osman ile geni\u015f bir izleyici kitlesine ula\u015fma f\u0131rsat\u0131 buldu.<\/p>\n<p><img loading=\"lazy\" decoding=\"async\" class=\"alignnone wp-image-112437\" src=\"https:\/\/www.tgrthaber.com\/mavikadin\/wp-content\/uploads\/176-bolum-foto-galeri-1735027934173.jpg\" alt=\"\" width=\"1208\" height=\"805\" title=\"\" srcset=\"https:\/\/www.tgrthaber.com\/mavikadin\/wp-content\/uploads\/176-bolum-foto-galeri-1735027934173.jpg 2048w, https:\/\/www.tgrthaber.com\/mavikadin\/wp-content\/uploads\/176-bolum-foto-galeri-1735027934173-300x200.jpg 300w, https:\/\/www.tgrthaber.com\/mavikadin\/wp-content\/uploads\/176-bolum-foto-galeri-1735027934173-1024x683.jpg 1024w, https:\/\/www.tgrthaber.com\/mavikadin\/wp-content\/uploads\/176-bolum-foto-galeri-1735027934173-768x512.jpg 768w, https:\/\/www.tgrthaber.com\/mavikadin\/wp-content\/uploads\/176-bolum-foto-galeri-1735027934173-1536x1024.jpg 1536w\" sizes=\"(max-width: 1208px) 100vw, 1208px\" \/><\/p>\n<hr \/>\n<h3>KURULU\u015e OSMAN HAL\u0130ME&#8217;N\u0130N H\u0130KAYES\u0130<\/h3>\n<p>ATV\u2019nin en sevilen dizilerinden biri olan Kurulu\u015f Osman, bu hafta yay\u0131nlanan yeni b\u00f6l\u00fcm\u00fcnde b\u00fcy\u00fck bir s\u00fcrprize sahne oldu. \u0130zleyiciler, y\u0131llar \u00f6nce kaybolan Halime&#8217;nin hikayesini ve onun ailesiyle olan dram\u0131n\u0131 izledi. Osman Bey ve Bala Hatun\u2019un k\u00fc\u00e7\u00fck k\u0131zlar\u0131 Halime, Sofia taraf\u0131ndan ka\u00e7\u0131r\u0131lm\u0131\u015f ve yerine ba\u015fka bir \u00e7ocu\u011fun cesedi dereye at\u0131lm\u0131\u015ft\u0131r.<\/p>\n<p><img loading=\"lazy\" decoding=\"async\" class=\"alignnone wp-image-112442\" src=\"https:\/\/www.tgrthaber.com\/mavikadin\/wp-content\/uploads\/Ekran-goruntusu-2024-12-26-014735.png\" alt=\"\" width=\"1208\" height=\"724\" title=\"\" srcset=\"https:\/\/www.tgrthaber.com\/mavikadin\/wp-content\/uploads\/Ekran-goruntusu-2024-12-26-014735.png 903w, https:\/\/www.tgrthaber.com\/mavikadin\/wp-content\/uploads\/Ekran-goruntusu-2024-12-26-014735-300x180.png 300w, https:\/\/www.tgrthaber.com\/mavikadin\/wp-content\/uploads\/Ekran-goruntusu-2024-12-26-014735-768x460.png 768w\" sizes=\"(max-width: 1208px) 100vw, 1208px\" \/><\/p>\n<hr \/>\n<p>Bu olay sonras\u0131nda Bala Hatun, cesedi bulup Halime\u2019yi kaybetti\u011fini zannetti\u011fi an\u0131 hi\u00e7 unutamam\u0131\u015ft\u0131r. Ancak Halime&#8217;nin hikayesi burada bitmemi\u015ftir. Y\u0131llar sonra, beklenmedik bir \u015fekilde Kurulu\u015f Osman&#8217;a geri d\u00f6nen Halime, dizinin gidi\u015fat\u0131n\u0131 de\u011fi\u015ftirecek.<\/p>\n","protected":false},"excerpt":{"rendered":"<p>Kurulu\u015f Osman 176. b\u00f6l\u00fcm\u00fcnde Osman Bey ve Bala Hatun&#8217;un \u00e7ocuklar\u0131 Halime geri d\u00f6nd\u00fc. Dizide Halime&#8217;yi canland\u0131ran Asya A\u011fca&#8217;n\u0131n kim oldu\u011fu izleyici taraf\u0131ndan ara\u015ft\u0131r\u0131l\u0131yor. Kurulu\u015f Osman Halime kimdir? Asya A\u011fca hakk\u0131nda merak edilen detaylar\u0131 derledik.<\/p>\n","protected":false},"author":4,"featured_media":112446,"comment_status":"closed","ping_status":"closed","sticky":false,"template":"","format":"standard","meta":{"rank_math_lock_modified_date":false,"footnotes":""},"categories":[491],"tags":[6000,5999,3072,6001],"class_list":["post-112445","post","type-post","status-publish","format-standard","has-post-thumbnail","hentry","category-biyografi","tag-asya-agca","tag-halime","tag-kurulus-osman","tag-kurulus-osman-halime"],"_links":{"self":[{"href":"https:\/\/www.tgrthaber.com\/mavikadin\/wp-json\/wp\/v2\/posts\/112445"}],"collection":[{"href":"https:\/\/www.tgrthaber.com\/mavikadin\/wp-json\/wp\/v2\/posts"}],"about":[{"href":"https:\/\/www.tgrthaber.com\/mavikadin\/wp-json\/wp\/v2\/types\/post"}],"author":[{"embeddable":true,"href":"https:\/\/www.tgrthaber.com\/mavikadin\/wp-json\/wp\/v2\/users\/4"}],"replies":[{"embeddable":true,"href":"https:\/\/www.tgrthaber.com\/mavikadin\/wp-json\/wp\/v2\/comments?post=112445"}],"version-history":[{"count":5,"href":"https:\/\/www.tgrthaber.com\/mavikadin\/wp-json\/wp\/v2\/posts\/112445\/revisions"}],"predecessor-version":[{"id":122211,"href":"https:\/\/www.tgrthaber.com\/mavikadin\/wp-json\/wp\/v2\/posts\/112445\/revisions\/122211"}],"wp:featuredmedia":[{"embeddable":true,"href":"https:\/\/www.tgrthaber.com\/mavikadin\/wp-json\/wp\/v2\/media\/112446"}],"wp:attachment":[{"href":"https:\/\/www.tgrthaber.com\/mavikadin\/wp-json\/wp\/v2\/media?parent=112445"}],"wp:term":[{"taxonomy":"category","embeddable":true,"href":"https:\/\/www.tgrthaber.com\/mavikadin\/wp-json\/wp\/v2\/categories?post=112445"},{"taxonomy":"post_tag","embeddable":true,"href":"https:\/\/www.tgrthaber.com\/mavikadin\/wp-json\/wp\/v2\/tags?post=112445"}],"curies":[{"name":"wp","href":"https:\/\/api.w.org\/{rel}","templated":true}]}}