{"id":112562,"date":"2024-12-26T12:37:24","date_gmt":"2024-12-26T09:37:24","guid":{"rendered":"https:\/\/www.tgrthaber.com\/mavikadin\/?p=112562"},"modified":"2024-12-26T17:40:51","modified_gmt":"2024-12-26T14:40:51","slug":"kerem-akturkoglu-ve-ceren-azak-ne-zaman-evleniyor-ciftin-tanisma-hikayesi-duyanlari-sasirtti","status":"publish","type":"post","link":"https:\/\/www.tgrthaber.com\/mavikadin\/kerem-akturkoglu-ve-ceren-azak-ne-zaman-evleniyor-ciftin-tanisma-hikayesi-duyanlari-sasirtti\/","title":{"rendered":"Kerem Akt\u00fcrko\u011flu ve Ceren Azak ne zaman evleniyor? \u00c7iftin tan\u0131\u015fma hikayesi duyanlar\u0131 \u015fa\u015f\u0131rtt\u0131!"},"content":{"rendered":"<p>\u00dcnl\u00fc futbolcu Kerem Akt\u00fcrko\u011flu ge\u00e7ti\u011fimiz ak\u015fam sosyal medya hesab\u0131ndan yapt\u0131\u011f\u0131 payla\u015f\u0131mla ni\u015fanland\u0131\u011f\u0131n\u0131 duyurmu\u015ftu. S\u00fcrpriz bir kararla ni\u015fanland\u0131\u011f\u0131n\u0131 duyuran Akt\u00fcrko\u011flu\u2019nun ne zaman evlenece\u011fi merak edildi. Akt\u00fcrko\u011flu ve ni\u015fanl\u0131s\u0131 Ceren Azak\u2019\u0131n ne zaman evlenecekleri sosyal medya kullan\u0131c\u0131lar\u0131 taraf\u0131ndan merak konusu oldu. Peki, Kerem Akt\u00fcrko\u011flu ve Ceren Azak ne zaman evleniyor? Kerem Akt\u00fcrko\u011flu ni\u015fanl\u0131s\u0131 Ceren Azak ile nas\u0131l tan\u0131\u015ft\u0131? \u0130\u015fte Kerem Akt\u00fcrko\u011flu ve ni\u015fanl\u0131s\u0131n\u0131n ne zaman evleneceklerine dair detaylar\u2026<\/p>\n<hr \/>\n<h3>KEREM AKT\u00dcRKO\u011eLU EVL\u0130L\u0130\u011eE \u0130LK ADIMINI ATTI!<\/h3>\n<p>Galatasaray\u2019\u0131n eski futbolcusu Kerem Akt\u00fcrko\u011flu, \u015fimdilerde Benfica tak\u0131m\u0131 Portekiz Ligi\u2019nde top ko\u015fturuyor. Ba\u015far\u0131l\u0131 futbol kariyeri ve att\u0131\u011f\u0131 gollerle s\u0131k s\u0131k g\u00fcndeme gelen \u00fcnl\u00fc futbolcu bu kez \u00f6zel hayat\u0131yla g\u00fcndeme geldi.<\/p>\n<p><img loading=\"lazy\" decoding=\"async\" class=\"alignnone wp-image-112569\" src=\"https:\/\/www.tgrthaber.com\/mavikadin\/wp-content\/uploads\/Adsiz-tasarim-2024-12-26T095844.328-1-1024x576.jpg\" alt=\"Kerem Akt\u00fcrko\u011flu ve Ceren Azak ne zaman evleniyor? \" width=\"1208\" height=\"680\" title=\"\" srcset=\"https:\/\/www.tgrthaber.com\/mavikadin\/wp-content\/uploads\/Adsiz-tasarim-2024-12-26T095844.328-1-1024x576.jpg 1024w, https:\/\/www.tgrthaber.com\/mavikadin\/wp-content\/uploads\/Adsiz-tasarim-2024-12-26T095844.328-1-300x169.jpg 300w, https:\/\/www.tgrthaber.com\/mavikadin\/wp-content\/uploads\/Adsiz-tasarim-2024-12-26T095844.328-1-768x432.jpg 768w, https:\/\/www.tgrthaber.com\/mavikadin\/wp-content\/uploads\/Adsiz-tasarim-2024-12-26T095844.328-1-1536x864.jpg 1536w, https:\/\/www.tgrthaber.com\/mavikadin\/wp-content\/uploads\/Adsiz-tasarim-2024-12-26T095844.328-1.jpg 1600w\" sizes=\"(max-width: 1208px) 100vw, 1208px\" \/><\/p>\n<hr \/>\n<p>Futbolseverlerin ilgiyle takip etti\u011fi \u00fcnl\u00fc futbolcu Kerem Akt\u00fcrko\u011flu, sosyal medya hesab\u0131ndan yapt\u0131\u011f\u0131 payla\u015f\u0131mla herkesi \u015fa\u015f\u0131rtt\u0131. linde g\u00fcl demetleriyle poz veren Akt\u00fcrko\u011flu, takip\u00e7ileriyle payla\u015ft\u0131\u011f\u0131 foto\u011frafa y\u00fcz\u00fck ve kalp emojisi koyarak ni\u015fanland\u0131\u011f\u0131n\u0131 duyurdu.<\/p>\n<p><img loading=\"lazy\" decoding=\"async\" class=\"alignnone wp-image-112570\" src=\"https:\/\/www.tgrthaber.com\/mavikadin\/wp-content\/uploads\/Adsiz-tasarim-2024-12-26T095810.326-1-1024x576.jpg\" alt=\"Kerem Akt\u00fcrko\u011flu ve Ceren Azak ne zaman evleniyor? \" width=\"1208\" height=\"680\" title=\"\" srcset=\"https:\/\/www.tgrthaber.com\/mavikadin\/wp-content\/uploads\/Adsiz-tasarim-2024-12-26T095810.326-1-1024x576.jpg 1024w, https:\/\/www.tgrthaber.com\/mavikadin\/wp-content\/uploads\/Adsiz-tasarim-2024-12-26T095810.326-1-300x169.jpg 300w, https:\/\/www.tgrthaber.com\/mavikadin\/wp-content\/uploads\/Adsiz-tasarim-2024-12-26T095810.326-1-768x432.jpg 768w, https:\/\/www.tgrthaber.com\/mavikadin\/wp-content\/uploads\/Adsiz-tasarim-2024-12-26T095810.326-1-1536x864.jpg 1536w, https:\/\/www.tgrthaber.com\/mavikadin\/wp-content\/uploads\/Adsiz-tasarim-2024-12-26T095810.326-1.jpg 1600w\" sizes=\"(max-width: 1208px) 100vw, 1208px\" \/><\/p>\n<p>Hem ba\u015far\u0131l\u0131 kariyeri hem de efendili\u011fiyle \u00f6rnek bir ki\u015filik olu\u015fturan Kerem Akt\u00fcrko\u011flu\u2019nun ni\u015fanl\u0131s\u0131n\u0131n Ceren Azak oldu\u011fu \u00f6\u011frenildi. Sosyal medyay\u0131 aktif olarak kullanan Ceren Azak\u2019\u0131n, \u00e7ocuk geli\u015fimi uzman\u0131 oldu\u011fu bilgisi edinildi.<\/p>\n<hr \/>\n<h3>KEREM AKT\u00dcRKO\u011eLU VE CEREN AZAK NE ZAMAN EVLEN\u0130YOR?<\/h3>\n<p>Futbolseverlerin yan\u0131 s\u0131ra efendili\u011fi ve ba\u015far\u0131l\u0131 performans\u0131yla herkesin g\u00f6nl\u00fcn\u00fc fetheden Kerem Akt\u00fcrko\u011flu, s\u00fcrpriz bir kararla ni\u015fanland\u0131\u011f\u0131n\u0131 duyurmu\u015f ve herkesi \u015fa\u015fk\u0131na \u00e7evirmi\u015fti. Ani bir kararla evlilik yolunda ilk ad\u0131m\u0131n\u0131 ger\u00e7ekle\u015ftiren Akt\u00fcrko\u011flu\u2019nun ne zaman evlenece\u011fi de merak edildi. \u00c7ok k\u0131sa bir s\u00fcrede ni\u015fanlanma karar\u0131 alan Akt\u00fcrko\u011flu\u2019nun d\u00fc\u011f\u00fcn\u00fcn ise yak\u0131n zamanda olaca\u011f\u0131 d\u00fc\u015f\u00fcn\u00fcld\u00fc.<\/p>\n<p><img loading=\"lazy\" decoding=\"async\" class=\"alignnone wp-image-112571\" src=\"https:\/\/www.tgrthaber.com\/mavikadin\/wp-content\/uploads\/Adsiz-tasarim-2024-12-26T100131.913-1-1024x576.jpg\" alt=\"Kerem Akt\u00fcrko\u011flu ve Ceren Azak ne zaman evleniyor? \" width=\"1208\" height=\"680\" title=\"\" srcset=\"https:\/\/www.tgrthaber.com\/mavikadin\/wp-content\/uploads\/Adsiz-tasarim-2024-12-26T100131.913-1-1024x576.jpg 1024w, https:\/\/www.tgrthaber.com\/mavikadin\/wp-content\/uploads\/Adsiz-tasarim-2024-12-26T100131.913-1-300x169.jpg 300w, https:\/\/www.tgrthaber.com\/mavikadin\/wp-content\/uploads\/Adsiz-tasarim-2024-12-26T100131.913-1-768x432.jpg 768w, https:\/\/www.tgrthaber.com\/mavikadin\/wp-content\/uploads\/Adsiz-tasarim-2024-12-26T100131.913-1-1536x864.jpg 1536w, https:\/\/www.tgrthaber.com\/mavikadin\/wp-content\/uploads\/Adsiz-tasarim-2024-12-26T100131.913-1.jpg 1600w\" sizes=\"(max-width: 1208px) 100vw, 1208px\" \/><\/p>\n<hr \/>\n<p>Kerem Akt\u00fcrko\u011flu ve Ceren Azak\u2019\u0131n ne zaman evlenece\u011fi belli oldu. \u015eimdilerde Benfica\u2019da top ko\u015fturan Akt\u00fcrko\u011flu, futbol sezonunun yo\u011fun temposundan dolay\u0131 ni\u015fanl\u0131s\u0131 Azak ile yaz aylar\u0131nda d\u00fcnyaevine girmeyi planl\u0131yor. \u00c7iftin d\u00fc\u011f\u00fcn tarihi hen\u00fcz kesinle\u015fmi\u015f olmasa da yaz\u0131n d\u00fc\u011f\u00fcn\u00fcn yap\u0131laca\u011f\u0131 bilgisine ula\u015f\u0131ld\u0131. Evlilik yolunda ilk ad\u0131m\u0131n\u0131 atan \u00e7iftin, evlilik haz\u0131rl\u0131klar\u0131na \u015fimdiden ba\u015flad\u0131\u011f\u0131 \u00f6\u011frenildi. \u00dcnl\u00fc futbolcu Akt\u00fcrko\u011flu\u2019nun d\u00fc\u011f\u00fcn\u00fc futbolseverler ve hayranlar\u0131 taraf\u0131ndan d\u00f6rt g\u00f6zle bekleniyor.<\/p>\n<p><img loading=\"lazy\" decoding=\"async\" class=\"alignnone wp-image-112572\" src=\"https:\/\/www.tgrthaber.com\/mavikadin\/wp-content\/uploads\/Adsiz-tasarim-2024-12-26T123114.920-1024x576.jpg\" alt=\"Kerem Akt\u00fcrko\u011flu ve Ceren Azak ne zaman evleniyor? \" width=\"1208\" height=\"680\" title=\"\" srcset=\"https:\/\/www.tgrthaber.com\/mavikadin\/wp-content\/uploads\/Adsiz-tasarim-2024-12-26T123114.920-1024x576.jpg 1024w, https:\/\/www.tgrthaber.com\/mavikadin\/wp-content\/uploads\/Adsiz-tasarim-2024-12-26T123114.920-300x169.jpg 300w, https:\/\/www.tgrthaber.com\/mavikadin\/wp-content\/uploads\/Adsiz-tasarim-2024-12-26T123114.920-768x432.jpg 768w, https:\/\/www.tgrthaber.com\/mavikadin\/wp-content\/uploads\/Adsiz-tasarim-2024-12-26T123114.920-1536x864.jpg 1536w, https:\/\/www.tgrthaber.com\/mavikadin\/wp-content\/uploads\/Adsiz-tasarim-2024-12-26T123114.920.jpg 1600w\" sizes=\"(max-width: 1208px) 100vw, 1208px\" \/><\/p>\n<hr \/>\n<h3>KEREM AKT\u00dcRKO\u011eLU VE CEREN AZAK NASIL TANI\u015eTI?<\/h3>\n<p>Kerem Akt\u00fcrko\u011flu, ge\u00e7ti\u011fimiz ak\u015fam Instagram hesab\u0131ndan yapt\u0131\u011f\u0131 payla\u015f\u0131mla ni\u015fanland\u0131\u011f\u0131n\u0131 duyurmu\u015ftu. Akt\u00fcrko\u011flu yapt\u0131\u011f\u0131 payla\u015f\u0131mla hem magazin d\u00fcnyas\u0131n\u0131n g\u00fcndemine hem de sosyal medyan\u0131n g\u00fcndemine bomba gibi oturmu\u015ftu. Akt\u00fcrko\u011flu\u2019nun ni\u015fanl\u0131s\u0131 Ceren Azak ile foto\u011fraf payla\u015fmamas\u0131 da sosyal medya kullan\u0131c\u0131lar\u0131n ilgi oda\u011f\u0131ndayd\u0131.<\/p>\n<p><img loading=\"lazy\" decoding=\"async\" class=\"alignnone wp-image-112573\" src=\"https:\/\/www.tgrthaber.com\/mavikadin\/wp-content\/uploads\/Adsiz-tasarim-2024-12-26T123025.880-1024x576.jpg\" alt=\"Kerem Akt\u00fcrko\u011flu ve Ceren Azak ne zaman evleniyor? \" width=\"1208\" height=\"680\" title=\"\" srcset=\"https:\/\/www.tgrthaber.com\/mavikadin\/wp-content\/uploads\/Adsiz-tasarim-2024-12-26T123025.880-1024x576.jpg 1024w, https:\/\/www.tgrthaber.com\/mavikadin\/wp-content\/uploads\/Adsiz-tasarim-2024-12-26T123025.880-300x169.jpg 300w, https:\/\/www.tgrthaber.com\/mavikadin\/wp-content\/uploads\/Adsiz-tasarim-2024-12-26T123025.880-768x432.jpg 768w, https:\/\/www.tgrthaber.com\/mavikadin\/wp-content\/uploads\/Adsiz-tasarim-2024-12-26T123025.880-1536x864.jpg 1536w, https:\/\/www.tgrthaber.com\/mavikadin\/wp-content\/uploads\/Adsiz-tasarim-2024-12-26T123025.880.jpg 1600w\" sizes=\"(max-width: 1208px) 100vw, 1208px\" \/><\/p>\n<hr \/>\n<p>Kerem Akt\u00fcrko\u011flu\u2019nun ni\u015fanl\u0131s\u0131n\u0131n Ceren Azak oldu\u011fu \u00f6\u011frenilince sosyal medya kullan\u0131c\u0131lar\u0131, Azak hakk\u0131nda ara\u015ft\u0131rma yapmaya ba\u015flad\u0131. Akt\u00fcrko\u011flu\u2019nun Instagram hesab\u0131ndan takip ettiklerini kontrol eden sosyal medya kullan\u0131c\u0131lar\u0131, hi\u00e7bir \u015fekilde \u201cCeren Azak\u201d ismiyle kar\u015f\u0131la\u015fmad\u0131. Ni\u015fan bittikten sonra sabah saatlerinde ise Akt\u00fcrko\u011flu\u2019nun Azak\u2019\u0131 Instagram \u00fczerinden takibe ald\u0131\u011f\u0131 g\u00f6r\u00fcld\u00fc. Akt\u00fcrko\u011flu\u2019nun bu hamlesi sosyal medyada b\u00fcy\u00fck yank\u0131 uyand\u0131rd\u0131.<\/p>\n<h3>\u00c7\u0130FT\u0130N TANI\u015eMA H\u0130KAYES\u0130 DUYANLARI \u015eA\u015eIRTTI!<\/h3>\n<p>D\u00fcn ak\u015fam saatlerinde evlili\u011fe ilk ad\u0131m\u0131n\u0131 atan Kerem Akt\u00fcrko\u011flu ve Ceren Azak \u00e7iftinin nas\u0131l tan\u0131\u015ft\u0131\u011f\u0131 sosyal medya kullan\u0131c\u0131lar\u0131 taraf\u0131ndan en \u00e7ok merak edilenler aras\u0131nda yer ald\u0131. Oyun oynarken a\u00e7t\u0131\u011f\u0131 yay\u0131nlarla da s\u0131k s\u0131k g\u00fcndeme gelen Akt\u00fcrko\u011flu, ge\u00e7ti\u011fimiz aylarda bir yay\u0131n\u0131nda hayat\u0131nda biri olmad\u0131\u011f\u0131n\u0131 dile getirmi\u015fti.<\/p>\n<p><img loading=\"lazy\" decoding=\"async\" class=\"alignnone wp-image-112574\" src=\"https:\/\/www.tgrthaber.com\/mavikadin\/wp-content\/uploads\/Adsiz-tasarim-2024-12-26T123132.043-1024x576.jpg\" alt=\"Kerem Akt\u00fcrko\u011flu ve Ceren Azak ne zaman evleniyor? \" width=\"1208\" height=\"680\" title=\"\" srcset=\"https:\/\/www.tgrthaber.com\/mavikadin\/wp-content\/uploads\/Adsiz-tasarim-2024-12-26T123132.043-1024x576.jpg 1024w, https:\/\/www.tgrthaber.com\/mavikadin\/wp-content\/uploads\/Adsiz-tasarim-2024-12-26T123132.043-300x169.jpg 300w, https:\/\/www.tgrthaber.com\/mavikadin\/wp-content\/uploads\/Adsiz-tasarim-2024-12-26T123132.043-768x432.jpg 768w, https:\/\/www.tgrthaber.com\/mavikadin\/wp-content\/uploads\/Adsiz-tasarim-2024-12-26T123132.043-1536x864.jpg 1536w, https:\/\/www.tgrthaber.com\/mavikadin\/wp-content\/uploads\/Adsiz-tasarim-2024-12-26T123132.043.jpg 1600w\" sizes=\"(max-width: 1208px) 100vw, 1208px\" \/><\/p>\n<hr \/>\n<p>S\u00fcrpriz bir kararla evlilik yolunda ilk ad\u0131m\u0131n\u0131 atan Kerem Akt\u00fcrko\u011flu\u2019nun ni\u015fanl\u0131s\u0131 Ceren Azak ile g\u00f6r\u00fcc\u00fc usul\u00fc tan\u0131\u015ft\u0131klar\u0131 \u00f6\u011frenildi. Daha birka\u00e7 ay \u00f6ncesine kadar hayat\u0131nda biri bulunmayan Akt\u00fcrko\u011flu\u2019nun, Ceren Azak ile 2 ay \u00f6nce g\u00f6r\u00fcc\u00fc usul\u00fc tan\u0131\u015ft\u0131\u011f\u0131 ve yaz\u0131n d\u00fcnyaevine girecekleri bilgisi edinildi.<\/p>\n","protected":false},"excerpt":{"rendered":"<p>\u00dcnl\u00fc futbolcu Kerem Akt\u00fcrko\u011flu ge\u00e7ti\u011fimiz ak\u015fam yapt\u0131\u011f\u0131 bir payla\u015f\u0131mla ni\u015fanland\u0131\u011f\u0131n\u0131 duyurmu\u015ftu. Akt\u00fcrko\u011flu\u2019nun yapt\u0131\u011f\u0131 payla\u015f\u0131m \u00fczerine ne zaman evlenece\u011fi de merak edildi. Peki, Akt\u00fcrko\u011flu ne zaman evleniyor, ni\u015fanl\u0131s\u0131yla nas\u0131l tan\u0131\u015ft\u0131? \u0130\u015fte ayr\u0131nt\u0131lar\u2026<\/p>\n","protected":false},"author":26,"featured_media":112568,"comment_status":"closed","ping_status":"closed","sticky":false,"template":"","format":"standard","meta":{"rank_math_lock_modified_date":false,"footnotes":""},"categories":[2464],"tags":[6015,5916,5917],"class_list":["post-112562","post","type-post","status-publish","format-standard","has-post-thumbnail","hentry","category-forum","tag-ceren-azak","tag-kerem-akturkoglu","tag-kerem-akturkoglu-nisan"],"_links":{"self":[{"href":"https:\/\/www.tgrthaber.com\/mavikadin\/wp-json\/wp\/v2\/posts\/112562"}],"collection":[{"href":"https:\/\/www.tgrthaber.com\/mavikadin\/wp-json\/wp\/v2\/posts"}],"about":[{"href":"https:\/\/www.tgrthaber.com\/mavikadin\/wp-json\/wp\/v2\/types\/post"}],"author":[{"embeddable":true,"href":"https:\/\/www.tgrthaber.com\/mavikadin\/wp-json\/wp\/v2\/users\/26"}],"replies":[{"embeddable":true,"href":"https:\/\/www.tgrthaber.com\/mavikadin\/wp-json\/wp\/v2\/comments?post=112562"}],"version-history":[{"count":2,"href":"https:\/\/www.tgrthaber.com\/mavikadin\/wp-json\/wp\/v2\/posts\/112562\/revisions"}],"predecessor-version":[{"id":112706,"href":"https:\/\/www.tgrthaber.com\/mavikadin\/wp-json\/wp\/v2\/posts\/112562\/revisions\/112706"}],"wp:featuredmedia":[{"embeddable":true,"href":"https:\/\/www.tgrthaber.com\/mavikadin\/wp-json\/wp\/v2\/media\/112568"}],"wp:attachment":[{"href":"https:\/\/www.tgrthaber.com\/mavikadin\/wp-json\/wp\/v2\/media?parent=112562"}],"wp:term":[{"taxonomy":"category","embeddable":true,"href":"https:\/\/www.tgrthaber.com\/mavikadin\/wp-json\/wp\/v2\/categories?post=112562"},{"taxonomy":"post_tag","embeddable":true,"href":"https:\/\/www.tgrthaber.com\/mavikadin\/wp-json\/wp\/v2\/tags?post=112562"}],"curies":[{"name":"wp","href":"https:\/\/api.w.org\/{rel}","templated":true}]}}