{"id":112586,"date":"2024-12-26T13:12:02","date_gmt":"2024-12-26T10:12:02","guid":{"rendered":"https:\/\/www.tgrthaber.com\/mavikadin\/?p=112586"},"modified":"2024-12-26T13:12:02","modified_gmt":"2024-12-26T10:12:02","slug":"masterchef-turkiyede-ceket-kapma-mucadelesine-dogum-gunu-surprizi-eslik-etti","status":"publish","type":"post","link":"https:\/\/www.tgrthaber.com\/mavikadin\/masterchef-turkiyede-ceket-kapma-mucadelesine-dogum-gunu-surprizi-eslik-etti\/","title":{"rendered":"Masterchef T\u00fcrkiye&#8217;de ceket kapma m\u00fccadelesine do\u011fum g\u00fcn\u00fc s\u00fcrprizi e\u015flik etti"},"content":{"rendered":"<p>Masterchef T\u00fcrkiye&#8217;de ceket kapma m\u00fccadelesi son h\u0131zla devam ederken yar\u0131\u015fmac\u0131lardan Erim&#8217;in do\u011fum g\u00fcn\u00fcn\u00fc arkada\u015flar\u0131 s\u00fcrpriz bir pastayla kutlad\u0131. G\u00fcnlerdir yo\u011fun \u015fekilde \u00e7ekimlere kat\u0131lan yar\u0131\u015fmac\u0131lar k\u0131yas\u0131ya m\u00fccadele ederek kendilerine ait olan ceketin kapmak i\u00e7in en iyi tabaklar\u0131 \u00e7\u0131kartmaya \u00e7al\u0131\u015f\u0131yorlar. Heyecan\u0131n k\u0131z kesmedi\u011fi Masterchef T\u00fcrkiye&#8217;de ceket kapma ve final stresine s\u00fcrpriz do\u011fum g\u00fcn\u00fc pastas\u0131 iyi geldi. Yar\u0131\u015fmac\u0131lardan Erim&#8217;in do\u011fum g\u00fcn\u00fcn\u00fc arkada\u015flar\u0131 s\u00fcrpriz bir pastayla kutlad\u0131.<\/p>\n<h3>MASTERCHEF T\u00dcRK\u0130YE YARI\u015eMACISI ER\u0130M\u00ceN DO\u011eUM G\u00dcN\u00dc KUTLANDI<\/h3>\n<p>Arkada\u015flar\u0131 Masterchef T\u00fcrkiye&#8217;de finale kalan yar\u0131\u015fmac\u0131lardan Erim&#8217;in do\u011fum g\u00fcn\u00fcn\u00fc kutlad\u0131. E\u011flenceli ve komik anlat\u0131mlar\u0131yla \u00f6ne \u00e7\u0131kan Erim 15 Aral\u0131k g\u00fcn\u00fc olan do\u011fum g\u00fcn\u00fcn\u00fc anca kutlama f\u0131rsat\u0131 buldu. Ceket kapma ve final stresinden do\u011fum g\u00fcn\u00fcn\u00fc unutan Erim arkada\u015flar\u0131n\u0131n pastas\u0131yla biraz olsun rahatlad\u0131. Yemek yapma ve en iyi taba\u011f\u0131 \u00e7\u0131kartmak i\u00e7in k\u0131yas\u0131ya m\u00fccadele eden yar\u0131\u015fmac\u0131lar \u00e7ekim aras\u0131nda Erim&#8217;in do\u011fum g\u00fcn\u00fcn\u00fc kutlad\u0131.<\/p>\n<p><img loading=\"lazy\" decoding=\"async\" class=\"alignnone size-full wp-image-112587\" src=\"https:\/\/www.tgrthaber.com\/mavikadin\/wp-content\/uploads\/Ekran-goruntusu-2024-12-26-130928.png\" alt=\"\" width=\"804\" height=\"767\" title=\"\" srcset=\"https:\/\/www.tgrthaber.com\/mavikadin\/wp-content\/uploads\/Ekran-goruntusu-2024-12-26-130928.png 804w, https:\/\/www.tgrthaber.com\/mavikadin\/wp-content\/uploads\/Ekran-goruntusu-2024-12-26-130928-300x286.png 300w, https:\/\/www.tgrthaber.com\/mavikadin\/wp-content\/uploads\/Ekran-goruntusu-2024-12-26-130928-768x733.png 768w\" sizes=\"(max-width: 804px) 100vw, 804px\" \/><\/p>\n<p>Masterchef T\u00fcrkiye yar\u0131\u015fmac\u0131s\u0131 Erim do\u011fum g\u00fcn\u00fc s\u00fcrprizini sosyal medyas\u0131nda payla\u015farak &#8216;Ben halay adam\u0131y\u0131m. Sen seversin, sevmezsin&#8230;&#8217; yazd\u0131. Do\u011fum g\u00fcn\u00fc pastas\u0131n\u0131 g\u00f6r\u00fcnce mutlu olan Erim halay \u00e7ekerek stres att\u0131. Erim ceket kapan isimlerden biri hala olamad\u0131 ve ceketi alarak finale gidecek isimlerden sadece bir ki\u015fi i\u00e7in yer kald\u0131.<\/p>\n<p><img loading=\"lazy\" decoding=\"async\" class=\"alignnone size-full wp-image-112588\" src=\"https:\/\/www.tgrthaber.com\/mavikadin\/wp-content\/uploads\/Ekran-goruntusu-2024-12-26-130936.png\" alt=\"\" width=\"809\" height=\"715\" title=\"\" srcset=\"https:\/\/www.tgrthaber.com\/mavikadin\/wp-content\/uploads\/Ekran-goruntusu-2024-12-26-130936.png 809w, https:\/\/www.tgrthaber.com\/mavikadin\/wp-content\/uploads\/Ekran-goruntusu-2024-12-26-130936-300x265.png 300w, https:\/\/www.tgrthaber.com\/mavikadin\/wp-content\/uploads\/Ekran-goruntusu-2024-12-26-130936-768x679.png 768w\" sizes=\"(max-width: 809px) 100vw, 809px\" \/><\/p>\n<p>Erim ceket alabilecek mi ya da ceketini alan son ki\u015fi kim olacak \u00e7ok merak ediliyor. \u0130lk alt\u0131ya kalan isimlerden sadece Erim ve Semih kald\u0131. Son bir ki\u015fi ceketi alarak finale gidecek. Kerem, Onur, Beyza ve Eda ise ceketi b\u00fcy\u00fck m\u00fccadeleler sonucu alan isimlerden. Yar\u0131\u015fman\u0131n galibi kim olacak merak konusu. Masterchef T\u00fcrkiye her ak\u015fam b\u00fcy\u00fck heyecan ve merakla izleniyor. Ekranlar\u0131n en \u00e7ok izlenen yar\u0131\u015fmalar\u0131ndan biri olan Masterchef&#8217;te yar\u0131\u015fmac\u0131lar birbirinden de\u011ferli ve harika tabaklar \u00e7\u0131kartmaya devam ediyor.<\/p>\n","protected":false},"excerpt":{"rendered":"<p>Masterchef yar\u0131\u015fmac\u0131s\u0131 Erim&#8217;in do\u011fum g\u00fcn\u00fcn\u00fc kutlayan arkada\u015flar\u0131 halay \u00e7ekerek stres att\u0131. \u00c7ekim yo\u011funlu\u011fundan dolay\u0131 15 Aral\u0131k&#8217;taki do\u011fum g\u00fcn\u00fcn\u00fc yeni kutlayan Erim herkese te\u015fekk\u00fcr etti. <\/p>\n","protected":false},"author":25,"featured_media":112589,"comment_status":"closed","ping_status":"closed","sticky":false,"template":"","format":"standard","meta":{"rank_math_lock_modified_date":false,"footnotes":""},"categories":[76],"tags":[5777,1120,4298,2511],"class_list":["post-112586","post","type-post","status-publish","format-standard","has-post-thumbnail","hentry","category-magazin","tag-erim-sanal","tag-masterchef","tag-masterchef-erim-sanal","tag-masterchef-turkiye"],"_links":{"self":[{"href":"https:\/\/www.tgrthaber.com\/mavikadin\/wp-json\/wp\/v2\/posts\/112586"}],"collection":[{"href":"https:\/\/www.tgrthaber.com\/mavikadin\/wp-json\/wp\/v2\/posts"}],"about":[{"href":"https:\/\/www.tgrthaber.com\/mavikadin\/wp-json\/wp\/v2\/types\/post"}],"author":[{"embeddable":true,"href":"https:\/\/www.tgrthaber.com\/mavikadin\/wp-json\/wp\/v2\/users\/25"}],"replies":[{"embeddable":true,"href":"https:\/\/www.tgrthaber.com\/mavikadin\/wp-json\/wp\/v2\/comments?post=112586"}],"version-history":[{"count":1,"href":"https:\/\/www.tgrthaber.com\/mavikadin\/wp-json\/wp\/v2\/posts\/112586\/revisions"}],"predecessor-version":[{"id":112590,"href":"https:\/\/www.tgrthaber.com\/mavikadin\/wp-json\/wp\/v2\/posts\/112586\/revisions\/112590"}],"wp:featuredmedia":[{"embeddable":true,"href":"https:\/\/www.tgrthaber.com\/mavikadin\/wp-json\/wp\/v2\/media\/112589"}],"wp:attachment":[{"href":"https:\/\/www.tgrthaber.com\/mavikadin\/wp-json\/wp\/v2\/media?parent=112586"}],"wp:term":[{"taxonomy":"category","embeddable":true,"href":"https:\/\/www.tgrthaber.com\/mavikadin\/wp-json\/wp\/v2\/categories?post=112586"},{"taxonomy":"post_tag","embeddable":true,"href":"https:\/\/www.tgrthaber.com\/mavikadin\/wp-json\/wp\/v2\/tags?post=112586"}],"curies":[{"name":"wp","href":"https:\/\/api.w.org\/{rel}","templated":true}]}}