{"id":112688,"date":"2025-01-05T18:10:33","date_gmt":"2025-01-05T15:10:33","guid":{"rendered":"https:\/\/www.tgrthaber.com\/mavikadin\/?p=112688"},"modified":"2025-01-05T18:18:05","modified_gmt":"2025-01-05T15:18:05","slug":"sakir-pasa-ailesi-bu-aksam-var-mi-yeni-bolum-ne-zaman","status":"publish","type":"post","link":"https:\/\/www.tgrthaber.com\/mavikadin\/sakir-pasa-ailesi-bu-aksam-var-mi-yeni-bolum-ne-zaman\/","title":{"rendered":"\u015eakir Pa\u015fa Ailesi bu ak\u015fam var m\u0131? Yeni b\u00f6l\u00fcm ne zaman?"},"content":{"rendered":"<p>\u015eakir Pa\u015fa Ailesi: Mucizeler ve Skandallar dizisinin \u00e7ekildi\u011fi platoda ge\u00e7ti\u011fimiz g\u00fcnlerde gece saatlerinde yang\u0131n \u00e7\u0131kt\u0131. Haberi duyan \u015eakir Pa\u015fa Ailesi dizisi izleyicileri ise hemen arama motorlar\u0131nda &#8216;\u015eakir Pa\u015fa Ailesi bu ak\u015fam var m\u0131? \u015eakir Pa\u015fa Ailesi yeni b\u00f6l\u00fcm\u00fc ne zaman?&#8217; sorular\u0131na cevap ar\u0131yor.<\/p>\n<h3>\u015eAK\u0130R PA\u015eA A\u0130LES\u0130 BU AK\u015eAM VAR MI?<\/h3>\n<p>\u015eakir Pa\u015fa Ailesi platosunda \u00e7ekilen yang\u0131n\u0131n ard\u0131ndan dizinin sevenleri \u015eakir Pa\u015fa Ailesi yeni b\u00f6l\u00fcm bu ak\u015fam var m\u0131, \u015eakir Pa\u015fa Ailesi yeni b\u00f6l\u00fcm ne zaman? sorular\u0131na cevap ar\u0131yor. \u015eakir Pa\u015fa Ailesi: Mucizeler ve Skandallar dizisi 3. b\u00f6l\u00fcm\u00fc ile 29 Aral\u0131k 2024 Pazar g\u00fcn\u00fc saat 20.00&#8217;de NOW TV ekranlar\u0131nda izleyicisi ile bulu\u015ftu. Y\u0131lba\u015f\u0131 haftas\u0131nda da yay\u0131nlanmayacak dizinin yeni b\u00f6l\u00fcmleri merakla bekleniyor.<\/p>\n<p><img loading=\"lazy\" decoding=\"async\" class=\"alignnone size-full wp-image-114025\" src=\"https:\/\/www.tgrthaber.com\/mavikadin\/wp-content\/uploads\/Ekran-goruntusu-2024-12-29-031006.png\" alt=\"\" width=\"1121\" height=\"680\" title=\"\" srcset=\"https:\/\/www.tgrthaber.com\/mavikadin\/wp-content\/uploads\/Ekran-goruntusu-2024-12-29-031006.png 1121w, https:\/\/www.tgrthaber.com\/mavikadin\/wp-content\/uploads\/Ekran-goruntusu-2024-12-29-031006-300x182.png 300w, https:\/\/www.tgrthaber.com\/mavikadin\/wp-content\/uploads\/Ekran-goruntusu-2024-12-29-031006-1024x621.png 1024w, https:\/\/www.tgrthaber.com\/mavikadin\/wp-content\/uploads\/Ekran-goruntusu-2024-12-29-031006-768x466.png 768w\" sizes=\"(max-width: 1121px) 100vw, 1121px\" \/><\/p>\n<hr \/>\n<h3>\u015eAK\u0130R PA\u015eA A\u0130LES\u0130 YEN\u0130 B\u00d6L\u00dcM NE ZAMAN YAYINLANACAK?<\/h3>\n<p>\u015eakir Pa\u015fa Ailesi, 3. b\u00f6l\u00fcm\u00fc ekrana geldikten sonra ekrana k\u0131sa bir s\u00fcre ara verecek, ancak ne kadar ara verilece\u011fi ile ilgili hen\u00fcz bir bilgi payla\u015f\u0131lmad\u0131. \u015eakir Pa\u015fa Ailesi yeni b\u00f6l\u00fcm ne zaman? sorusunun cevab\u0131na gelecek olursak; yap\u0131m \u015firketinden konuyla ilgili a\u00e7\u0131klama geldi.<\/p>\n<p><img loading=\"lazy\" decoding=\"async\" class=\"alignnone wp-image-112693\" src=\"https:\/\/www.tgrthaber.com\/mavikadin\/wp-content\/uploads\/Ekran-goruntusu-2024-12-26-140404-1.png\" alt=\"\" width=\"1208\" height=\"679\" title=\"\" srcset=\"https:\/\/www.tgrthaber.com\/mavikadin\/wp-content\/uploads\/Ekran-goruntusu-2024-12-26-140404-1.png 1919w, https:\/\/www.tgrthaber.com\/mavikadin\/wp-content\/uploads\/Ekran-goruntusu-2024-12-26-140404-1-300x169.png 300w, https:\/\/www.tgrthaber.com\/mavikadin\/wp-content\/uploads\/Ekran-goruntusu-2024-12-26-140404-1-1024x576.png 1024w, https:\/\/www.tgrthaber.com\/mavikadin\/wp-content\/uploads\/Ekran-goruntusu-2024-12-26-140404-1-768x432.png 768w, https:\/\/www.tgrthaber.com\/mavikadin\/wp-content\/uploads\/Ekran-goruntusu-2024-12-26-140404-1-1536x864.png 1536w\" sizes=\"(max-width: 1208px) 100vw, 1208px\" \/><\/p>\n<hr \/>\n<p>\u015eakir Pa\u015fa Ailesi dizinin yap\u0131mc\u0131lar\u0131 ya\u015fanan olay hakk\u0131nda \u015fu ifadeleri kulland\u0131:<\/p>\n<p>\u201cBu gece saat 01.30 civar\u0131nda \u00e7ekimlerimizin yap\u0131ld\u0131\u011f\u0131 platoda b\u00fcy\u00fck bir yang\u0131n \u00e7\u0131kt\u0131 ve ne yaz\u0131k ki \u015eakir Pa\u015fa K\u00f6\u015fk\u00fc tamamen yand\u0131. O s\u0131rada sette bir \u00e7al\u0131\u015fma olmamas\u0131 ve kimsenin bulunmamas\u0131 nedeniyle, uzman ekipler yang\u0131n\u0131n \u00e7\u0131k\u0131\u015f sebebini ve sabotaj ihtimalini kapsaml\u0131 olarak de\u011ferlendirmektedir. Bu pazar 3. b\u00f6l\u00fcm\u00fcm\u00fcz\u00fc sizlerle bulu\u015fturduktan sonra dizimize k\u0131sa bir ara vermek zorunda kalaca\u011f\u0131z. \u00c7ok k\u0131sa s\u00fcrede k\u00f6\u015fk\u00fc tekrar in\u015fa ederek \u00e7ekimlere kald\u0131\u011f\u0131m\u0131z yerden devam edece\u011fiz. Bu yang\u0131n s\u0131ras\u0131nda can kayb\u0131 olmamas\u0131 en b\u00fcy\u00fck tesellimiz.<\/p>\n<p>Sayg\u0131lar\u0131m\u0131zla.\u201d<\/p>\n<p><img loading=\"lazy\" decoding=\"async\" class=\"alignnone wp-image-112695\" src=\"https:\/\/www.tgrthaber.com\/mavikadin\/wp-content\/uploads\/0fbc2d47-bde6-4e60-84be-a09faff28372-1.jpg\" alt=\"\" width=\"768\" height=\"863\" title=\"\" srcset=\"https:\/\/www.tgrthaber.com\/mavikadin\/wp-content\/uploads\/0fbc2d47-bde6-4e60-84be-a09faff28372-1.jpg 921w, https:\/\/www.tgrthaber.com\/mavikadin\/wp-content\/uploads\/0fbc2d47-bde6-4e60-84be-a09faff28372-1-267x300.jpg 267w, https:\/\/www.tgrthaber.com\/mavikadin\/wp-content\/uploads\/0fbc2d47-bde6-4e60-84be-a09faff28372-1-911x1024.jpg 911w, https:\/\/www.tgrthaber.com\/mavikadin\/wp-content\/uploads\/0fbc2d47-bde6-4e60-84be-a09faff28372-1-768x863.jpg 768w\" sizes=\"(max-width: 768px) 100vw, 768px\" \/><\/p>\n<hr \/>\n<h3>\u015eAK\u0130R PA\u015eA A\u0130LES\u0130\u2019N\u0130N \u00c7EK\u0130LD\u0130\u011e\u0130 K\u00d6\u015eK NEREDE?<\/h3>\n<p>\u015eakir Pa\u015fa Ailesi dizisinin \u00e7ekildi\u011fi k\u00f6\u015fk, izleyicilerin b\u00fcy\u00fck merak konusu oldu. B\u00fcy\u00fckada\u2019da yer alan bu tarihi k\u00f6\u015fk, dizi yay\u0131nland\u0131\u011f\u0131 ilk g\u00fcnden itibaren izleyenleri b\u00fcy\u00fclemeye devam ediyor. Dizinin son b\u00f6l\u00fcm\u00fcyle heyecan doruk noktas\u0131na ula\u015f\u0131rken, k\u00f6\u015fk\u00fcn g\u00f6rkemli g\u00f6r\u00fcnt\u00fcs\u00fc de dikkat \u00e7ekiyor.<\/p>\n<p><img loading=\"lazy\" decoding=\"async\" class=\"alignnone wp-image-114027\" src=\"https:\/\/www.tgrthaber.com\/mavikadin\/wp-content\/uploads\/Ekran-goruntusu-2024-12-29-030946.png\" alt=\"\" width=\"1157\" height=\"750\" title=\"\" srcset=\"https:\/\/www.tgrthaber.com\/mavikadin\/wp-content\/uploads\/Ekran-goruntusu-2024-12-29-030946.png 980w, https:\/\/www.tgrthaber.com\/mavikadin\/wp-content\/uploads\/Ekran-goruntusu-2024-12-29-030946-300x194.png 300w, https:\/\/www.tgrthaber.com\/mavikadin\/wp-content\/uploads\/Ekran-goruntusu-2024-12-29-030946-768x498.png 768w\" sizes=\"(max-width: 1157px) 100vw, 1157px\" \/><\/p>\n<hr \/>\n<p>Dizinin b\u00fcy\u00fck k\u0131sm\u0131 Kartal\u2019daki bir platoda \u00e7ekilse de, d\u0131\u015f sahneler i\u00e7in kullan\u0131lan bu muhte\u015fem k\u00f6\u015fk B\u00fcy\u00fckada\u2019n\u0131n Maden Mahallesi\u2019nde bulunuyor. Adan\u0131n tepe noktalar\u0131ndan birinde yer alan k\u00f6\u015fk, g\u00f6rkemi ve tarihi g\u00f6r\u00fcnt\u00fcs\u00fcyle herkesin ilgisini \u00e7ekiyor.<\/p>\n<p><img loading=\"lazy\" decoding=\"async\" class=\"alignnone wp-image-112694\" src=\"https:\/\/www.tgrthaber.com\/mavikadin\/wp-content\/uploads\/Ekran-goruntusu-2024-12-26-164624.png\" alt=\"\" width=\"1153\" height=\"683\" title=\"\" srcset=\"https:\/\/www.tgrthaber.com\/mavikadin\/wp-content\/uploads\/Ekran-goruntusu-2024-12-26-164624.png 1117w, https:\/\/www.tgrthaber.com\/mavikadin\/wp-content\/uploads\/Ekran-goruntusu-2024-12-26-164624-300x178.png 300w, https:\/\/www.tgrthaber.com\/mavikadin\/wp-content\/uploads\/Ekran-goruntusu-2024-12-26-164624-1024x607.png 1024w, https:\/\/www.tgrthaber.com\/mavikadin\/wp-content\/uploads\/Ekran-goruntusu-2024-12-26-164624-768x455.png 768w\" sizes=\"(max-width: 1153px) 100vw, 1153px\" \/><\/p>\n<h3>\u015eAK\u0130R PA\u015eA A\u0130LES\u0130 D\u0130Z\u0130S\u0130N\u0130N OYUNCULARI SETE D\u00d6ND\u00dc!<\/h3>\n<p>Ge\u00e7ti\u011fimiz haftalarda y\u0131l\u0131n sonlar\u0131na do\u011fru \u00fcst \u00fcste talihsiz olaylarla kar\u015f\u0131 kar\u015f\u0131ya kalan MedYap\u0131m imzal\u0131 ekranlar\u0131n sevilen dizisi \u015eakir Pa\u015fa Ailesi\u2019nin yang\u0131n sonras\u0131 ara verilen \u00e7ekimlerine yeniden ba\u015fland\u0131.<\/p>\n","protected":false},"excerpt":{"rendered":"<p>\u015eakir Pa\u015fa Ailesi: Mucizeler ve Skandallar dizisinin \u00e7ekimlerinin yap\u0131ld\u0131\u011f\u0131 platoda \u00e7\u0131kan yang\u0131n\u0131n ard\u0131ndan izleyiciler, \u201c\u015eakir Pa\u015fa Ailesi yeni b\u00f6l\u00fcm bu ak\u015fam var m\u0131?\u201d sorusuna cevap ar\u0131yor. Y\u0131lba\u015f\u0131 haftas\u0131 dizilerin geneli yay\u0131nlanmazken \u015eakir Pa\u015fa Ailesi yeni b\u00f6l\u00fcm\u00fc de merakla bekleniyor. Peki \u015eakir Pa\u015fa Ailesi yeni b\u00f6l\u00fcm bu ak\u015fam var m\u0131, yeni b\u00f6l\u00fcm ne zaman yay\u0131nlanacak?<\/p>\n","protected":false},"author":4,"featured_media":112689,"comment_status":"closed","ping_status":"closed","sticky":false,"template":"","format":"standard","meta":{"rank_math_lock_modified_date":false,"footnotes":""},"categories":[602],"tags":[2324,6045,6042,2963,6044,136,6043],"class_list":["post-112688","post","type-post","status-publish","format-standard","has-post-thumbnail","hentry","category-diziler","tag-sakir-pasa-ailesi","tag-sakir-pasa-ailesi-bu-hafta-var-mi","tag-sakir-pasa-ailesi-yeni-bolum","tag-sakir-pasa-ailesi-mucizeler-ve-skandallar","tag-yangin","tag-yeni-bolum","tag-yeni-bolum-var-mi"],"_links":{"self":[{"href":"https:\/\/www.tgrthaber.com\/mavikadin\/wp-json\/wp\/v2\/posts\/112688"}],"collection":[{"href":"https:\/\/www.tgrthaber.com\/mavikadin\/wp-json\/wp\/v2\/posts"}],"about":[{"href":"https:\/\/www.tgrthaber.com\/mavikadin\/wp-json\/wp\/v2\/types\/post"}],"author":[{"embeddable":true,"href":"https:\/\/www.tgrthaber.com\/mavikadin\/wp-json\/wp\/v2\/users\/4"}],"replies":[{"embeddable":true,"href":"https:\/\/www.tgrthaber.com\/mavikadin\/wp-json\/wp\/v2\/comments?post=112688"}],"version-history":[{"count":10,"href":"https:\/\/www.tgrthaber.com\/mavikadin\/wp-json\/wp\/v2\/posts\/112688\/revisions"}],"predecessor-version":[{"id":117285,"href":"https:\/\/www.tgrthaber.com\/mavikadin\/wp-json\/wp\/v2\/posts\/112688\/revisions\/117285"}],"wp:featuredmedia":[{"embeddable":true,"href":"https:\/\/www.tgrthaber.com\/mavikadin\/wp-json\/wp\/v2\/media\/112689"}],"wp:attachment":[{"href":"https:\/\/www.tgrthaber.com\/mavikadin\/wp-json\/wp\/v2\/media?parent=112688"}],"wp:term":[{"taxonomy":"category","embeddable":true,"href":"https:\/\/www.tgrthaber.com\/mavikadin\/wp-json\/wp\/v2\/categories?post=112688"},{"taxonomy":"post_tag","embeddable":true,"href":"https:\/\/www.tgrthaber.com\/mavikadin\/wp-json\/wp\/v2\/tags?post=112688"}],"curies":[{"name":"wp","href":"https:\/\/api.w.org\/{rel}","templated":true}]}}