{"id":112724,"date":"2024-12-26T18:47:33","date_gmt":"2024-12-26T15:47:33","guid":{"rendered":"https:\/\/www.tgrthaber.com\/mavikadin\/?p=112724"},"modified":"2024-12-27T00:27:15","modified_gmt":"2024-12-26T21:27:15","slug":"masterchefte-veda-gecesi-26-aralik-2024-kim-elendi-kim-gitti-masterchef-elenen-isim-belli-oldu","status":"publish","type":"post","link":"https:\/\/www.tgrthaber.com\/mavikadin\/masterchefte-veda-gecesi-26-aralik-2024-kim-elendi-kim-gitti-masterchef-elenen-isim-belli-oldu\/","title":{"rendered":"MasterChef&#8217;te veda gecesi! 26 Aral\u0131k 2024 kim elendi, kim gitti? MasterChef elenen isim belli oldu!"},"content":{"rendered":"<p class=\"p1\">MasterChef T\u00fcrkiye\u2019de veda gecesi! 1.2.3. ve 4. ceketlerin sahiplerini buldu\u011fu yar\u0131\u015fmada \u015fimdi g\u00f6zler 5. ceketi kazanan isimde! Bu ak\u015fam Semih ve Onur aras\u0131nda ge\u00e7en m\u00fccadelede bir ki\u015fi MasterChef\u2019e veda ederken di\u011feri 5. ceketi kazan\u0131p, finale bir ad\u0131m daha yakla\u015fm\u0131\u015f olacak. Peki MasterChef T\u00fcrkiye 26 Aral\u0131k 2024 kim elendi, kim gitti? MasterChef 5. ceketi kim kazand\u0131? \u0130\u015fte merak edilen sorular\u0131n cevaplar\u0131\u2026<\/p>\n<h3>MASTERCHEF&#8217;TE VEDA GECES\u0130<\/h3>\n<p class=\"p1\">MasterChef T\u00fcrkiye\u2019de b\u00fcy\u00fck finalin yakla\u015fmas\u0131yla birlikte heyecan doruk noktas\u0131na ula\u015fm\u0131\u015f durumda. Yar\u0131\u015fmac\u0131lar, mutfakta s\u0131n\u0131rlar\u0131n\u0131 zorlayarak yeteneklerini sergilemeye devam ederken, finale kalabilmek i\u00e7in her t\u00fcrl\u00fc \u00e7abay\u0131 harc\u0131yor. \u015eef ceketi i\u00e7in verilen bu k\u0131yas\u0131ya m\u00fccadele, hem j\u00fcri \u00fcyelerinin hem de izleyicilerin dikkatle izledi\u011fi anlar haline gelmi\u015f durumda.<\/p>\n<p><img loading=\"lazy\" decoding=\"async\" class=\"alignnone wp-image-112725 size-full\" src=\"https:\/\/www.tgrthaber.com\/mavikadin\/wp-content\/uploads\/MasterChefte-veda-gecesi-26-Aralik-2024-kim-elendi-kim-gitti-MasterChef-elenen-isim-belli-oldu-.png\" alt=\"\" width=\"1208\" height=\"720\" title=\"\" srcset=\"https:\/\/www.tgrthaber.com\/mavikadin\/wp-content\/uploads\/MasterChefte-veda-gecesi-26-Aralik-2024-kim-elendi-kim-gitti-MasterChef-elenen-isim-belli-oldu-.png 1208w, https:\/\/www.tgrthaber.com\/mavikadin\/wp-content\/uploads\/MasterChefte-veda-gecesi-26-Aralik-2024-kim-elendi-kim-gitti-MasterChef-elenen-isim-belli-oldu--300x179.png 300w, https:\/\/www.tgrthaber.com\/mavikadin\/wp-content\/uploads\/MasterChefte-veda-gecesi-26-Aralik-2024-kim-elendi-kim-gitti-MasterChef-elenen-isim-belli-oldu--1024x610.png 1024w, https:\/\/www.tgrthaber.com\/mavikadin\/wp-content\/uploads\/MasterChefte-veda-gecesi-26-Aralik-2024-kim-elendi-kim-gitti-MasterChef-elenen-isim-belli-oldu--768x458.png 768w\" sizes=\"(max-width: 1208px) 100vw, 1208px\" \/><\/p>\n<p class=\"p1\">Yar\u0131\u015fman\u0131n ilk etab\u0131nda, j\u00fcri taraf\u0131ndan verilen hindi but, karn\u0131bahar ve gojijengle \u00f6zg\u00fcn tabaklar haz\u0131rlamak yar\u0131\u015fmac\u0131lar i\u00e7in b\u00fcy\u00fck bir s\u0131nav oldu. Her biri, kendine has dokunu\u015flarla tabaklar\u0131n\u0131 olu\u015ftururken, be\u011fenilmek ve finale bir ad\u0131m daha yakla\u015fmak i\u00e7in ellerinden gelenin en iyisini yapt\u0131. Ancak as\u0131l heyecan, ikinci etapta ya\u015fand\u0131. 2020 MasterChef \u015fampiyonu Serhat Do\u011framac\u0131\u2019n\u0131n sundu\u011fu \u00f6zel tarifle yar\u0131\u015fma bir ba\u015fka boyut kazand\u0131. \u0130lk d\u00f6rt \u015fef ceketi sahibini bulduktan sonra, g\u00f6zler 5. ceketi almak i\u00e7in yar\u0131\u015fan isimlere \u00e7evrildi. Yar\u0131\u015fmac\u0131lar, bu etab\u0131n sonunda finale bir ad\u0131m daha yakla\u015fmay\u0131 umuyor, b\u00fcy\u00fck \u00f6d\u00fcle do\u011fru bir ad\u0131m atabilmek i\u00e7in her t\u00fcrl\u00fc stratejiyi deniyor. Peki, 26 Aral\u0131k 2024\u2019te MasterChef\u2019e kim veda etti? Kim elendi? Son geli\u015fmelere g\u00f6re, yar\u0131\u015fmac\u0131lar aras\u0131ndaki bu zorlu m\u00fccadelenin kazanan\u0131 kim olacak ve hangi isim b\u00fcy\u00fck finale kat\u0131lma \u015fans\u0131n\u0131 kaybetti? MasterChef<span class=\"Apple-converted-space\">\u00a0 <\/span>T\u00fcrkiye\u2019de 26 Aral\u0131k 2024 elenen isim\u2026<\/p>\n<h3>MASTERCHEF 26 ARALIK 2024 K\u0130M ELEND\u0130, K\u0130M G\u0130TT\u0130?<\/h3>\n<p>MasterChef T\u00fcrkiye&#8217;nin bu ak\u015fam hayallerine veda eden isim Erim oldu.<\/p>\n<h3 class=\"p1\">MASTERCHEF\u2019TE SON 5\u2019E K\u0130MLER KALDI?<\/h3>\n<p class=\"p1\">Kerem<\/p>\n<p class=\"p1\">Beyza<\/p>\n<p class=\"p1\">Semih<\/p>\n<p class=\"p1\">Eda<\/p>\n<p class=\"p1\">Onur<\/p>\n<p><img loading=\"lazy\" decoding=\"async\" class=\"alignnone wp-image-112726 size-full\" src=\"https:\/\/www.tgrthaber.com\/mavikadin\/wp-content\/uploads\/MasterChefte-veda-gecesi-26-Aralik-2024-kim-elendi-kim-gitti-MasterChef-elenen-isim-belli-oldu-3.png\" alt=\"\" width=\"1208\" height=\"720\" title=\"\" srcset=\"https:\/\/www.tgrthaber.com\/mavikadin\/wp-content\/uploads\/MasterChefte-veda-gecesi-26-Aralik-2024-kim-elendi-kim-gitti-MasterChef-elenen-isim-belli-oldu-3.png 1208w, https:\/\/www.tgrthaber.com\/mavikadin\/wp-content\/uploads\/MasterChefte-veda-gecesi-26-Aralik-2024-kim-elendi-kim-gitti-MasterChef-elenen-isim-belli-oldu-3-300x179.png 300w, https:\/\/www.tgrthaber.com\/mavikadin\/wp-content\/uploads\/MasterChefte-veda-gecesi-26-Aralik-2024-kim-elendi-kim-gitti-MasterChef-elenen-isim-belli-oldu-3-1024x610.png 1024w, https:\/\/www.tgrthaber.com\/mavikadin\/wp-content\/uploads\/MasterChefte-veda-gecesi-26-Aralik-2024-kim-elendi-kim-gitti-MasterChef-elenen-isim-belli-oldu-3-768x458.png 768w\" sizes=\"(max-width: 1208px) 100vw, 1208px\" \/><\/p>\n<h3 class=\"p1\">MASTERCHEF 1. CEKET\u0130 K\u0130M KAZANDI?<\/h3>\n<p class=\"p1\">MasterChef T\u00fcrkiye\u2019deki heyecan verici iki etapl\u0131k yar\u0131\u015f\u0131n ard\u0131ndan, Kerem, en y\u00fcksek puan\u0131 alarak ilk \u015fef ceketi \u00f6d\u00fcl\u00fcn\u00fc kazand\u0131. Bu zafer, onun finale ula\u015fma yolunda \u00f6nemli bir ad\u0131m atmas\u0131n\u0131 sa\u011flarken, yar\u0131\u015fmadaki iddias\u0131n\u0131 da daha da g\u00fc\u00e7lendirdi. \u0130lk ceketi kazanarak hem j\u00fcri \u00fcyelerinin hem de izleyicilerin dikkatini yeniden \u00fczerine \u00e7eken Kerem, yar\u0131\u015fmaya olan ba\u011fl\u0131l\u0131\u011f\u0131n\u0131 ve kararl\u0131l\u0131\u011f\u0131n\u0131 bir kez daha sergilemi\u015f oldu.<\/p>\n<h3 class=\"p1\">MASTERCHEF 2. CEKET\u0130 K\u0130M KAZANDI?<\/h3>\n<p class=\"p1\">MasterChef T\u00fcrkiye\u2019de gerilim dolu bir gecede, Onur, rakiplerini geride b\u0131rakarak haz\u0131rlad\u0131\u011f\u0131 en ba\u015far\u0131l\u0131 tabakla j\u00fcri \u00fcyelerinden tam puan almay\u0131 ba\u015fard\u0131. Bu ola\u011fan\u00fcst\u00fc performans\u0131yla 2. \u015fef ceketi \u00f6d\u00fcl\u00fcn\u00fcn sahibi oldu. Onur, bu zaferiyle yar\u0131\u015fmadaki iddias\u0131n\u0131 bir kez daha ortaya koyarak, finale do\u011fru sa\u011flam bir ad\u0131m att\u0131.<\/p>\n<p><img loading=\"lazy\" decoding=\"async\" class=\"alignnone wp-image-112729 size-full\" src=\"https:\/\/www.tgrthaber.com\/mavikadin\/wp-content\/uploads\/MasterChefte-veda-gecesi-26-Aralik-2024-kim-elendi-kim-gitti-MasterChef-elenen-isim-belli-oldu-5.png\" alt=\"\" width=\"1208\" height=\"720\" title=\"\" srcset=\"https:\/\/www.tgrthaber.com\/mavikadin\/wp-content\/uploads\/MasterChefte-veda-gecesi-26-Aralik-2024-kim-elendi-kim-gitti-MasterChef-elenen-isim-belli-oldu-5.png 1208w, https:\/\/www.tgrthaber.com\/mavikadin\/wp-content\/uploads\/MasterChefte-veda-gecesi-26-Aralik-2024-kim-elendi-kim-gitti-MasterChef-elenen-isim-belli-oldu-5-300x179.png 300w, https:\/\/www.tgrthaber.com\/mavikadin\/wp-content\/uploads\/MasterChefte-veda-gecesi-26-Aralik-2024-kim-elendi-kim-gitti-MasterChef-elenen-isim-belli-oldu-5-1024x610.png 1024w, https:\/\/www.tgrthaber.com\/mavikadin\/wp-content\/uploads\/MasterChefte-veda-gecesi-26-Aralik-2024-kim-elendi-kim-gitti-MasterChef-elenen-isim-belli-oldu-5-768x458.png 768w\" sizes=\"(max-width: 1208px) 100vw, 1208px\" \/><\/p>\n<h3 class=\"p1\">MASTERCHEF 3. CEKET\u0130 K\u0130M KAZANDI?<\/h3>\n<p class=\"p1\">MasterChef\u2019te 3. \u015fef ceketi, zarif ve lezzetli tabaklar\u0131yla dikkatleri \u00fczerine \u00e7eken Eda\u2019ya gitti. Eda, j\u00fcri \u00fcyelerinin be\u011fenisini kazanarak \u00fczerindeki ismin yaz\u0131l\u0131 oldu\u011fu ceketi giydi ve finale bir ad\u0131m daha yakla\u015farak yar\u0131\u015fmadaki yerini sa\u011flamla\u015ft\u0131rd\u0131.<\/p>\n<h3 class=\"p1\">MASTERCHEF 4. CEKET\u0130 K\u0130M KAZANDI?<\/h3>\n<p class=\"p1\">MasterChef\u2019te en y\u00fcksek puan\u0131 alarak, j\u00fcrinin be\u011fenisini kazanan ve<span class=\"Apple-converted-space\">\u00a0 <\/span>4. ceketi giyerek finale bir ad\u0131m daha yakla\u015fan isim Beyza oldu.<\/p>\n<h3>MASTERCHEF 5. CEKET\u0130 K\u0130M KAZANDI?<\/h3>\n<p>MasterChef T\u00fcrkiye&#8217;de 5. ceketi kazanan isim Semih oldu.<\/p>\n","protected":false},"excerpt":{"rendered":"<p>MasterChef T\u00fcrkiye\u2019de b\u00fcy\u00fck veda gecesi! 1., 2., 3. ve 4. ceketin sahipleri belirlenirken, g\u00f6zler \u015fimdi 5. ceketi kazanan isimde! Bu ak\u015fam, Semih ve Onur aras\u0131nda ge\u00e7en nefes kesen m\u00fccadelede, bir yar\u0131\u015fmac\u0131 MasterChef\u2019e veda ederken, di\u011feri 5. ceketi kazan\u0131p finale bir ad\u0131m daha yakla\u015facak. Peki MasterChef T\u00fcrkiye\u2019de 26 Aral\u0131k 2024\u2019te kim elendi, kim gitti? \u0130\u015fte cevab\u0131\u2026 <\/p>\n","protected":false},"author":16,"featured_media":112728,"comment_status":"closed","ping_status":"closed","sticky":false,"template":"","format":"standard","meta":{"rank_math_lock_modified_date":false,"footnotes":""},"categories":[101],"tags":[1120,6053,6052],"class_list":["post-112724","post","type-post","status-publish","format-standard","has-post-thumbnail","hentry","category-kesfet","tag-masterchef","tag-masterchef-26-aralik-elenen-isim","tag-masterchef-26-aralik-kim-elendi"],"_links":{"self":[{"href":"https:\/\/www.tgrthaber.com\/mavikadin\/wp-json\/wp\/v2\/posts\/112724"}],"collection":[{"href":"https:\/\/www.tgrthaber.com\/mavikadin\/wp-json\/wp\/v2\/posts"}],"about":[{"href":"https:\/\/www.tgrthaber.com\/mavikadin\/wp-json\/wp\/v2\/types\/post"}],"author":[{"embeddable":true,"href":"https:\/\/www.tgrthaber.com\/mavikadin\/wp-json\/wp\/v2\/users\/16"}],"replies":[{"embeddable":true,"href":"https:\/\/www.tgrthaber.com\/mavikadin\/wp-json\/wp\/v2\/comments?post=112724"}],"version-history":[{"count":3,"href":"https:\/\/www.tgrthaber.com\/mavikadin\/wp-json\/wp\/v2\/posts\/112724\/revisions"}],"predecessor-version":[{"id":112837,"href":"https:\/\/www.tgrthaber.com\/mavikadin\/wp-json\/wp\/v2\/posts\/112724\/revisions\/112837"}],"wp:featuredmedia":[{"embeddable":true,"href":"https:\/\/www.tgrthaber.com\/mavikadin\/wp-json\/wp\/v2\/media\/112728"}],"wp:attachment":[{"href":"https:\/\/www.tgrthaber.com\/mavikadin\/wp-json\/wp\/v2\/media?parent=112724"}],"wp:term":[{"taxonomy":"category","embeddable":true,"href":"https:\/\/www.tgrthaber.com\/mavikadin\/wp-json\/wp\/v2\/categories?post=112724"},{"taxonomy":"post_tag","embeddable":true,"href":"https:\/\/www.tgrthaber.com\/mavikadin\/wp-json\/wp\/v2\/tags?post=112724"}],"curies":[{"name":"wp","href":"https:\/\/api.w.org\/{rel}","templated":true}]}}