{"id":112735,"date":"2024-12-26T19:06:27","date_gmt":"2024-12-26T16:06:27","guid":{"rendered":"https:\/\/www.tgrthaber.com\/mavikadin\/?p=112735"},"modified":"2024-12-26T19:06:27","modified_gmt":"2024-12-26T16:06:27","slug":"esref-ruyanin-komiseri-busra-develi-oldu-cagatay-ulusoy-ve-demet-ozdemirin-yeni-dizisi-esref-ruya-ne-zaman-yayinlanacak","status":"publish","type":"post","link":"https:\/\/www.tgrthaber.com\/mavikadin\/esref-ruyanin-komiseri-busra-develi-oldu-cagatay-ulusoy-ve-demet-ozdemirin-yeni-dizisi-esref-ruya-ne-zaman-yayinlanacak\/","title":{"rendered":"E\u015fref R\u00fcya&#8217;n\u0131n komiseri B\u00fc\u015fra Develi oldu! \u00c7a\u011fatay Ulusoy ve Demet \u00d6zdemir&#8217;in yeni dizisi E\u015fref R\u00fcya ne zaman yay\u0131nlanacak?"},"content":{"rendered":"<p>Kanal D i\u00e7in haz\u0131rlanan ve Tims&amp;B taraf\u0131ndan \u00e7ekilecek olan E\u015fref R\u00fcya dizisi, Ocak ay\u0131 sonunda ba\u015flayacak \u00e7ekimleriyle ekranlara gelmeye haz\u0131rlan\u0131yor. Efsanevi bir a\u015fk hikayesini konu alan dizinin ba\u015frollerinde \u00c7a\u011fatay Ulusoy ve Demet \u00d6zdemir yer al\u0131rken, \u00c7i\u011fdem karakterini canland\u0131racak oyuncu da belli oldu. Ba\u015far\u0131l\u0131 oyuncu B\u00fc\u015fra Develi, komiser \u00c7i\u011fdem rol\u00fcyle E\u015fref R\u00fcya kadrosuna kat\u0131ld\u0131. Peki E\u015fref R\u00fcya konusu ne, oyuncular\u0131 kimler? E\u015fref R\u00fcya yay\u0131n tarihi ne zaman?<\/p>\n<h3>E\u015eREF R\u00dcYA&#8217;NIN KOM\u0130SER \u00c7\u0130\u011eDEM\u0130 B\u00dc\u015eRA DEVEL\u0130 K\u0130MD\u0130R?<\/h3>\n<p>B\u00fc\u015fra Develi, 1993 do\u011fumlu Bayburtlu as\u0131ll\u0131 bir oyuncudur. G\u00f6lc\u00fck&#8217;te do\u011fmu\u015f olan Develi, ilk\u00f6\u011frenimini burada tamamlad\u0131ktan sonra ailesiyle birlikte Antalya&#8217;ya ta\u015f\u0131nm\u0131\u015f ve orta \u00f6\u011frenim ile lise e\u011fitimini Antalya&#8217;da alm\u0131\u015ft\u0131r. Oyunculuk ve tiyatro alan\u0131ndaki ilgisi nedeniyle \u0130stanbul&#8217;a ta\u015f\u0131narak, Mimar Sinan G\u00fczel Sanatlar \u00dcniversitesi Tiyatro B\u00f6l\u00fcm\u00fc&#8217;nde e\u011fitim alm\u0131\u015f, burada \u00fcniversite ve yetenek s\u0131navlar\u0131ndan ba\u015far\u0131yla ge\u00e7mi\u015f ve oyunculuk kariyerine sa\u011flam bir ad\u0131m atm\u0131\u015ft\u0131r.<\/p>\n<p><img loading=\"lazy\" decoding=\"async\" class=\"alignnone  wp-image-112746\" src=\"https:\/\/www.tgrthaber.com\/mavikadin\/wp-content\/uploads\/Ekran-goruntusu-2024-12-26-190355.png\" alt=\"\" width=\"747\" height=\"985\" title=\"\" srcset=\"https:\/\/www.tgrthaber.com\/mavikadin\/wp-content\/uploads\/Ekran-goruntusu-2024-12-26-190355.png 537w, https:\/\/www.tgrthaber.com\/mavikadin\/wp-content\/uploads\/Ekran-goruntusu-2024-12-26-190355-228x300.png 228w\" sizes=\"(max-width: 747px) 100vw, 747px\" \/><\/p>\n<p>B\u00fc\u015fra Develi, oyunculuk kariyerine m\u00fczik kliplerinde yer alarak ba\u015flam\u0131\u015ft\u0131r. Enbe Orkestras\u0131 ve \u0130lyas Yal\u00e7\u0131nta\u015f&#8217;\u0131n &#8220;\u0130ncir&#8221; \u015fark\u0131s\u0131n\u0131n klibinde rol alm\u0131\u015f ve bu deneyimiyle dikkat \u00e7ekmi\u015ftir. Ard\u0131ndan 2015 y\u0131l\u0131nda, Amerika yap\u0131m\u0131 &#8220;Pretty Little Liars&#8221; dizisinin T\u00fcrk uyarlamas\u0131 olan Tatl\u0131 K\u00fc\u00e7\u00fck Yalanc\u0131lar dizisinde Selin karakterini canland\u0131rarak ekranlarda yer almaya ba\u015flam\u0131\u015ft\u0131r. Ayn\u0131 d\u00f6nemde Tatl\u0131 \u0130ntikam dizisinde de R\u00fczgar karakterine hayat vermi\u015ftir.<\/p>\n<h3>E\u015eREF R\u00dcYA KONUSU<\/h3>\n<p>Dizinin senaryosu, Ethem \u00d6z\u0131\u015f\u0131k taraf\u0131ndan yaz\u0131l\u0131rken, y\u00f6netmen koltu\u011funda Ulu\u00e7 Bayraktar oturuyor. E\u015fref R\u00fcya, hayat\u0131n\u0131, \u00e7ocukluk y\u0131llar\u0131nda g\u00f6rd\u00fc\u011f\u00fc ve ad\u0131na &#8216;R\u00fcya&#8217; koydu\u011fu kad\u0131na adayan E\u015fref&#8217;in hikayesini anlat\u0131yor. E\u015fref, yeralt\u0131 d\u00fcnyas\u0131nda kudretli bir su\u00e7 \u00f6rg\u00fct\u00fc lideridir. G\u00fcc\u00fc, paras\u0131 ve adamlar\u0131yla istedi\u011fi her \u015feye sahipken, tek bir kad\u0131na a\u015f\u0131k olmu\u015ftur: &#8216;R\u00fcya&#8217;. Ancak bu kad\u0131n\u0131n kim oldu\u011funu bilemiyor, y\u0131llar boyunca onu aramaktan hi\u00e7 vazge\u00e7miyor.<\/p>\n<p>E\u015fref\u2019in hayat\u0131, y\u0131llar sonra Nisan ad\u0131nda bir kad\u0131nla kesi\u015fir. Nisan, E\u015fref\u2019in hayat\u0131na girmeye ba\u015flar ve E\u015fref, R\u00fcya\u2019dan sonra birini sevmeye ba\u015flar. Ancak Nisan, gizemli bir \u015fekilde \u00c7i\u011fdem ad\u0131nda bir polise muhbirlik yapmaktad\u0131r. \u00c7i\u011fdem, E\u015fref\u2019in pe\u015finde olan bir komiser olup, E\u015fref ve Nisan\u2019\u0131n ili\u015fkisinin sonunu haz\u0131rlayan \u00f6nemli bir karakterdir.<\/p>\n<p><img loading=\"lazy\" decoding=\"async\" class=\"alignnone  wp-image-112748\" src=\"https:\/\/www.tgrthaber.com\/mavikadin\/wp-content\/uploads\/Ekran-goruntusu-2024-12-26-190451.png\" alt=\"\" width=\"732\" height=\"395\" title=\"\" srcset=\"https:\/\/www.tgrthaber.com\/mavikadin\/wp-content\/uploads\/Ekran-goruntusu-2024-12-26-190451.png 862w, https:\/\/www.tgrthaber.com\/mavikadin\/wp-content\/uploads\/Ekran-goruntusu-2024-12-26-190451-300x162.png 300w, https:\/\/www.tgrthaber.com\/mavikadin\/wp-content\/uploads\/Ekran-goruntusu-2024-12-26-190451-768x414.png 768w\" sizes=\"(max-width: 732px) 100vw, 732px\" \/><\/p>\n<h3>E\u015eREF R\u00dcYA OYUNCULARI<\/h3>\n<p>B\u00fc\u015fra Develi&#8217;nin \u00c7i\u011fdem rol\u00fcn\u00fc \u00fcstlenece\u011fi E\u015fref R\u00fcya dizisinin di\u011fer ba\u015frol oyuncular\u0131 da dikkat \u00e7ekiyor. \u00c7a\u011fatay Ulusoy, E\u015fref karakterine hayat verirken, Demet \u00d6zdemir ise E\u015fref\u2019in hayalindeki kad\u0131n\u0131, m\u00fczisyen Nisan\u2019\u0131 canland\u0131racak. Ayr\u0131ca Necip Memili ve Ahmet R\u0131fat \u015eungar gibi ba\u015far\u0131l\u0131 oyuncular da dizinin kadrosunda yer alacak.<\/p>\n<p><img loading=\"lazy\" decoding=\"async\" class=\"alignnone  wp-image-112750\" src=\"https:\/\/www.tgrthaber.com\/mavikadin\/wp-content\/uploads\/kapak_193850.jpg\" alt=\"\" width=\"736\" height=\"446\" title=\"\" srcset=\"https:\/\/www.tgrthaber.com\/mavikadin\/wp-content\/uploads\/kapak_193850.jpg 558w, https:\/\/www.tgrthaber.com\/mavikadin\/wp-content\/uploads\/kapak_193850-300x182.jpg 300w\" sizes=\"(max-width: 736px) 100vw, 736px\" \/><\/p>\n<h3>E\u015eREF R\u00dcYA NE ZAMAN YAYINLANACAK?<\/h3>\n<p>E\u015fref R\u00fcya dizisinin \u00e7ekimlerinin Ocak sonunda ba\u015flamas\u0131 planlan\u0131rken, dizinin yay\u0131na girmesi i\u00e7in heyecanla bekleniyor. Efsanevi a\u015fk ve su\u00e7 temalar\u0131n\u0131 harmanlayan dizi, izleyicileri ekran ba\u015f\u0131na kilitlemeye aday.<\/p>\n","protected":false},"excerpt":{"rendered":"<p>E\u015fref R\u00fcya dizisinde B\u00fc\u015fra Develi, komiser \u00c7i\u011fdem rol\u00fcyle izleyicilerin kar\u015f\u0131s\u0131na \u00e7\u0131kacak. \u00c7a\u011fatay Ulusoy ve Demet \u00d6zdemir&#8217;in ba\u015frollerini payla\u015ft\u0131\u011f\u0131 E\u015fref R\u00fcya konusu, oyuncu kadrosu merak ediliyor. E\u015fref R\u00fcya ne zaman yay\u0131nlanacak?<\/p>\n","protected":false},"author":4,"featured_media":112739,"comment_status":"closed","ping_status":"closed","sticky":false,"template":"","format":"standard","meta":{"rank_math_lock_modified_date":false,"footnotes":""},"categories":[602],"tags":[6060,2765,2570,4755],"class_list":["post-112735","post","type-post","status-publish","format-standard","has-post-thumbnail","hentry","category-diziler","tag-busra-develi","tag-cagatay-ulusoy","tag-demet-ozdemir","tag-esref-ruya"],"_links":{"self":[{"href":"https:\/\/www.tgrthaber.com\/mavikadin\/wp-json\/wp\/v2\/posts\/112735"}],"collection":[{"href":"https:\/\/www.tgrthaber.com\/mavikadin\/wp-json\/wp\/v2\/posts"}],"about":[{"href":"https:\/\/www.tgrthaber.com\/mavikadin\/wp-json\/wp\/v2\/types\/post"}],"author":[{"embeddable":true,"href":"https:\/\/www.tgrthaber.com\/mavikadin\/wp-json\/wp\/v2\/users\/4"}],"replies":[{"embeddable":true,"href":"https:\/\/www.tgrthaber.com\/mavikadin\/wp-json\/wp\/v2\/comments?post=112735"}],"version-history":[{"count":1,"href":"https:\/\/www.tgrthaber.com\/mavikadin\/wp-json\/wp\/v2\/posts\/112735\/revisions"}],"predecessor-version":[{"id":112752,"href":"https:\/\/www.tgrthaber.com\/mavikadin\/wp-json\/wp\/v2\/posts\/112735\/revisions\/112752"}],"wp:featuredmedia":[{"embeddable":true,"href":"https:\/\/www.tgrthaber.com\/mavikadin\/wp-json\/wp\/v2\/media\/112739"}],"wp:attachment":[{"href":"https:\/\/www.tgrthaber.com\/mavikadin\/wp-json\/wp\/v2\/media?parent=112735"}],"wp:term":[{"taxonomy":"category","embeddable":true,"href":"https:\/\/www.tgrthaber.com\/mavikadin\/wp-json\/wp\/v2\/categories?post=112735"},{"taxonomy":"post_tag","embeddable":true,"href":"https:\/\/www.tgrthaber.com\/mavikadin\/wp-json\/wp\/v2\/tags?post=112735"}],"curies":[{"name":"wp","href":"https:\/\/api.w.org\/{rel}","templated":true}]}}