{"id":112793,"date":"2024-12-26T23:26:51","date_gmt":"2024-12-26T20:26:51","guid":{"rendered":"https:\/\/www.tgrthaber.com\/mavikadin\/?p=112793"},"modified":"2024-12-27T00:11:33","modified_gmt":"2024-12-26T21:11:33","slug":"ilber-ortayli-aras-bulut-iynemli-ile-fotografini-paylasti-sosyal-medyadan-begeni-yagdi","status":"publish","type":"post","link":"https:\/\/www.tgrthaber.com\/mavikadin\/ilber-ortayli-aras-bulut-iynemli-ile-fotografini-paylasti-sosyal-medyadan-begeni-yagdi\/","title":{"rendered":"\u0130lber Ortayl\u0131 Aras Bulut \u0130ynemli ile foto\u011fraf\u0131n\u0131 payla\u015ft\u0131! Sosyal medyadan be\u011feni ya\u011fd\u0131"},"content":{"rendered":"<p class=\"p2\">\u00dcnl\u00fc tarih\u00e7i \u0130lber Ortayl\u0131, sosyal medyada gen\u00e7 oyuncu Aras Bulut \u0130ynemli ile birlikte \u00e7ekilmi\u015f bir foto\u011fraf\u0131n\u0131 payla\u015ft\u0131. E\u011flenceli bir an\u0131 \u00f6l\u00fcms\u00fczle\u015ftiren bu kare, sosyal medyada b\u00fcy\u00fck be\u011feni toplad\u0131. Ortayl\u0131&#8217;n\u0131n bu samimi an\u0131 payla\u015fmas\u0131yla birlikte, foto\u011fraf k\u0131sa s\u00fcre i\u00e7erisinde sosyal medyada g\u00fcndem oldu. Aras Bulut \u0130ynemli&#8217;nin enerjik tav\u0131rlar\u0131 ve \u0130lber Ortayl\u0131&#8217;n\u0131n s\u0131cak g\u00fcl\u00fcmsemesi, foto\u011frafta ne\u015feli bir atmosfer olu\u015fturdu.<\/p>\n<h3>\u0130LBER ORTAYLI&#8217;NIN ARAS BULUT \u0130YNEML\u0130 PAYLA\u015eIMINA BE\u011eEN\u0130 YA\u011eDI<\/h3>\n<p class=\"p1\">\u00dcnl\u00fc<span class=\"Apple-converted-space\">\u00a0 <\/span>oyuncu Aras Bulut \u0130ynemli bir s\u00fcre \u00f6nce vizyona giren Atat\u00fcrk filmi i\u00e7in \u00fcnl\u00fc tarih\u00e7i \u0130lber Ortayl\u0131 ile Youtube\u2019de bir s\u00f6yle\u015fi yapm\u0131\u015ft\u0131. \u2018\u2019Atat\u00fcrk\u2019\u2019 filminin ba\u015frol oyuncusu Aras Bulut \u0130ynemli ve y\u00f6netmeni Mehmet Ada \u00d6ztekin\u2019in bir araya gelip, \u2018\u2019Atat\u00fcrk\u2019\u2019 hakk\u0131nda merak edilenleri, \u0130lber Ortayl\u0131\u2019ya sorduklar\u0131 program sosyal medyada \u00e7ok konu\u015fulmu\u015f, be\u011feni ya\u011fmuruna tutulmu\u015ftu. Program\u0131n en dikkat \u00e7eken noktalar\u0131ndan biri ise \u0130lber Ortayl\u0131&#8217;n\u0131n &#8216;Aat\u00fcrk&#8217;\u00fcn boyu i\u00e7in 1.62 cm oldu\u011funu iddia etmesiydi. \u00c7\u00fcnk\u00fc Milli Savunma Bakanl\u0131\u011f\u0131n\u0131n resmi kay\u0131tlar\u0131nda ise Atat\u00fcrk&#8217;\u00fcn boyu 174 cm olarak g\u00f6r\u00fcl\u00fcyor. \u00dcnl\u00fc tarih\u00e7i konuyla ilgili \u015fu a\u00e7\u0131klamalarda bulunmu\u015ftu:<\/p>\n<p class=\"p2\">\u201cNurettin T\u00fcrsan Pa\u015fa rahmetli o \u00e7ok incelerdi. Atat\u00fcrk\u2019\u00fc 1.62 olarak verdi\u2026 O do\u011fru\u2026 Tabii duru\u015flar\u0131n\u0131 ayarl\u0131yor devaml\u0131 falan ama v\u00fccut \u00e7ok dinamik\u2026 Yani sizin resimlerde g\u00f6rd\u00fc\u011f\u00fcn\u00fcz gibi de\u011fil, dinamik\u2026 Mesela kalk\u0131yor. Dans ediyor baloda dans ediyor, dans ediyor derken hareketli danslar\u2026. Onlar ve bilgili ve \u00f6l\u00e7\u00fcl\u00fc danslar\u2026 Bug\u00fcn herkes dans ediyor tepiniyorlar, hi\u00e7bir \u015fekilde hi\u00e7bir ritim kabiliyeti olmayanlar bile giriyor i\u015fe Halbuki o zaman \u00f6yle biri dans edemez ritim duygusu olmas\u0131 laz\u0131m\u2026\u201d s\u00f6zleriyle Nurettin T\u00fcrsan Pa\u015fa&#8217;y\u0131 kaynak g\u00f6stererek Atat\u00fcrk&#8217;\u00fcn boyunun 162 cm oldu\u011funu a\u00e7\u0131klad\u0131<\/p>\n<h3>\u0130LBER ORTAYLI VE ARAS BULUT \u0130YNEML\u0130 YEN\u0130DEN B\u0130R ARAYA GELD\u0130<\/h3>\n<p class=\"p1\">\u0130lber Ortayl\u0131 ve Aras Bulut \u0130ynemli program sonras\u0131 tekrar bir araya geldi. Sosyal medyadan payla\u015f\u0131m yapan \u0130lber Ortayl\u0131\u2019n\u0131n Aras Bulut \u0130ynemli ile olan foto\u011fraf\u0131na be\u011feni ve yorum ya\u011fd\u0131.<\/p>\n<p><img loading=\"lazy\" decoding=\"async\" class=\"alignnone wp-image-112801 size-full\" src=\"https:\/\/www.tgrthaber.com\/mavikadin\/wp-content\/uploads\/Ilber-Ortayli-Aras-Bulut-Iynemli-ile-fotografini-paylasti-Sosyal-medyadan-begeni-yagdi-.png\" alt=\"\" width=\"1208\" height=\"720\" title=\"\" srcset=\"https:\/\/www.tgrthaber.com\/mavikadin\/wp-content\/uploads\/Ilber-Ortayli-Aras-Bulut-Iynemli-ile-fotografini-paylasti-Sosyal-medyadan-begeni-yagdi-.png 1208w, https:\/\/www.tgrthaber.com\/mavikadin\/wp-content\/uploads\/Ilber-Ortayli-Aras-Bulut-Iynemli-ile-fotografini-paylasti-Sosyal-medyadan-begeni-yagdi--300x179.png 300w, https:\/\/www.tgrthaber.com\/mavikadin\/wp-content\/uploads\/Ilber-Ortayli-Aras-Bulut-Iynemli-ile-fotografini-paylasti-Sosyal-medyadan-begeni-yagdi--1024x610.png 1024w, https:\/\/www.tgrthaber.com\/mavikadin\/wp-content\/uploads\/Ilber-Ortayli-Aras-Bulut-Iynemli-ile-fotografini-paylasti-Sosyal-medyadan-begeni-yagdi--768x458.png 768w\" sizes=\"(max-width: 1208px) 100vw, 1208px\" \/><\/p>\n<h3>BE\u011eEN\u0130 VE YORUM YA\u011eDI<\/h3>\n<p>Sosyal medyay\u0131 aktif kullanan isimlerden biri olan \u0130lber Ortayl\u0131 son payla\u015f\u0131m\u0131 ile g\u00fcndem oldu. \u0130lber Ortayl\u0131 Aras Bulut \u0130ynemli ile olan foto\u011fraf\u0131n\u0131 payla\u015ft\u0131. \u0130kilinin payla\u015f\u0131m\u0131 k\u0131sa s\u00fcre i\u00e7erisinde be\u011feni ve yorum ya\u011fmuruna tutuldu. Sosyal medya kulan\u0131c\u0131lar\u0131 &#8221;baba o\u011ful gibiler&#8221;, &#8221;\u00c7ok \u015fansl\u0131s\u0131n Aras&#8221; , &#8221;Harika g\u00f6r\u00fcn\u00fcyorsunuz&#8221; gibi yorumlar yaparak ikilinin payla\u015f\u0131m\u0131na yorum ya\u011fd\u0131rd\u0131.<\/p>\n<p>&nbsp;<\/p>\n","protected":false},"excerpt":{"rendered":"<p>\u00dcnl\u00fc tarih\u00e7i \u0130lber Ortayl\u0131 ve Aras Bulut \u0130ynemli bir araya geldi. Sosyal medyay\u0131 aktif kullanan isimlerden biri olan \u0130lber Ortayl\u0131, \u00fcnl\u00fc oyuncuyla \u00e7ekilmi\u015f bir karesinin sosyal medya hesab\u0131ndan payla\u015ft\u0131. Ortayl\u0131&#8217;n\u0131n payla\u015f\u0131m\u0131na k\u0131sa s\u00fcre i\u00e7erisinde be\u011feni ve yorum ya\u011fd\u0131. <\/p>\n","protected":false},"author":16,"featured_media":112807,"comment_status":"closed","ping_status":"closed","sticky":false,"template":"","format":"standard","meta":{"rank_math_lock_modified_date":false,"footnotes":""},"categories":[76],"tags":[6075,6074],"class_list":["post-112793","post","type-post","status-publish","format-standard","has-post-thumbnail","hentry","category-magazin","tag-ilber-ortayli-aras-bulut-iynemli","tag-ilber-ortayli-aras-bulut-iynemli-fotograf"],"_links":{"self":[{"href":"https:\/\/www.tgrthaber.com\/mavikadin\/wp-json\/wp\/v2\/posts\/112793"}],"collection":[{"href":"https:\/\/www.tgrthaber.com\/mavikadin\/wp-json\/wp\/v2\/posts"}],"about":[{"href":"https:\/\/www.tgrthaber.com\/mavikadin\/wp-json\/wp\/v2\/types\/post"}],"author":[{"embeddable":true,"href":"https:\/\/www.tgrthaber.com\/mavikadin\/wp-json\/wp\/v2\/users\/16"}],"replies":[{"embeddable":true,"href":"https:\/\/www.tgrthaber.com\/mavikadin\/wp-json\/wp\/v2\/comments?post=112793"}],"version-history":[{"count":3,"href":"https:\/\/www.tgrthaber.com\/mavikadin\/wp-json\/wp\/v2\/posts\/112793\/revisions"}],"predecessor-version":[{"id":112832,"href":"https:\/\/www.tgrthaber.com\/mavikadin\/wp-json\/wp\/v2\/posts\/112793\/revisions\/112832"}],"wp:featuredmedia":[{"embeddable":true,"href":"https:\/\/www.tgrthaber.com\/mavikadin\/wp-json\/wp\/v2\/media\/112807"}],"wp:attachment":[{"href":"https:\/\/www.tgrthaber.com\/mavikadin\/wp-json\/wp\/v2\/media?parent=112793"}],"wp:term":[{"taxonomy":"category","embeddable":true,"href":"https:\/\/www.tgrthaber.com\/mavikadin\/wp-json\/wp\/v2\/categories?post=112793"},{"taxonomy":"post_tag","embeddable":true,"href":"https:\/\/www.tgrthaber.com\/mavikadin\/wp-json\/wp\/v2\/tags?post=112793"}],"curies":[{"name":"wp","href":"https:\/\/api.w.org\/{rel}","templated":true}]}}